{"id":37025,"date":"2023-07-14T09:58:51","date_gmt":"2023-07-14T12:58:51","guid":{"rendered":"http:\/\/dsrmedios.com.ar\/diario\/?p=37025"},"modified":"2023-07-14T09:58:55","modified_gmt":"2023-07-14T12:58:55","slug":"cuanto-aumentaran-las-jubilaciones-las-becas-progresar-y-el-plan-potenciar-trabajo-por-la-suba-del-salario-minimo","status":"publish","type":"post","link":"http:\/\/dsrmedios.com.ar\/diario\/archivos\/37025","title":{"rendered":"Cu\u00e1nto aumentar\u00e1n las jubilaciones, las becas Progresar y el plan Potenciar Trabajo por la suba del salario m\u00ednimo"},"content":{"rendered":"\n<p>La&nbsp;<a rel=\"noreferrer noopener\" href=\"https:\/\/www.infobae.com\/economia\/2023\/07\/13\/el-salario-minimo-aumento-en-julio-a-105500-y-llegara-a-118000-en-septiembre\/\" target=\"_blank\">suba del salario m\u00ednimo&nbsp;<\/a>acordada este jueves entre empresarios, gremios y el Gobierno nacional implicar\u00e1 un&nbsp;<strong>incremento de 34%<\/strong>&nbsp;en tres tramos para el m\u00ednimo de ingresos, pero tendr\u00e1 un especial impacto en algunas<strong>&nbsp;prestaciones sociales<\/strong>&nbsp;y programas que paga el Estado nacional.<\/p>\n\n\n\n<p>Eso sucede porque el salario m\u00ednimo es la variable que se toma en consideraci\u00f3n para el c\u00e1lculo de subas para algunos criterios de elegibilidad para programas como las<strong>&nbsp;becas Progresar<\/strong>, mientras que tiene incidencia directa como en el&nbsp;<strong>Potenciar Trabajo<\/strong>.<\/p>\n\n\n\n<p>\u201cEste salario impacta fundamentalmente sobre los&nbsp;<strong>programas sociales<\/strong>&nbsp;que complementan el ingreso de los trabajadores informales y<strong>&nbsp;no debe confundirse con los m\u00ednimos de convenio<\/strong>&nbsp;que se negocian en las paritarias por sector y que a junio 2023 oscilan entre&nbsp;<strong>$140.000 y $400.000<\/strong>\u2033, mencion\u00f3 al respecto el Ministerio de Trabajo en un comunicado tras la aprobaci\u00f3n de la suba del piso salaria.<\/p>\n\n\n\n<p>El Consejo del Salario m\u00ednimo convoca t\u00edpicamente a 32 miembros \u201316 por la parte trabajadora y 16 por la empleadora\u2013, quienes acordaron volver a reunirse en septiembre para negociar otro incremento. Entre ellos, participaron&nbsp;<strong>H\u00e9ctor Daer, Pablo Moyano, Carlos Acu\u00f1a, Andr\u00e9s Rodr\u00edguez, Gerardo Mart\u00ednez, Jos\u00e9 Luis Lingieri, Hugo Yasky y Hugo Godoy<\/strong>, entre otros, entre los representantes sindicales.<\/p>\n\n\n\n<p><img decoding=\"async\" loading=\"lazy\" alt=\"Empresarios y gremios acordaron este jueves aumentar 34% en tres meses el salario m\u00ednimo\" height=\"1280\" width=\"1920\" class=\"\" src=\"https:\/\/www.infobae.com\/new-resizer\/wbdvMR7JDYiXd6jGge5rN_fjuJw=\/filters:format(webp):quality(85)\/cloudfront-us-east-1.images.arcpublishing.com\/infobae\/AP36QVLHANHBTIVUSKXU5BMINE.jpg\" srcset=\"https:\/\/www.infobae.com\/new-resizer\/a39QUjrpb_tiMrsPinAzNdIIOPQ=\/420x280\/filters:format(webp):quality(85)\/cloudfront-us-east-1.images.arcpublishing.com\/infobae\/AP36QVLHANHBTIVUSKXU5BMINE.jpg 420w,https:\/\/www.infobae.com\/new-resizer\/OiMUHSYxaZtWeloqU8FwCUVBqTc=\/768x512\/filters:format(webp):quality(85)\/cloudfront-us-east-1.images.arcpublishing.com\/infobae\/AP36QVLHANHBTIVUSKXU5BMINE.jpg 768w,https:\/\/www.infobae.com\/new-resizer\/SPhyd_YuSVMlMVMXH2uYpzIMjCI=\/992x661\/filters:format(webp):quality(85)\/cloudfront-us-east-1.images.arcpublishing.com\/infobae\/AP36QVLHANHBTIVUSKXU5BMINE.jpg 992w,https:\/\/www.infobae.com\/new-resizer\/wTvx0TLteYmcfoq8GlSL0SU3_1o=\/1200x800\/filters:format(webp):quality(85)\/cloudfront-us-east-1.images.arcpublishing.com\/infobae\/AP36QVLHANHBTIVUSKXU5BMINE.jpg 1200w,https:\/\/www.infobae.com\/new-resizer\/1ou5PvZY46R1tsTJsilEGgBFxXM=\/1440x960\/filters:format(webp):quality(85)\/cloudfront-us-east-1.images.arcpublishing.com\/infobae\/AP36QVLHANHBTIVUSKXU5BMINE.jpg 1440w\">Empresarios y gremios acordaron este jueves aumentar 34% en tres meses el salario m\u00ednimo<\/p>\n\n\n\n<p>Por el sector empresario asistieron&nbsp;<strong>Daniel Funes de Rioja, Ricardo Diab<\/strong>, de la Confederaci\u00f3n Argentina de la Mediana Empresa (CAME),&nbsp;<strong>Pablo Devoto<\/strong>, de la C\u00e1mara Argentina de Comercios y Servicios (CAC), y&nbsp;<strong>Jorge Hulton<\/strong>, de la de la C\u00e1mara Argentina de la Construcci\u00f3n (Camarco);<strong>&nbsp;Javier Bolzico,<\/strong>&nbsp;por la Asociaci\u00f3n de Bancos Privados de Capital Argentino (Adeba) y<strong>&nbsp;Adelmo Gabbi<\/strong>, por la Bolsa de Comercio, entre otros.<\/p>\n\n\n\n<p>Los tres aumentos har\u00e1n subir al salario m\u00ednimo hasta&nbsp;<strong>$105.500,<\/strong>&nbsp;en agosto quedar\u00eda en<strong>&nbsp;$112.500<\/strong>&nbsp;y en septiembre, en&nbsp;<strong>$118.000<\/strong>, tras lo cual habr\u00e1 en esa instancia una nueva discusi\u00f3n. Actualmente el salario m\u00ednimo es de&nbsp;<strong>87.987 pesos<\/strong>. As\u00ed, el incremento tomando como base al mes de junio ser\u00e1 de<strong>&nbsp;34% hasta septiembre<\/strong>.<\/p>\n\n\n\n<h2>Salario m\u00ednimo: c\u00f3mo quedar\u00e1n los programas sociales<\/h2>\n\n\n\n<p><strong>-Potenciar Trabajo:<\/strong>&nbsp;Para el caso de este programa, que depende del Ministerio de Desarrollo Social, sus montos se actualizan con los mismos porcentajes que el salario m\u00ednimo. El programa implica una carga horaria de media jornada (cuatro horas) en trabajos de distintos rubros, y recibe un monto igual al 50% del salario m\u00ednimo. Actualmente, Potenciar Trabajo otorga&nbsp;<strong>43.993<\/strong>&nbsp;pesos.<\/p>\n\n\n\n<p>Tras la primera actualizaci\u00f3n de julio en el piso de remuneraciones formales, el monto a percibir por los beneficiarios pasar\u00eda a poco menos de&nbsp;<strong>$52.750<\/strong>&nbsp;y continuar\u00e1 ajust\u00e1ndose con los sucesivos aumentos. En agosto, entonces, el monto ser\u00e1 de<strong>&nbsp;$56.250<\/strong>, mientras que hacia septiembre la suma a cobrar ascender\u00eda a&nbsp;<strong>$59.000<\/strong>.<\/p>\n\n\n\n<p><strong>-Jubilaciones:<\/strong>&nbsp;un cambio en el salario m\u00ednimo tambi\u00e9n impacta en parte del&nbsp;<strong>sistema previsional<\/strong>. Es el caso de las jubilaciones de personas que completen los 30 a\u00f1os de aportes: sus haberes deber\u00e1n ser como m\u00ednimo equivalentes al<strong>&nbsp;82% del salario m\u00ednimo<\/strong>, vital y m\u00f3vil.<\/p>\n\n\n\n<p><img decoding=\"async\" loading=\"lazy\" alt=\"La suba del salario m\u00ednimo tendr\u00e1 un impacto en prestaciones sociales y programas que paga el Estado nacional\" height=\"1080\" width=\"1920\" class=\"\" src=\"https:\/\/www.infobae.com\/new-resizer\/KwOG32GZMAbsyRFm7JEF-1xmSDk=\/filters:format(webp):quality(85)\/cloudfront-us-east-1.images.arcpublishing.com\/infobae\/G7SNZXGPGZFIBPW7Q2IC4VSYNY.jpg\" srcset=\"https:\/\/www.infobae.com\/new-resizer\/o5g3C9ukQcddhkLYViUiWVilRUo=\/420x236\/filters:format(webp):quality(85)\/cloudfront-us-east-1.images.arcpublishing.com\/infobae\/G7SNZXGPGZFIBPW7Q2IC4VSYNY.jpg 420w,https:\/\/www.infobae.com\/new-resizer\/QiJbexfGSVfnmbZMhlCi-GITw-U=\/768x432\/filters:format(webp):quality(85)\/cloudfront-us-east-1.images.arcpublishing.com\/infobae\/G7SNZXGPGZFIBPW7Q2IC4VSYNY.jpg 768w,https:\/\/www.infobae.com\/new-resizer\/v_RV_v5pJfdFjKT4Tna1G8PNkxk=\/992x558\/filters:format(webp):quality(85)\/cloudfront-us-east-1.images.arcpublishing.com\/infobae\/G7SNZXGPGZFIBPW7Q2IC4VSYNY.jpg 992w,https:\/\/www.infobae.com\/new-resizer\/521O8beo2O7YH3ji9BToaW6gDdo=\/1200x675\/filters:format(webp):quality(85)\/cloudfront-us-east-1.images.arcpublishing.com\/infobae\/G7SNZXGPGZFIBPW7Q2IC4VSYNY.jpg 1200w,https:\/\/www.infobae.com\/new-resizer\/lStDk827j6nOwWlW5lDvx30gB80=\/1440x810\/filters:format(webp):quality(85)\/cloudfront-us-east-1.images.arcpublishing.com\/infobae\/G7SNZXGPGZFIBPW7Q2IC4VSYNY.jpg 1440w\">La suba del salario m\u00ednimo tendr\u00e1 un impacto en prestaciones sociales y programas que paga el Estado nacional<\/p>\n\n\n\n<p>El cronograma de aumentos por tramos indica que hacia septiembre, cuando tiene lugar el \u00faltimo ajuste que completa el 34% total, el piso de haberes para quienes cuentan con los 30 a\u00f1os de aportes deber\u00eda ser de, por lo menos,&nbsp;<strong>$96.760<\/strong>.<\/p>\n\n\n\n<p><strong>-Becas Progresar:<\/strong>&nbsp;en este caso el impacto es&nbsp;<strong>indirecto<\/strong>. Para esta ayuda salarial dirigida a estudiantes universitarios, el salario m\u00ednimo vital y m\u00f3vil funciona como tope para la entrega de la beca de estudio. El beneficiario, menor de 24 a\u00f1os, lo cobra si su familia gana menos de tres salarios m\u00ednimos.<\/p>\n\n\n\n<p>En adelante ese tope se mueve en relaci\u00f3n a los incrementos mensuales que tendr\u00e1 el SMVM entre hasta septiembre, durante los tramos firmados. Comenzar\u00e1 entonces con un tope entonces de&nbsp;<strong>$316.500&nbsp;<\/strong>en julioaproximadamente y cuando finalice la vigencia de este acuerdo rubricado entre gremios y empresarios el l\u00edmite de ingreso familiar para ingresar ser\u00eda de<strong>&nbsp;$354.000&nbsp;<\/strong>en marzo.<\/p>\n\n\n\n<p><strong>-Seguro de desempleo:<\/strong>\u00a0La prestaci\u00f3n que otorga Anses por desocupaci\u00f3n replica el mismo ritmo de suba que se acuerde para el piso de remuneraciones. De esta manera, el rango que se paga actualmente, de entre\u00a0<strong>$19.305<\/strong>\u00a0y su valor m\u00e1ximo de<strong>\u00a0$32.175<\/strong>, pasar\u00e1 en septiembre pr\u00f3ximo a ser de<strong>\u00a0$25.900<\/strong>\u00a0y\u00a0<strong>43.115\u00a0<\/strong>pesos con el 34% rubricado este jueves.<\/p>\n\n\n\n<p>Fuente: Infobae<\/p>\n","protected":false},"excerpt":{"rendered":"<div class=\"mh-excerpt\"><p>La&nbsp;suba del salario m\u00ednimo&nbsp;acordada este jueves entre empresarios, gremios y el Gobierno nacional implicar\u00e1 un&nbsp;incremento de 34%&nbsp;en tres tramos para el m\u00ednimo de ingresos, pero tendr\u00e1 un especial impacto en algunas&nbsp;prestaciones sociales&nbsp;y programas que paga el Estado nacional. Eso sucede porque el salario m\u00ednimo es la variable que se toma en consideraci\u00f3n para el c\u00e1lculo de subas para algunos criterios de elegibilidad para programas como las&nbsp;becas Progresar, mientras que tiene incidencia directa como en el&nbsp;Potenciar Trabajo. \u201cEste salario impacta fundamentalmente sobre los&nbsp;programas sociales&nbsp;que complementan el ingreso de los trabajadores informales y&nbsp;no debe confundirse con los m\u00ednimos de convenio&nbsp;que se negocian <a class=\"mh-excerpt-more\" href=\"http:\/\/dsrmedios.com.ar\/diario\/archivos\/37025\" title=\"Cu\u00e1nto aumentar\u00e1n las jubilaciones, las becas Progresar y el plan Potenciar Trabajo por la suba del salario m\u00ednimo\">[Leer m\u00e1s]<\/a><\/p>\n<\/div>","protected":false},"author":8,"featured_media":32776,"comment_status":"open","ping_status":"closed","sticky":false,"template":"","format":"standard","meta":{"_jetpack_newsletter_access":""},"categories":[6],"tags":[],"jetpack_featured_media_url":"http:\/\/dsrmedios.com.ar\/diario\/wp-content\/uploads\/2023\/05\/jubilados_y_pensionados_anses_2022.jpg_557888218.webp","jetpack_sharing_enabled":true,"jetpack_shortlink":"https:\/\/wp.me\/p9fihK-9Db","_links":{"self":[{"href":"http:\/\/dsrmedios.com.ar\/diario\/wp-json\/wp\/v2\/posts\/37025"}],"collection":[{"href":"http:\/\/dsrmedios.com.ar\/diario\/wp-json\/wp\/v2\/posts"}],"about":[{"href":"http:\/\/dsrmedios.com.ar\/diario\/wp-json\/wp\/v2\/types\/post"}],"author":[{"embeddable":true,"href":"http:\/\/dsrmedios.com.ar\/diario\/wp-json\/wp\/v2\/users\/8"}],"replies":[{"embeddable":true,"href":"http:\/\/dsrmedios.com.ar\/diario\/wp-json\/wp\/v2\/comments?post=37025"}],"version-history":[{"count":1,"href":"http:\/\/dsrmedios.com.ar\/diario\/wp-json\/wp\/v2\/posts\/37025\/revisions"}],"predecessor-version":[{"id":37026,"href":"http:\/\/dsrmedios.com.ar\/diario\/wp-json\/wp\/v2\/posts\/37025\/revisions\/37026"}],"wp:featuredmedia":[{"embeddable":true,"href":"http:\/\/dsrmedios.com.ar\/diario\/wp-json\/wp\/v2\/media\/32776"}],"wp:attachment":[{"href":"http:\/\/dsrmedios.com.ar\/diario\/wp-json\/wp\/v2\/media?parent=37025"}],"wp:term":[{"taxonomy":"category","embeddable":true,"href":"http:\/\/dsrmedios.com.ar\/diario\/wp-json\/wp\/v2\/categories?post=37025"},{"taxonomy":"post_tag","embeddable":true,"href":"http:\/\/dsrmedios.com.ar\/diario\/wp-json\/wp\/v2\/tags?post=37025"}],"curies":[{"name":"wp","href":"https:\/\/api.w.org\/{rel}","templated":true}]}}