{"id":37004,"date":"2023-07-14T09:37:07","date_gmt":"2023-07-14T12:37:07","guid":{"rendered":"http:\/\/dsrmedios.com.ar\/diario\/?p=37004"},"modified":"2023-07-14T09:37:10","modified_gmt":"2023-07-14T12:37:10","slug":"massa-envio-mas-senales-de-unidad-al-peronismo-y-redoblo-su-embestida-contra-juntos-por-el-cambio-por-el-fmi","status":"publish","type":"post","link":"http:\/\/dsrmedios.com.ar\/diario\/archivos\/37004","title":{"rendered":"Massa envi\u00f3 m\u00e1s se\u00f1ales de unidad al peronismo y redobl\u00f3 su embestida contra Juntos por el Cambio por el FMI"},"content":{"rendered":"\n<p>El acuerdo con el FMI se meti\u00f3 de lleno en la campa\u00f1a, aunque no fue el \u00fanico tema que termin\u00f3 en medio de los tirones electorales. El ministro y precandidato presidencial,&nbsp;<strong>Sergio Massa<\/strong>, acus\u00f3 a \u201ceconomistas de la oposici\u00f3n\u201d de interferir en la negociaci\u00f3n con el Fondo y dej\u00f3 una sugestiva frase sobre la reacci\u00f3n que hubo desde Juntos por el Cambio a sus dichos. Ocurri\u00f3 en momentos en que la coalici\u00f3n opositora atraviesa por uno de sus momentos m\u00e1s delicados y se cierne sobre ella amenazas de ruptura: los casos de Santa Fe y la Capital Federal son, hasta ahora, los m\u00e1s graves.<\/p>\n\n\n\n<p>Mientras se conoc\u00eda la cifra de inflaci\u00f3n, que en junio estuvo en el 6%, acentuando su desaceleraci\u00f3n, Massa encabez\u00f3 un acto junto a cuatro gobernadores y dirigentes oficialistas. En el encuentro que se realiz\u00f3 en el partido bonaerense de San Mart\u00edn hubo una clara se\u00f1al de unidad oficialista y de confrontaci\u00f3n abierta con la oposici\u00f3n.<\/p>\n\n\n\n<p>La frase que gener\u00f3 un cimbronazo fue la acusaci\u00f3n de Massa de interferencias en la negociaci\u00f3n del acuerdo: \u201cLes voy a contar una intimidad: un funcionario del Fondo, en un zoom de la ma\u00f1ana me contaba que hubo economistas de la oposici\u00f3n que en los \u00faltimos d\u00edas se comunicaron y les dec\u00edan \u2018no les den nada\u2019, \u2018pidanle todo\u2019, \u2018ex\u00edjanles al m\u00e1ximo\u2019, \u2018esto tiene que estallar\u2019\u201d.<\/p>\n\n\n\n<p><\/p>\n\n\n\n<p>Lo escuchaban cuatro gobernadores, funcionarios nacionales, provinciales y municipales que participaban del acto que se hizo ayer en el Parque Yrigoyen, ubicado en el coraz\u00f3n del conurbano bonaerense. Hab\u00edan sido convocados para inaugurar cinco obras en simult\u00e1neos. Estaban&nbsp;<strong>Axel Kicillof&nbsp;<\/strong>(Buenos Aires), y por teleconferencia con&nbsp;<strong>Alicia Kirchner&nbsp;<\/strong>(Santa Cruz);&nbsp;<strong>Oscar Herrera Ahuad<\/strong>&nbsp;(Misiones); y&nbsp;<strong>Gustavo Melella<\/strong>&nbsp;(Tierra del Fuego). Adem\u00e1s, se puso en marcha un gasoducto en Mar del Plata, y en ese municipio gobernado por la oposici\u00f3n, s\u00f3lo estuvieron la titular de Anses y precandidata a intendenta, la camporista&nbsp;<strong>Fernanda Raverta<\/strong>, y otros funcionarios oficialistas.<\/p>\n\n\n\n<p>En la misma l\u00ednea, esta tarde Massa ir\u00e1 a Catamarca, junto a su jefe de campa\u00f1a, Eduardo Wado De Pedro, y el presidente del BICE, Jos\u00e9 Ignacio De Mendiguren, para reunirse con el gobernador local, el peronista&nbsp;<strong>Ra\u00fal Jalil<\/strong>. Va a recorrer la Algodonera del Valle, en el Parque Industrial El Pantanillo. Y el lunes ir\u00e1 a Entre R\u00edos, donde tambi\u00e9n se ver\u00e1 con otro mandatario peronista,&nbsp;<strong>Gustavo Bordet<\/strong>.<\/p>\n\n\n\n<p>\u201cAxel (Kicillof) segu\u00ed adelante, estamos tranquilos porque nuestra provincia tiene un gobernador de lujo que va a seguir siendo gobernador. Fernando (Moreira) querido, como quiero a San Mart\u00edn quiero que seas intendente. Sigamos trabajando juntos, sigamos pensando que mientras otros siembran odio, nosotros sembramos esperanza\u201d, cerr\u00f3 su discurso Massa en el acto. Mencion\u00f3 as\u00ed al gobernador y al candidato a intendente que van a disputar el 13 de agosto y, luego, en octubre, las elecciones.<\/p>\n\n\n\n<p>Es parte de una muestra concreta del tono y la din\u00e1mica que tom\u00f3 la campa\u00f1a de Uni\u00f3n por la Patria, a 30 d\u00edas exactos de las PASO: Massa mostrando gesti\u00f3n y anuncios junto a gobernadores y dirigentes del oficialismo, apoyando a los candidatos del peronismo y, al mismo tiempo, lanzados a una confrontaci\u00f3n abierta y en todos los frentes contra Juntos por el Cambio.<\/p>\n\n\n\n<p>Es una estrategia que refuerza la idea de unidad y que contrasta con imagen que proyecta la coalici\u00f3n opositora, que atraviesa por estos d\u00edas los momentos de mayor tensi\u00f3n interna, con Patricia Bullrich y Horacio Rodr\u00edguez Larreta protagonizando una primaria cruenta, que derrama en distritos como Santa Fe y la ciudad de Buenos Aires, donde las peleas escalan a niveles graves, con descalificaciones y agravios que pueden no tener retorno.<\/p>\n\n\n\n<p>La embestida de Massa contra Juntos por el Cambio se produjo en este contexto de debilidad y dispersi\u00f3n. Y tambi\u00e9n los gestos de unidad hacia adentro de Uni\u00f3n por la Patria.<\/p>\n\n\n\n<h2>Pecado s\u00ed, pecadores no<\/h2>\n\n\n\n<p>Massa no s\u00f3lo denunci\u00f3 que dirigentes de JxC estaban pidi\u00e9ndole a funcionarios del Fondo que no cedan ante el gobierno argentino y exijan el cumplimiento de todas las metas. Tambi\u00e9n apunt\u00f3 contra \u201caquellos que agitan temores, que meten p\u00e1nico porque en la especulaci\u00f3n gana un pesito\u201d. Como en el primer caso, tampoco hubo nombres.<\/p>\n\n\n\n<p>Despu\u00e9s del acto, Massa fue consultado por sus colaboradores sobre qui\u00e9nes eran los economistas. No quiso dar nombres y respondi\u00f3 que los que hab\u00edan trascendido -incluso con apodos- eran, en realidad, actos adivinatorios. Sin embargo, le transmiti\u00f3 a uno de sus interlocutores -seg\u00fan pudo reconstruir Infobae- una frase sugestiva: \u201cEs raro que algunos salgan a decir que solo ayudan, no?\u201d.<\/p>\n\n\n\n<p>Durante la tarde, se refiri\u00f3 de manera espec\u00edfica sobre esa acusaci\u00f3n cr\u00edptica que lanz\u00f3 Massa el economista de Juntos por el Cambio Luciano Laspina, que adem\u00e1s de ejercer esa profesi\u00f3n es tambi\u00e9n diputado nacional y un hombre clave del equipo econ\u00f3mico de Patricia Bullrich.<\/p>\n\n\n\n<p>El economista fue entrevistado en TV por el periodista&nbsp;<strong>Eduardo Feinmann&nbsp;<\/strong>y all\u00ed manifest\u00f3: \u201cEl Fondo Monetario prefiere tenerlo cerca a Sergio Massa que lejos, porque si le suelta un poco la mano nos lleva a una hiperinflaci\u00f3n. Creo que el Fondo est\u00e1 siendo m\u00e1s responsable con la Argentina que lo que la oposici\u00f3n -nosotros, me incluyo- le decimos al Fondo Monetario\u201d.<\/p>\n\n\n\n<p>Lo de la acusaci\u00f3n por el FMI fue s\u00f3lo uno de los puntos de discordia de una campa\u00f1a que, a medida que avanzan los d\u00edas, empieza a subir de tono y de intensidad, sobre todo en el \u00e1mbito opositor. Asoman, si se quiere, dos im\u00e1genes: la consolidaci\u00f3n de la unidad y el encolumnamiento abigarrado de Uni\u00f3n por la Patria detr\u00e1s de Massa y una interna en Juntos por el Cambio que se volvi\u00f3 en los \u00faltimos d\u00edas salvaje.<\/p>\n\n\n\n<h2>Entre esc\u00e1ndalos y peleas<\/h2>\n\n\n\n<p><img decoding=\"async\" loading=\"lazy\" alt=\"Otros tiempos. Carolina Losada y Maximiliano Pullaro, cuando no eran enemigos ni rivales pol\u00edticos.\" height=\"1070\" width=\"1920\" class=\"\" src=\"https:\/\/www.infobae.com\/new-resizer\/qH0Y5anA6FiBw18djV1VgeZltEE=\/filters:format(webp):quality(85)\/cloudfront-us-east-1.images.arcpublishing.com\/infobae\/RFWMDZS3RRDJNOGXQDYJNLGM3U.jpg\" srcset=\"https:\/\/www.infobae.com\/new-resizer\/YDqCGe-mC88nnM6xe1ol34-q_-8=\/420x236\/filters:format(webp):quality(85)\/cloudfront-us-east-1.images.arcpublishing.com\/infobae\/RFWMDZS3RRDJNOGXQDYJNLGM3U.jpg 420w,https:\/\/www.infobae.com\/new-resizer\/4yo82f8Oj82YRyujhkTRdMoJgz0=\/768x432\/filters:format(webp):quality(85)\/cloudfront-us-east-1.images.arcpublishing.com\/infobae\/RFWMDZS3RRDJNOGXQDYJNLGM3U.jpg 768w,https:\/\/www.infobae.com\/new-resizer\/g3pgK6Y9ByuEusidgHUfBzmA8k4=\/992x558\/filters:format(webp):quality(85)\/cloudfront-us-east-1.images.arcpublishing.com\/infobae\/RFWMDZS3RRDJNOGXQDYJNLGM3U.jpg 992w,https:\/\/www.infobae.com\/new-resizer\/fVj63b2cF8iTwHI4BGyo9x0jt8A=\/1200x675\/filters:format(webp):quality(85)\/cloudfront-us-east-1.images.arcpublishing.com\/infobae\/RFWMDZS3RRDJNOGXQDYJNLGM3U.jpg 1200w,https:\/\/www.infobae.com\/new-resizer\/lwegGF-wyMe9quF9mAbN-gjqT1w=\/1440x810\/filters:format(webp):quality(85)\/cloudfront-us-east-1.images.arcpublishing.com\/infobae\/RFWMDZS3RRDJNOGXQDYJNLGM3U.jpg 1440w\">Otros tiempos. Carolina Losada y Maximiliano Pullaro, cuando no eran enemigos ni rivales pol\u00edticos.<\/p>\n\n\n\n<p>En Santa Fe, la campa\u00f1a de cara a las PASO del domingo pr\u00f3ximo cerr\u00f3 con una enfrentamiento irreconciliable entre Carolina Losada, apoyada por Bullrich y Mauricio Macri, y Maximiliano Pullaro, que es respaldado por Rodr\u00edguez Larreta y los radicales org\u00e1nicos. Las sospechas arrojadas por la senadora sobre su rival de supuestos v\u00ednculos con narcos, puso a la coalici\u00f3n que naci\u00f3 como un \u201cFrente de Frentes\u201d organizado para vencer al peronismo, en terapia intensiva. \u201c\u00bfQui\u00e9n de Losada va a hacer campa\u00f1a por Pullaro si pierde? \u00bfQui\u00e9n de Pullaro va a hacer campa\u00f1a por Losada? Despu\u00e9s de todo lo que se dijeron, va a ser muy dif\u00edcil\u201d, dec\u00eda anoche un analista que conoce la provincia y, sobre todo, las relaciones pol\u00edticas de los santafesinos. Un default pol\u00edtico de Juntos por el Cambio podr\u00eda favorecer la recuperaci\u00f3n de un peronismo castigado por un gobierno -el de Omar Perrotti- con una imagen entre regular y mala.<\/p>\n\n\n\n<p>Pero en las \u00faltimas horas, la interna porte\u00f1a escal\u00f3 a un nivel de agresividad que no reconoce antecedentes. La renuncia de Franco Rinaldi a ser cabeza de lista de legisladores porte\u00f1os -el nuevo nombre que les pusieron a los viejos concejales- deton\u00f3 las enemistades y rencores que se cocinaban a fuego lento entre los dos bandos bien definidos que, desde la ciudad de Buenos Aires, se proyectan a todo el pa\u00eds: Macri y Bullrich vs Larreta y los radicales.<\/p>\n\n\n\n<p>Para Jorge Macri no fueron las declaraciones antisemitas, homof\u00f3bicas, discriminatorias y racistas que pronunci\u00f3 Rinaldi las que provocaron su salida escandalosa. Fue una campa\u00f1a sucia, seg\u00fan su visi\u00f3n, que promovieron desde el entorno de su rival en la PASO, el senador Mart\u00edn Lousteau. Como los santafesinos: \u00bfc\u00f3mo se recuperar\u00e1 la unidad despu\u00e9s de tanto conflicto y tanto trauma?<\/p>\n\n\n\n<p>Fuente: Infobae<\/p>\n","protected":false},"excerpt":{"rendered":"<div class=\"mh-excerpt\"><p>El acuerdo con el FMI se meti\u00f3 de lleno en la campa\u00f1a, aunque no fue el \u00fanico tema que termin\u00f3 en medio de los tirones electorales. El ministro y precandidato presidencial,&nbsp;Sergio Massa, acus\u00f3 a \u201ceconomistas de la oposici\u00f3n\u201d de interferir en la negociaci\u00f3n con el Fondo y dej\u00f3 una sugestiva frase sobre la reacci\u00f3n que hubo desde Juntos por el Cambio a sus dichos. Ocurri\u00f3 en momentos en que la coalici\u00f3n opositora atraviesa por uno de sus momentos m\u00e1s delicados y se cierne sobre ella amenazas de ruptura: los casos de Santa Fe y la Capital Federal son, hasta ahora, <a class=\"mh-excerpt-more\" href=\"http:\/\/dsrmedios.com.ar\/diario\/archivos\/37004\" title=\"Massa envi\u00f3 m\u00e1s se\u00f1ales de unidad al peronismo y redobl\u00f3 su embestida contra Juntos por el Cambio por el FMI\">[Leer m\u00e1s]<\/a><\/p>\n<\/div>","protected":false},"author":8,"featured_media":31416,"comment_status":"open","ping_status":"closed","sticky":false,"template":"","format":"standard","meta":{"_jetpack_newsletter_access":""},"categories":[6],"tags":[],"jetpack_featured_media_url":"http:\/\/dsrmedios.com.ar\/diario\/wp-content\/uploads\/2023\/04\/CULIKXKBYJ5VYCFKH4L7XKC57Q.jpg","jetpack_sharing_enabled":true,"jetpack_shortlink":"https:\/\/wp.me\/p9fihK-9CQ","_links":{"self":[{"href":"http:\/\/dsrmedios.com.ar\/diario\/wp-json\/wp\/v2\/posts\/37004"}],"collection":[{"href":"http:\/\/dsrmedios.com.ar\/diario\/wp-json\/wp\/v2\/posts"}],"about":[{"href":"http:\/\/dsrmedios.com.ar\/diario\/wp-json\/wp\/v2\/types\/post"}],"author":[{"embeddable":true,"href":"http:\/\/dsrmedios.com.ar\/diario\/wp-json\/wp\/v2\/users\/8"}],"replies":[{"embeddable":true,"href":"http:\/\/dsrmedios.com.ar\/diario\/wp-json\/wp\/v2\/comments?post=37004"}],"version-history":[{"count":1,"href":"http:\/\/dsrmedios.com.ar\/diario\/wp-json\/wp\/v2\/posts\/37004\/revisions"}],"predecessor-version":[{"id":37005,"href":"http:\/\/dsrmedios.com.ar\/diario\/wp-json\/wp\/v2\/posts\/37004\/revisions\/37005"}],"wp:featuredmedia":[{"embeddable":true,"href":"http:\/\/dsrmedios.com.ar\/diario\/wp-json\/wp\/v2\/media\/31416"}],"wp:attachment":[{"href":"http:\/\/dsrmedios.com.ar\/diario\/wp-json\/wp\/v2\/media?parent=37004"}],"wp:term":[{"taxonomy":"category","embeddable":true,"href":"http:\/\/dsrmedios.com.ar\/diario\/wp-json\/wp\/v2\/categories?post=37004"},{"taxonomy":"post_tag","embeddable":true,"href":"http:\/\/dsrmedios.com.ar\/diario\/wp-json\/wp\/v2\/tags?post=37004"}],"curies":[{"name":"wp","href":"https:\/\/api.w.org\/{rel}","templated":true}]}}