{"id":3699,"date":"2018-01-22T08:03:09","date_gmt":"2018-01-22T11:03:09","guid":{"rendered":"http:\/\/dsrmedios.com.ar\/diario\/?p=3699"},"modified":"2018-01-22T08:03:09","modified_gmt":"2018-01-22T11:03:09","slug":"el-titular-de-suteba-sostuvo-que-las-amenazas-que-recibio-son-por-el-clima-que-genera-el-gobierno","status":"publish","type":"post","link":"http:\/\/dsrmedios.com.ar\/diario\/archivos\/3699","title":{"rendered":"El titular de Suteba sostuvo que las amenazas que recibi\u00f3 son por el clima que genera el gobierno"},"content":{"rendered":"<p>El secretario general de Suteba, Roberto Baradel, sostuvo hoy que las amenazas que denunci\u00f3 en las \u00faltimas horas son producto del \u201cclima que genera el Gobierno\u201d y dijo que el hecho \u201cno se est\u00e1 investigando en la Justicia\u201d.<\/p>\n<p>En declaraciones al canal C5N, consider\u00f3 que el Gobierno \u201cgenera un clima de autoritarismo\u201d y que las amenazas se dan \u201cproducto de la intolerancia\u201d. En ese sentido dijo que recibi\u00f3 una nota que dec\u00eda: &#8220;Te avisamos que no te metas m\u00e1s con el gobierno. Ahora vamos por vos y tu sindicato&#8221;. Y agregaba: &#8220;Pudiste ser parte de todo esto, pero decidiste ser el enemigo, ahora te vamos a hacer desaparecer&#8221;.<\/p>\n<p>En este contexto, organismos de derechos humanos, entre ellos Madres l\u00ednea fundadora y Abuelas de Plaza de Mayo, repudiaron &#8220;en\u00e9rgicamente&#8221; las amenazas y reclamaron al gobierno nacional y a la gobernadora bonaerense Mar\u00eda Eugenia Vidal &#8220;garantizar la integridad del dirigente y su familia&#8221;.<\/p>\n<p>En un comunicado que lleva el t\u00edtulo &#8220;\u00a1Con los\/as docentes NO!&#8221;, Madres l\u00ednea fundadora, Abuelas de Plaza de Mayo, Familiares de Desaparecidos y Detenidos por Razones Pol\u00edticas, e H.I.J.O.S. Capital, expresaron tambi\u00e9n el &#8220;absoluto rechazo&#8221; al decreto firmado por el presidente Mauricio Macri que d\u00edas atr\u00e1s modific\u00f3 la paritaria docente y la participaci\u00f3n sindical en la mesa de negociaci\u00f3n paritaria.<\/p>\n<p>fuente:www.aninoticias.com<\/p>\n","protected":false},"excerpt":{"rendered":"<div class=\"mh-excerpt\"><p>El secretario general de Suteba, Roberto Baradel, sostuvo hoy que las amenazas que denunci\u00f3 en las \u00faltimas horas son producto del \u201cclima que genera el Gobierno\u201d y dijo que el hecho \u201cno se est\u00e1 investigando en la Justicia\u201d. En declaraciones al canal C5N, consider\u00f3 que el Gobierno \u201cgenera un clima de autoritarismo\u201d y que las amenazas se dan \u201cproducto de la intolerancia\u201d. En ese sentido dijo que recibi\u00f3 una nota que dec\u00eda: &#8220;Te avisamos que no te metas m\u00e1s con el gobierno. Ahora vamos por vos y tu sindicato&#8221;. Y agregaba: &#8220;Pudiste ser parte de todo esto, pero decidiste ser <a class=\"mh-excerpt-more\" href=\"http:\/\/dsrmedios.com.ar\/diario\/archivos\/3699\" title=\"El titular de Suteba sostuvo que las amenazas que recibi\u00f3 son por el clima que genera el gobierno\">[Leer m\u00e1s]<\/a><\/p>\n<\/div>","protected":false},"author":5,"featured_media":3700,"comment_status":"open","ping_status":"closed","sticky":false,"template":"","format":"standard","meta":{"_jetpack_newsletter_access":""},"categories":[18,7],"tags":[],"jetpack_featured_media_url":"http:\/\/dsrmedios.com.ar\/diario\/wp-content\/uploads\/2018\/01\/baradel_7.jpg","jetpack_sharing_enabled":true,"jetpack_shortlink":"https:\/\/wp.me\/p9fihK-XF","_links":{"self":[{"href":"http:\/\/dsrmedios.com.ar\/diario\/wp-json\/wp\/v2\/posts\/3699"}],"collection":[{"href":"http:\/\/dsrmedios.com.ar\/diario\/wp-json\/wp\/v2\/posts"}],"about":[{"href":"http:\/\/dsrmedios.com.ar\/diario\/wp-json\/wp\/v2\/types\/post"}],"author":[{"embeddable":true,"href":"http:\/\/dsrmedios.com.ar\/diario\/wp-json\/wp\/v2\/users\/5"}],"replies":[{"embeddable":true,"href":"http:\/\/dsrmedios.com.ar\/diario\/wp-json\/wp\/v2\/comments?post=3699"}],"version-history":[{"count":1,"href":"http:\/\/dsrmedios.com.ar\/diario\/wp-json\/wp\/v2\/posts\/3699\/revisions"}],"predecessor-version":[{"id":3701,"href":"http:\/\/dsrmedios.com.ar\/diario\/wp-json\/wp\/v2\/posts\/3699\/revisions\/3701"}],"wp:featuredmedia":[{"embeddable":true,"href":"http:\/\/dsrmedios.com.ar\/diario\/wp-json\/wp\/v2\/media\/3700"}],"wp:attachment":[{"href":"http:\/\/dsrmedios.com.ar\/diario\/wp-json\/wp\/v2\/media?parent=3699"}],"wp:term":[{"taxonomy":"category","embeddable":true,"href":"http:\/\/dsrmedios.com.ar\/diario\/wp-json\/wp\/v2\/categories?post=3699"},{"taxonomy":"post_tag","embeddable":true,"href":"http:\/\/dsrmedios.com.ar\/diario\/wp-json\/wp\/v2\/tags?post=3699"}],"curies":[{"name":"wp","href":"https:\/\/api.w.org\/{rel}","templated":true}]}}