{"id":3696,"date":"2018-01-22T08:01:04","date_gmt":"2018-01-22T11:01:04","guid":{"rendered":"http:\/\/dsrmedios.com.ar\/diario\/?p=3696"},"modified":"2018-01-22T08:01:04","modified_gmt":"2018-01-22T11:01:04","slug":"el-defensor-del-pueblose-opone-al-revaluo-inmobiliario-en-la-provincia-de-bs-as","status":"publish","type":"post","link":"http:\/\/dsrmedios.com.ar\/diario\/archivos\/3696","title":{"rendered":"El Defensor del Pueblose opone al reval\u00fao inmobiliario en la provincia de Bs. As."},"content":{"rendered":"<p>El Defensor del Pueblo bonaerense, Guido Lorenzino, analiz\u00f3 el viernes los nuevos aumentos ligados al reval\u00fao inmobiliario dispuesto por la Provincia y se mostr\u00f3 en contra de que \u201cla gente sea siempre la que pague todas las cuentas del Estado\u201d.<\/p>\n<p>\u201cSi bien el reval\u00fao se tendr\u00eda que haber ejecutado antes, no se lo puede aplicar de golpe, sobre todo en un contexto donde el salario de los trabajadores no le gana a la inflaci\u00f3n\u201d, expres\u00f3 Lorenzino.<\/p>\n<p>Seg\u00fan el defensor del Pueblo \u201ceste impactante y desproporcionado incremento disparar\u00e1 a\u00fan m\u00e1s las subas del agua y la luz, las de las tasas municipales y de bienes personales\u201d.<\/p>\n<p>Asimismo, reconoci\u00f3 que \u201cse trata de una situaci\u00f3n dram\u00e1tica, porque los trabajadores no van a poder soportar este combo: hoy los vecinos est\u00e1n eligiendo qu\u00e9 impuestos pagar primero porque el bolsillo no les permite seguir afrontando los aumentos que vienen sufriendo en los \u00faltimos dos a\u00f1os\u201d.<\/p>\n<p>En esa l\u00ednea, hizo hincapi\u00e9 en la situaci\u00f3n de los jubilados, que se ver\u00e1n duramente afectados: \u201cEs una locura que quien cobre la m\u00ednima de 7.659 pesos y tenga una propiedad de dos ambientes sufra este aumento\u201d.<\/p>\n<p>Por \u00faltimo, Lorenzino le reclam\u00f3 \u201ccreatividad\u201d a la dirigencia pol\u00edtica a la hora de buscar fondos, y expres\u00f3 que \u201cel bolsillo de los trabajadores y de los jubilados tiene un l\u00edmite, por lo que seguramente habr\u00e1 mucha gente que no podr\u00e1 hacer frente a las nuevas tarifas, por lo que lamentablemente sufrir\u00e1n cortes en sus servicios\u201d.<\/p>\n<p>Fuente:www.aninoticias.com<\/p>\n","protected":false},"excerpt":{"rendered":"<div class=\"mh-excerpt\"><p>El Defensor del Pueblo bonaerense, Guido Lorenzino, analiz\u00f3 el viernes los nuevos aumentos ligados al reval\u00fao inmobiliario dispuesto por la Provincia y se mostr\u00f3 en contra de que \u201cla gente sea siempre la que pague todas las cuentas del Estado\u201d. \u201cSi bien el reval\u00fao se tendr\u00eda que haber ejecutado antes, no se lo puede aplicar de golpe, sobre todo en un contexto donde el salario de los trabajadores no le gana a la inflaci\u00f3n\u201d, expres\u00f3 Lorenzino. Seg\u00fan el defensor del Pueblo \u201ceste impactante y desproporcionado incremento disparar\u00e1 a\u00fan m\u00e1s las subas del agua y la luz, las de las tasas <a class=\"mh-excerpt-more\" href=\"http:\/\/dsrmedios.com.ar\/diario\/archivos\/3696\" title=\"El Defensor del Pueblose opone al reval\u00fao inmobiliario en la provincia de Bs. As.\">[Leer m\u00e1s]<\/a><\/p>\n<\/div>","protected":false},"author":5,"featured_media":3697,"comment_status":"open","ping_status":"closed","sticky":false,"template":"","format":"standard","meta":{"_jetpack_newsletter_access":""},"categories":[18,7],"tags":[],"jetpack_featured_media_url":"http:\/\/dsrmedios.com.ar\/diario\/wp-content\/uploads\/2018\/01\/lorenzino.png","jetpack_sharing_enabled":true,"jetpack_shortlink":"https:\/\/wp.me\/p9fihK-XC","_links":{"self":[{"href":"http:\/\/dsrmedios.com.ar\/diario\/wp-json\/wp\/v2\/posts\/3696"}],"collection":[{"href":"http:\/\/dsrmedios.com.ar\/diario\/wp-json\/wp\/v2\/posts"}],"about":[{"href":"http:\/\/dsrmedios.com.ar\/diario\/wp-json\/wp\/v2\/types\/post"}],"author":[{"embeddable":true,"href":"http:\/\/dsrmedios.com.ar\/diario\/wp-json\/wp\/v2\/users\/5"}],"replies":[{"embeddable":true,"href":"http:\/\/dsrmedios.com.ar\/diario\/wp-json\/wp\/v2\/comments?post=3696"}],"version-history":[{"count":1,"href":"http:\/\/dsrmedios.com.ar\/diario\/wp-json\/wp\/v2\/posts\/3696\/revisions"}],"predecessor-version":[{"id":3698,"href":"http:\/\/dsrmedios.com.ar\/diario\/wp-json\/wp\/v2\/posts\/3696\/revisions\/3698"}],"wp:featuredmedia":[{"embeddable":true,"href":"http:\/\/dsrmedios.com.ar\/diario\/wp-json\/wp\/v2\/media\/3697"}],"wp:attachment":[{"href":"http:\/\/dsrmedios.com.ar\/diario\/wp-json\/wp\/v2\/media?parent=3696"}],"wp:term":[{"taxonomy":"category","embeddable":true,"href":"http:\/\/dsrmedios.com.ar\/diario\/wp-json\/wp\/v2\/categories?post=3696"},{"taxonomy":"post_tag","embeddable":true,"href":"http:\/\/dsrmedios.com.ar\/diario\/wp-json\/wp\/v2\/tags?post=3696"}],"curies":[{"name":"wp","href":"https:\/\/api.w.org\/{rel}","templated":true}]}}