{"id":36939,"date":"2023-07-12T10:22:52","date_gmt":"2023-07-12T13:22:52","guid":{"rendered":"http:\/\/dsrmedios.com.ar\/diario\/?p=36939"},"modified":"2023-07-12T10:22:56","modified_gmt":"2023-07-12T13:22:56","slug":"chocaron-una-moto-y-una-bicicleta-en-la-ruta-3-un-herido","status":"publish","type":"post","link":"http:\/\/dsrmedios.com.ar\/diario\/archivos\/36939","title":{"rendered":"Chocaron una moto y una bicicleta en la ruta 3: un herido"},"content":{"rendered":"\n<p>Tres personas debieron ser asistidas y una de ellas trasladada a un hospital tras protagonizar un choque entre una moto&nbsp;y una bicicleta.<\/p>\n\n\n\n<p>El hecho ocurri\u00f3 sobre las 6 de la ma\u00f1ana de hoy en la ruta 3, a la altura de la rotonda de General Daniel Cerri.<\/p>\n\n\n\n<p>All\u00ed,\u00a0una motocicleta que circulaba en sentido Cerri-Bah\u00eda Blanca, con dos hombres de 34 a\u00f1os a bordo, embisti\u00f3 la parte trasera de una bicicleta en la que se desplazaba\u00a0otro hombre, de 23.<\/p>\n\n\n\n<figure class=\"wp-block-image\"><img decoding=\"async\" src=\"https:\/\/px.cdn.lanueva.com\/072023\/1689156357552\/WhatsApp%20Image%202023-07-12%20at%2006.56.59.jpeg?cw=807\" alt=\"\" title=\"\"\/><\/figure>\n\n\n\n<p>Quien iba de&nbsp;acompa\u00f1ante en la moto debi\u00f3 ser trasladado con politraumatismos por una ambulancia del servicio de emergencias Siempre.<\/p>\n\n\n\n<p>Mientras que el conductor de la moto y el ciclista resultaron ilesos.<\/p>\n\n\n\n<p>Tambi\u00e9n trabajaron en el lugar efectivos de la Polic\u00eda, bomberos de Cerri y personal de la guardia de Defensa Civil.<\/p>\n\n\n\n<p>Fuente: Ianueva<\/p>\n","protected":false},"excerpt":{"rendered":"<div class=\"mh-excerpt\"><p>Tres personas debieron ser asistidas y una de ellas trasladada a un hospital tras protagonizar un choque entre una moto&nbsp;y una bicicleta. El hecho ocurri\u00f3 sobre las 6 de la ma\u00f1ana de hoy en la ruta 3, a la altura de la rotonda de General Daniel Cerri. All\u00ed,\u00a0una motocicleta que circulaba en sentido Cerri-Bah\u00eda Blanca, con dos hombres de 34 a\u00f1os a bordo, embisti\u00f3 la parte trasera de una bicicleta en la que se desplazaba\u00a0otro hombre, de 23. Quien iba de&nbsp;acompa\u00f1ante en la moto debi\u00f3 ser trasladado con politraumatismos por una ambulancia del servicio de emergencias Siempre. Mientras que el <a class=\"mh-excerpt-more\" href=\"http:\/\/dsrmedios.com.ar\/diario\/archivos\/36939\" title=\"Chocaron una moto y una bicicleta en la ruta 3: un herido\">[Leer m\u00e1s]<\/a><\/p>\n<\/div>","protected":false},"author":8,"featured_media":36940,"comment_status":"open","ping_status":"closed","sticky":false,"template":"","format":"standard","meta":{"_jetpack_newsletter_access":""},"categories":[8],"tags":[],"jetpack_featured_media_url":"http:\/\/dsrmedios.com.ar\/diario\/wp-content\/uploads\/2023\/07\/1689156048978.webp","jetpack_sharing_enabled":true,"jetpack_shortlink":"https:\/\/wp.me\/p9fihK-9BN","_links":{"self":[{"href":"http:\/\/dsrmedios.com.ar\/diario\/wp-json\/wp\/v2\/posts\/36939"}],"collection":[{"href":"http:\/\/dsrmedios.com.ar\/diario\/wp-json\/wp\/v2\/posts"}],"about":[{"href":"http:\/\/dsrmedios.com.ar\/diario\/wp-json\/wp\/v2\/types\/post"}],"author":[{"embeddable":true,"href":"http:\/\/dsrmedios.com.ar\/diario\/wp-json\/wp\/v2\/users\/8"}],"replies":[{"embeddable":true,"href":"http:\/\/dsrmedios.com.ar\/diario\/wp-json\/wp\/v2\/comments?post=36939"}],"version-history":[{"count":1,"href":"http:\/\/dsrmedios.com.ar\/diario\/wp-json\/wp\/v2\/posts\/36939\/revisions"}],"predecessor-version":[{"id":36941,"href":"http:\/\/dsrmedios.com.ar\/diario\/wp-json\/wp\/v2\/posts\/36939\/revisions\/36941"}],"wp:featuredmedia":[{"embeddable":true,"href":"http:\/\/dsrmedios.com.ar\/diario\/wp-json\/wp\/v2\/media\/36940"}],"wp:attachment":[{"href":"http:\/\/dsrmedios.com.ar\/diario\/wp-json\/wp\/v2\/media?parent=36939"}],"wp:term":[{"taxonomy":"category","embeddable":true,"href":"http:\/\/dsrmedios.com.ar\/diario\/wp-json\/wp\/v2\/categories?post=36939"},{"taxonomy":"post_tag","embeddable":true,"href":"http:\/\/dsrmedios.com.ar\/diario\/wp-json\/wp\/v2\/tags?post=36939"}],"curies":[{"name":"wp","href":"https:\/\/api.w.org\/{rel}","templated":true}]}}