{"id":3689,"date":"2018-01-21T00:22:30","date_gmt":"2018-01-21T03:22:30","guid":{"rendered":"http:\/\/dsrmedios.com.ar\/diario\/?p=3689"},"modified":"2018-02-09T11:42:22","modified_gmt":"2018-02-09T14:42:22","slug":"141-anos-de-historia-que-son-muestra-de-una-determinacion-historica","status":"publish","type":"post","link":"http:\/\/dsrmedios.com.ar\/diario\/archivos\/3689","title":{"rendered":"141 a\u00f1os de historia cumple hoy nuestro lugar en el mundo&#8230;"},"content":{"rendered":"<p>Cuando llegaron en abril los primeros soldados de la Divisi\u00f3n Sud a las afueras de lo que unos meses m\u00e1s tarde se establecer\u00eda como Fuerte y el 21 de enero se fundar\u00e1 una poblaci\u00f3n, seguramente habra sido un tiempo de muchas penurias y pocos de aquellos hombres habr\u00edan cre\u00eddo que en medio de tan \u00e1spero desierto iba a florecer una ciudad.<\/p>\n<p>Carhu\u00e9 es el moj\u00f3n de una Campa\u00f1a Nacional que fue y sigue siendo motivo de muchas discusiones y cr\u00edticas, sin embargo as\u00ed se armaba el pa\u00eds por aquel entonces, con arriesgados so\u00f1adores que encaraban quimeras que hoy ser\u00eda imposible imaginar.<\/p>\n<p>Nuestro homenaje a aquellos desconocidos y olvidados soldados que fueron la semilla de este pueblo, ellos no s\u00f3lo trajeron su esfuerzo sino que tambi\u00e9n plantaron aqu\u00ed muchos sus propios destinos y desde la olvidada lista de sus nombres se escribe la historia m\u00e1s profunda de nuestro pueblo.<\/p>\n<p>141 a\u00f1os de sue\u00f1os, de destinos, de penurias y grandezas&#8230;<\/p>\n<p>GRACIAS CARHUE por haberme elegido para formar parte de tu historia cotidiana&#8230;. FELIZ CUMPLEA\u00d1OS PUEBLO MIO.<\/p>\n<p>DOMINGO SAN ROMAN<\/p>\n","protected":false},"excerpt":{"rendered":"<div class=\"mh-excerpt\"><p>Cuando llegaron en abril los primeros soldados de la Divisi\u00f3n Sud a las afueras de lo que unos meses m\u00e1s tarde se establecer\u00eda como Fuerte y el 21 de enero se fundar\u00e1 una poblaci\u00f3n, seguramente habra sido un tiempo de muchas penurias y pocos de aquellos hombres habr\u00edan cre\u00eddo que en medio de tan \u00e1spero desierto iba a florecer una ciudad. Carhu\u00e9 es el moj\u00f3n de una Campa\u00f1a Nacional que fue y sigue siendo motivo de muchas discusiones y cr\u00edticas, sin embargo as\u00ed se armaba el pa\u00eds por aquel entonces, con arriesgados so\u00f1adores que encaraban quimeras que hoy ser\u00eda imposible <a class=\"mh-excerpt-more\" href=\"http:\/\/dsrmedios.com.ar\/diario\/archivos\/3689\" title=\"141 a\u00f1os de historia cumple hoy nuestro lugar en el mundo&#8230;\">[Leer m\u00e1s]<\/a><\/p>\n<\/div>","protected":false},"author":5,"featured_media":3690,"comment_status":"open","ping_status":"closed","sticky":false,"template":"","format":"standard","meta":{"_jetpack_newsletter_access":""},"categories":[18,22],"tags":[],"jetpack_featured_media_url":"http:\/\/dsrmedios.com.ar\/diario\/wp-content\/uploads\/2018\/01\/Carhu\u00e9-en-sus-primeras-casas-3.jpg","jetpack_sharing_enabled":true,"jetpack_shortlink":"https:\/\/wp.me\/p9fihK-Xv","_links":{"self":[{"href":"http:\/\/dsrmedios.com.ar\/diario\/wp-json\/wp\/v2\/posts\/3689"}],"collection":[{"href":"http:\/\/dsrmedios.com.ar\/diario\/wp-json\/wp\/v2\/posts"}],"about":[{"href":"http:\/\/dsrmedios.com.ar\/diario\/wp-json\/wp\/v2\/types\/post"}],"author":[{"embeddable":true,"href":"http:\/\/dsrmedios.com.ar\/diario\/wp-json\/wp\/v2\/users\/5"}],"replies":[{"embeddable":true,"href":"http:\/\/dsrmedios.com.ar\/diario\/wp-json\/wp\/v2\/comments?post=3689"}],"version-history":[{"count":4,"href":"http:\/\/dsrmedios.com.ar\/diario\/wp-json\/wp\/v2\/posts\/3689\/revisions"}],"predecessor-version":[{"id":3694,"href":"http:\/\/dsrmedios.com.ar\/diario\/wp-json\/wp\/v2\/posts\/3689\/revisions\/3694"}],"wp:featuredmedia":[{"embeddable":true,"href":"http:\/\/dsrmedios.com.ar\/diario\/wp-json\/wp\/v2\/media\/3690"}],"wp:attachment":[{"href":"http:\/\/dsrmedios.com.ar\/diario\/wp-json\/wp\/v2\/media?parent=3689"}],"wp:term":[{"taxonomy":"category","embeddable":true,"href":"http:\/\/dsrmedios.com.ar\/diario\/wp-json\/wp\/v2\/categories?post=3689"},{"taxonomy":"post_tag","embeddable":true,"href":"http:\/\/dsrmedios.com.ar\/diario\/wp-json\/wp\/v2\/tags?post=3689"}],"curies":[{"name":"wp","href":"https:\/\/api.w.org\/{rel}","templated":true}]}}