{"id":36789,"date":"2023-07-09T13:40:27","date_gmt":"2023-07-09T16:40:27","guid":{"rendered":"http:\/\/dsrmedios.com.ar\/diario\/?p=36789"},"modified":"2023-07-09T13:40:31","modified_gmt":"2023-07-09T16:40:31","slug":"massa-activo-la-segunda-fase-del-plan-para-seducir-a-la-campora-y-evitar-cortocircuitos-durante-la-campana","status":"publish","type":"post","link":"http:\/\/dsrmedios.com.ar\/diario\/archivos\/36789","title":{"rendered":"Massa activ\u00f3 la segunda fase del plan para seducir a La C\u00e1mpora y evitar cortocircuitos durante la campa\u00f1a"},"content":{"rendered":"\n<p><a href=\"https:\/\/tn.com.ar\/politica\/2023\/07\/08\/massa-buscara-evitar-los-temas-economicos-en-la-campana-pero-cuando-no-tenga-opcion-culpara-a-macri-y-guzman\/\" target=\"_blank\" rel=\"noreferrer noopener\"><strong>Sergio Massa<\/strong><\/a>&nbsp;<strong>logr\u00f3 su objetivo<\/strong>. Por el que siempre trabaj\u00f3.&nbsp;<strong>Ser candidato a Presidente<\/strong>, aunque en el peor momento. Por esa raz\u00f3n, debe sumar y nunca restar. Ah\u00ed est\u00e1 el problema.<\/p>\n\n\n\n<p>Debe lograr que el kichnerismo duro, representado mayoritariamente en La C\u00e1mpora, le d\u00e9 sus votos sin importar las cuentas pendientes de la \u00e9poca en que promet\u00eda barrer a los \u00f1oquis de esa agrupaci\u00f3n.<\/p>\n\n\n\n<p><strong>No es poco lo que logr\u00f3 hasta el momento: el apoyo de Cristina y M\u00e1ximo Kirchner<\/strong>. Como suele decirse, no los une el amor sino el espanto, con la posibilidad de sufrir una dura derrota en manos de una oposici\u00f3n que no deja de meterse los dedos en los ojos con las peleas entre el t\u00e1ndem de Mauricio Macri, Patricia Bullrich y Horacio Rodr\u00edguez Larreta.<\/p>\n\n\n\n<p>Enamorar a La C\u00e1mpora no ser\u00e1 una tarea sencilla, pero por algo se empieza y Massa est\u00e1 acostumbrado. El viaje con M\u00e1ximo Kirchner a China sirvi\u00f3 para empezar a poner las cosas en orden.<\/p>\n\n\n\n<figure class=\"wp-block-image\"><img decoding=\"async\" src=\"https:\/\/tn.com.ar\/resizer\/ZyVROWH9i4OEM6-zVZhkdhIJw5g=\/767x0\/smart\/filters:format(webp)\/cloudfront-us-east-1.images.arcpublishing.com\/artear\/MSVTRYBOIZF5BIOSBWAQZ7ND5U.jpg\" alt=\"Massa logr\u00f3 el apoyo de Cristina y M\u00e1ximo Kirchner. Ahora va por los votos de los kirchneristas. (Foto: PJ bonaerense).\"\/><figcaption class=\"wp-element-caption\">Massa logr\u00f3 el apoyo de Cristina y M\u00e1ximo Kirchner. Ahora va por los votos de los kirchneristas. (Foto: PJ bonaerense).<\/figcaption><\/figure>\n\n\n\n<p>El ministro de Econom\u00eda\u00a0<strong>acept\u00f3 entregar las principales candidaturas de la provincia de Buenos Aires al kirchnerismo<\/strong>, empezando por M\u00e1ximo y\u00a0<strong>acaba de nombrar a\u00a0<\/strong><a rel=\"noreferrer noopener\" href=\"https:\/\/tn.com.ar\/politica\/2023\/07\/08\/wado-de-pedro-al-frente-de-la-campana-de-massa-para-evitar-la-fuga-de-votos-k-y-consolidar-la-formula-federal\/\" target=\"_blank\"><strong>Wado de Pedro<\/strong><\/a><strong>\u00a0como jefe de Campa\u00f1a<\/strong>. Pensar que lo hizo solo porque el ministro del Interior tuvo un paso fugaz por la candidatura presidencial ser\u00eda un error.<\/p>\n\n\n\n<p>Wado sigue siendo el preferido de Cristina, a pesar de los chispazos que esto gener\u00f3 en su relaci\u00f3n con M\u00e1ximo. Es un C\u00e1mpora de pura cepa. El puente que el tigrense necesita.<\/p>\n\n\n\n<p>Tiene en claro, entre otras cosas, que<strong>&nbsp;necesita de esos votos para que Malena Galmarini, su esposa, sea ungida intendenta de Tigre<\/strong>.<\/p>\n\n\n\n<figure class=\"wp-block-image\"><img decoding=\"async\" src=\"https:\/\/tn.com.ar\/resizer\/HIQAisnBJmBlF6YN_P459qCnujI=\/767x0\/smart\/filters:format(webp)\/cloudfront-us-east-1.images.arcpublishing.com\/artear\/P2GS22E5PRDZXFOIK6NHBGURLY.jpg\" alt=\"Massa necesita de los votos de La C\u00e1mpora para que Malena Galmarini, su esposa, sea ungida intendenta de Tigre. (Foto: Instagram\/@malenagalmarini)\"\/><figcaption class=\"wp-element-caption\">Massa necesita de los votos de La C\u00e1mpora para que Malena Galmarini, su esposa, sea ungida intendenta de Tigre. (Foto: Instagram\/@malenagalmarini)<\/figcaption><\/figure>\n\n\n\n<p>Despu\u00e9s de todo, una de las cuestiones que obsesiona a Massa es evitar que La C\u00e1mpora corte boleta y deje su imagen en los pupitres de las escuelas.<\/p>\n\n\n\n<p>Aunque no solo la tijera puede llevarla el kirchnerismo. Los intendentes peronistas del conurbano tienen una vasta experiencia en eso de cortar boletas. Y ah\u00ed tambi\u00e9n se la juega Massa.<\/p>\n\n\n\n<p>La mesa pol\u00edtica bonaerense, creada en la semana que acaba de terminar, ser\u00e1 el escenario adecuado para discutir la estrategia en el principal distrito del pa\u00eds, donde todos se juegan todo.<\/p>\n\n\n\n<p><strong>Massa por la presidencia, Axel Kicillof por la reelecci\u00f3n como gobernador<\/strong>&nbsp;al igual que muchos intendentes del conurbano, y La C\u00e1mpora por hacer una elecci\u00f3n que garantice a sus miembros una buena representaci\u00f3n en el Congreso Nacional y la legislatura bonaerense.<\/p>\n\n\n\n<figure class=\"wp-block-image\"><img decoding=\"async\" src=\"https:\/\/tn.com.ar\/resizer\/98ZHCYBEd_pvakMQnLOqGeiBglY=\/767x0\/smart\/filters:format(webp)\/cloudfront-us-east-1.images.arcpublishing.com\/artear\/6RWDKJ7DWRFH5G2SDYUQTXLYHA.jpg\" alt=\"Massa va por la presidencia, Axel Kicillof por la reelecci\u00f3n como gobernador. Siempre bajo la atenta mirada del l\u00edder de La C\u00e1mpora. (Foto: Prensa Uni\u00f3n por la Patria)\"\/><figcaption class=\"wp-element-caption\">Massa va por la presidencia, Axel Kicillof por la reelecci\u00f3n como gobernador. Siempre bajo la atenta mirada del l\u00edder de La C\u00e1mpora. (Foto: Prensa Uni\u00f3n por la Patria)<\/figcaption><\/figure>\n\n\n\n<p>Por esa raz\u00f3n,&nbsp;<strong>Massa comenzar\u00e1 a caminar y mucho la provincia<\/strong>. Y lo har\u00e1 de la mano de los tradicionales&nbsp;<strong>barones del conurbano<\/strong>&nbsp;y de las principales espadas del kirchnerismo.<\/p>\n\n\n\n<p>El viernes, en San Fernando y en medio del conflicto por el\u00a0<strong>paro de colectivos<\/strong>, se vio a un Massa endureciendo el\u00a0<strong>discurso contra los empresarios\u00a0<\/strong>del sector, a modo de campa\u00f1a y usando t\u00e9rminos que bien podr\u00edan haber estado en boca de Cristina o M\u00e1ximo Kirchner. Por algo se empieza.<\/p>\n\n\n\n<p>Fuente: TN<\/p>\n","protected":false},"excerpt":{"rendered":"<div class=\"mh-excerpt\"><p>Sergio Massa&nbsp;logr\u00f3 su objetivo. Por el que siempre trabaj\u00f3.&nbsp;Ser candidato a Presidente, aunque en el peor momento. Por esa raz\u00f3n, debe sumar y nunca restar. Ah\u00ed est\u00e1 el problema. Debe lograr que el kichnerismo duro, representado mayoritariamente en La C\u00e1mpora, le d\u00e9 sus votos sin importar las cuentas pendientes de la \u00e9poca en que promet\u00eda barrer a los \u00f1oquis de esa agrupaci\u00f3n. No es poco lo que logr\u00f3 hasta el momento: el apoyo de Cristina y M\u00e1ximo Kirchner. Como suele decirse, no los une el amor sino el espanto, con la posibilidad de sufrir una dura derrota en manos de <a class=\"mh-excerpt-more\" href=\"http:\/\/dsrmedios.com.ar\/diario\/archivos\/36789\" title=\"Massa activ\u00f3 la segunda fase del plan para seducir a La C\u00e1mpora y evitar cortocircuitos durante la campa\u00f1a\">[Leer m\u00e1s]<\/a><\/p>\n<\/div>","protected":false},"author":8,"featured_media":32828,"comment_status":"open","ping_status":"closed","sticky":false,"template":"","format":"standard","meta":{"_jetpack_newsletter_access":""},"categories":[6],"tags":[],"jetpack_featured_media_url":"http:\/\/dsrmedios.com.ar\/diario\/wp-content\/uploads\/2023\/05\/massa-9-940x627-1.jpg","jetpack_sharing_enabled":true,"jetpack_shortlink":"https:\/\/wp.me\/p9fihK-9zn","_links":{"self":[{"href":"http:\/\/dsrmedios.com.ar\/diario\/wp-json\/wp\/v2\/posts\/36789"}],"collection":[{"href":"http:\/\/dsrmedios.com.ar\/diario\/wp-json\/wp\/v2\/posts"}],"about":[{"href":"http:\/\/dsrmedios.com.ar\/diario\/wp-json\/wp\/v2\/types\/post"}],"author":[{"embeddable":true,"href":"http:\/\/dsrmedios.com.ar\/diario\/wp-json\/wp\/v2\/users\/8"}],"replies":[{"embeddable":true,"href":"http:\/\/dsrmedios.com.ar\/diario\/wp-json\/wp\/v2\/comments?post=36789"}],"version-history":[{"count":1,"href":"http:\/\/dsrmedios.com.ar\/diario\/wp-json\/wp\/v2\/posts\/36789\/revisions"}],"predecessor-version":[{"id":36790,"href":"http:\/\/dsrmedios.com.ar\/diario\/wp-json\/wp\/v2\/posts\/36789\/revisions\/36790"}],"wp:featuredmedia":[{"embeddable":true,"href":"http:\/\/dsrmedios.com.ar\/diario\/wp-json\/wp\/v2\/media\/32828"}],"wp:attachment":[{"href":"http:\/\/dsrmedios.com.ar\/diario\/wp-json\/wp\/v2\/media?parent=36789"}],"wp:term":[{"taxonomy":"category","embeddable":true,"href":"http:\/\/dsrmedios.com.ar\/diario\/wp-json\/wp\/v2\/categories?post=36789"},{"taxonomy":"post_tag","embeddable":true,"href":"http:\/\/dsrmedios.com.ar\/diario\/wp-json\/wp\/v2\/tags?post=36789"}],"curies":[{"name":"wp","href":"https:\/\/api.w.org\/{rel}","templated":true}]}}