{"id":36770,"date":"2023-07-09T12:09:04","date_gmt":"2023-07-09T15:09:04","guid":{"rendered":"http:\/\/dsrmedios.com.ar\/diario\/?p=36770"},"modified":"2023-07-09T12:09:08","modified_gmt":"2023-07-09T15:09:08","slug":"paso-2023-alberto-fernandez-y-cristina-se-muestran-juntos-para-apoyar-a-la-candidatura-de-massa-pese-a-sus-diferencias-personales-y-politicas","status":"publish","type":"post","link":"http:\/\/dsrmedios.com.ar\/diario\/archivos\/36770","title":{"rendered":"PASO 2023: Alberto Fern\u00e1ndez y Cristina se muestran juntos para apoyar a la candidatura de Massa, pese a sus diferencias personales y pol\u00edticas"},"content":{"rendered":"\n<p><strong>Sergio Massa hizo un trabajo silencioso<\/strong>&nbsp;para lograr que&nbsp;<strong>Alberto Fern\u00e1ndez&nbsp;<\/strong>y&nbsp;<strong>Cristina Fern\u00e1ndez de Kirchner&nbsp;<\/strong>acepten compartir la inauguraci\u00f3n del&nbsp;<strong>Gasoducto Presidente N\u00e9stor Kirchner (GPNK)<\/strong>, pese a las diferencias personales y pol\u00edticas que transformaron a los socios fundadores del Frente de Todos en enemigos irreconciliables que simulan convivir en la coalici\u00f3n oficialista Uni\u00f3n por la Patria.<\/p>\n\n\n\n<p>El candidato presidencial Massa dise\u00f1\u00f3 una estrategia electoral que se apoya en su gesti\u00f3n como ministro de Econom\u00eda y en la pretendida unidad de todos los sectores que integran el oficialismo. Desde esta perspectiva, y ante la inauguraci\u00f3n del Gasoducto N\u00e9stor Kirchner, a Massa no le quedaba otra alternativa que juntar por tres horas a Alberto Fern\u00e1ndez y CFK en el escenario que anoche ya estaba levantado en el pueblo bonaerense de Salliquel\u00f3.<\/p>\n\n\n\n<p>El acto est\u00e1 previsto para las 15.00, y&nbsp;<strong>su formato mereci\u00f3 otra pulseada silenciosa y compleja<\/strong>&nbsp;entre las facciones en pugna. Al final se resolvi\u00f3 que Massa abrir\u00e1 la lista de oradores, a continuaci\u00f3n har\u00e1 su discurso Cristina y Alberto Fern\u00e1ndez cerrar\u00e1 el inesperado acontecimiento pol\u00edtico.<\/p>\n\n\n\n<p>Habr\u00e1 un v\u00eddeo institucional como apertura y&nbsp;<strong>400 invitados especiales<\/strong>&nbsp;entre integrantes del Gabinete, gobernadores, intendentes, empresarios, sindicalistas y legisladores nacionales. Pese a las dificultades para llegar a Salliquel\u00f3, el aparato de Uni\u00f3n por la Patria&nbsp;<strong>movilizar\u00e1 -al menos- 3.000 militantes<\/strong>&nbsp;para cantar el himno nacional y la Marcha Peronista.<\/p>\n\n\n\n<p><img decoding=\"async\" loading=\"lazy\" alt=\"Los ministros Massa y De Pedro en una reuni\u00f3n con gobernadores peronistas. Massa es el candidato a presidente de Uni\u00f3n por la Patria, y De Pedro su jefe de campa\u00f1a electoral. (Maximiliano Luna)\" height=\"1390\" width=\"1920\" class=\"\" src=\"https:\/\/www.infobae.com\/new-resizer\/ErVLoklt7GA9SrC6oXOnkDNij2A=\/1920x1390\/filters:format(webp):quality(85)\/cloudfront-us-east-1.images.arcpublishing.com\/infobae\/QWNHVQO2A5GLXMYAX23JYXDTFM.jpg\" srcset=\"https:\/\/www.infobae.com\/new-resizer\/72LlbXhPDEIa_F9KVrB-0ZrI7II=\/420x315\/filters:format(webp):quality(85)\/cloudfront-us-east-1.images.arcpublishing.com\/infobae\/QWNHVQO2A5GLXMYAX23JYXDTFM.jpg 420w,https:\/\/www.infobae.com\/new-resizer\/C5sNQV-pB6c3j16bppBF3y65U5M=\/768x576\/filters:format(webp):quality(85)\/cloudfront-us-east-1.images.arcpublishing.com\/infobae\/QWNHVQO2A5GLXMYAX23JYXDTFM.jpg 768w,https:\/\/www.infobae.com\/new-resizer\/oiaC6B4TmtFVekpcaE5gV_8bMzk=\/992x744\/filters:format(webp):quality(85)\/cloudfront-us-east-1.images.arcpublishing.com\/infobae\/QWNHVQO2A5GLXMYAX23JYXDTFM.jpg 992w,https:\/\/www.infobae.com\/new-resizer\/ICpxOdalJeSZPoySRGj9eC5ISG4=\/1200x900\/filters:format(webp):quality(85)\/cloudfront-us-east-1.images.arcpublishing.com\/infobae\/QWNHVQO2A5GLXMYAX23JYXDTFM.jpg 1200w,https:\/\/www.infobae.com\/new-resizer\/Chg3gd0d2iXaXIOMuzZnKL6k8i4=\/1440x1080\/filters:format(webp):quality(85)\/cloudfront-us-east-1.images.arcpublishing.com\/infobae\/QWNHVQO2A5GLXMYAX23JYXDTFM.jpg 1440w\">Los ministros Massa y De Pedro en una reuni\u00f3n con gobernadores peronistas. Massa es el candidato a presidente de Uni\u00f3n por la Patria, y De Pedro su jefe de campa\u00f1a electoral. (Maximiliano Luna)<\/p>\n\n\n\n<p>Alberto Fern\u00e1ndez asigna una importancia estrat\u00e9gica a la<em>&nbsp;foto de unidad&nbsp;<\/em>que protagonizar\u00e1 junto a Massa y CFK. En este sentido,&nbsp;<strong>el presidente decidi\u00f3 faltar a la cita oficial del 9 de Julio en Tucum\u00e1n&nbsp;<\/strong>para rendir tributo a la Independencia Nacional. Era imposible estar en San Miguel de Tucum\u00e1n a la ma\u00f1ana y llegar a SalLiquel\u00f3 por la tarde. El jefe de Estado grab\u00f3 un mensaje institucional y de esa manera llegar\u00e1 sin problemas a la inauguraci\u00f3n del gasoducto N\u00e9stor Kirchner.<\/p>\n\n\n\n<p>Massa articul\u00f3 una estrategia de disuasi\u00f3n con Alberto Fern\u00e1ndez y Cristina, pero no tiene el control pol\u00edtico de los acontecimientos que devendr\u00e1n. El presidente y la vicepresidente ya no tienen relaci\u00f3n personal, y en p\u00fablico no ocultan sus diferencias respecto a la gesti\u00f3n del gobierno.<\/p>\n\n\n\n<p><strong>Los tres actores principales del evento conocen las reglas de juego.<\/strong>&nbsp;Sin embargo, el peronismo tiene una larga historia de situaciones pol\u00edticas que desembocaron en crisis institucionales.<\/p>\n\n\n\n<p>El ministro de Econom\u00eda abrir\u00e1 la lista de oradores. Massa har\u00e1 hincapi\u00e9 en la celeridad que se aplic\u00f3 para construir el gasoducto, en las fuentes laborales que se crearon por su construcci\u00f3n, cuestionar\u00e1 la decisi\u00f3n del gobierno de Mauricio Macri que fren\u00f3 las obras, rescatar\u00e1 el papel de las empresas argentina y explicar\u00e1 que&nbsp;<strong>el emprendimiento p\u00fablico permitir\u00e1 ahorrar 4.200 millones de d\u00f3lares<\/strong>&nbsp;en la compra de energ\u00eda que se hab\u00eda previsto en 2024 para satisfacer la demanda local.<\/p>\n\n\n\n<p>A su vez, el candidato presidencial insistir\u00e1 con su convocatoria a la unidad del oficialismo frente a las diferencias que exhiben Horacio Rodr\u00edguez Larreta y Patricia Bullrich en Juntos por el Cambio. Massa cree que puede llegar a Balcarce 50 por su gesti\u00f3n econ\u00f3mica y lo que denomina&nbsp;<em>fractura expuesta<\/em>&nbsp;de la coalici\u00f3n opositora.<\/p>\n\n\n\n<p><strong>Cristina Fern\u00e1ndez aplaudir\u00e1 a Massa y tomar\u00e1 el micr\u00f3fono.<\/strong>&nbsp;Se aguarda un cuestionamiento \u00e1cido al Fondo Monetario Internacional, un velado silencio a la gesti\u00f3n de Alberto Fern\u00e1ndez y una convocatoria a la movilizaci\u00f3n del peronismo para evitar que Juntos por el Cambio acceda a Balcarce 50. La vicepresidenta -de hecho- es la jefa de la campa\u00f1a electoral y su discurso presentar\u00e1 la hoja de ruta para Uni\u00f3n por la Patria rumbo a las PASO del 13 de agosto.<\/p>\n\n\n\n<p><img decoding=\"async\" loading=\"lazy\" alt=\"Sergio Massa, Alberto Fern\u00e1ndez y Cristina Kirchner durante un acto oficial. (NA)\" height=\"1080\" width=\"1920\" class=\"\" src=\"https:\/\/www.infobae.com\/new-resizer\/746RY_XPUpJUf-qsmEGvC1jVW5U=\/1920x1080\/filters:format(webp):quality(85)\/cloudfront-us-east-1.images.arcpublishing.com\/infobae\/VYBC4OJ4JVCABAPXS5CNLQPCOQ.jpg\" srcset=\"https:\/\/www.infobae.com\/new-resizer\/VTy8LnV69XqQ0P1MADIVAtmnAD8=\/420x236\/filters:format(webp):quality(85)\/cloudfront-us-east-1.images.arcpublishing.com\/infobae\/VYBC4OJ4JVCABAPXS5CNLQPCOQ.jpg 420w,https:\/\/www.infobae.com\/new-resizer\/5X0-L8WDkj7megfYO-qm0a4zyRM=\/768x432\/filters:format(webp):quality(85)\/cloudfront-us-east-1.images.arcpublishing.com\/infobae\/VYBC4OJ4JVCABAPXS5CNLQPCOQ.jpg 768w,https:\/\/www.infobae.com\/new-resizer\/npeZvO3AsMTT5DlwFkoWvzQHd38=\/992x558\/filters:format(webp):quality(85)\/cloudfront-us-east-1.images.arcpublishing.com\/infobae\/VYBC4OJ4JVCABAPXS5CNLQPCOQ.jpg 992w,https:\/\/www.infobae.com\/new-resizer\/c62DxeQFCuU1kHTKUKOdJ3jqXX0=\/1200x675\/filters:format(webp):quality(85)\/cloudfront-us-east-1.images.arcpublishing.com\/infobae\/VYBC4OJ4JVCABAPXS5CNLQPCOQ.jpg 1200w,https:\/\/www.infobae.com\/new-resizer\/CqlzeHmBvhaDQ-SqojuvE3BVbvM=\/1440x810\/filters:format(webp):quality(85)\/cloudfront-us-east-1.images.arcpublishing.com\/infobae\/VYBC4OJ4JVCABAPXS5CNLQPCOQ.jpg 1440w\">Sergio Massa, Alberto Fern\u00e1ndez y Cristina Kirchner durante un acto oficial. (NA)<\/p>\n\n\n\n<p>Alberto Fern\u00e1ndez cerrar\u00e1 la inauguraci\u00f3n del gasoducto N\u00e9stor Kirchner. El presidente defender\u00e1 su gesti\u00f3n -con CFK a su lado-, cuestionar\u00e1 a la oposici\u00f3n que lideran Rodr\u00edguez Larreta y Bullrich, condenar\u00e1 la posici\u00f3n del FMI ante la Argentina y&nbsp;<strong>har\u00e1 una convocatoria a la unidad partidaria<\/strong>&nbsp;para lograr que Massa se transforme en su sucesor el 10 de diciembre.<\/p>\n\n\n\n<p>La tensi\u00f3n pol\u00edtica en Salliquel\u00f3 crecer\u00e1 de manera geom\u00e9trica cuando Alberto Fern\u00e1ndez y Cristina se sienten frente a la mesa que ocupar\u00e1 el centro del escenario montado para la inauguraci\u00f3n del gasoducto. Los dos saben que una chispa discursiva puede causar un incendio pol\u00edtico que\u00a0<strong>reduzca a cenizas\u00a0<\/strong>el sue\u00f1o presidencial del ministro Massa.<\/p>\n\n\n\n<p>Fuente: Infobae<\/p>\n","protected":false},"excerpt":{"rendered":"<div class=\"mh-excerpt\"><p>Sergio Massa hizo un trabajo silencioso&nbsp;para lograr que&nbsp;Alberto Fern\u00e1ndez&nbsp;y&nbsp;Cristina Fern\u00e1ndez de Kirchner&nbsp;acepten compartir la inauguraci\u00f3n del&nbsp;Gasoducto Presidente N\u00e9stor Kirchner (GPNK), pese a las diferencias personales y pol\u00edticas que transformaron a los socios fundadores del Frente de Todos en enemigos irreconciliables que simulan convivir en la coalici\u00f3n oficialista Uni\u00f3n por la Patria. El candidato presidencial Massa dise\u00f1\u00f3 una estrategia electoral que se apoya en su gesti\u00f3n como ministro de Econom\u00eda y en la pretendida unidad de todos los sectores que integran el oficialismo. Desde esta perspectiva, y ante la inauguraci\u00f3n del Gasoducto N\u00e9stor Kirchner, a Massa no le quedaba otra alternativa <a class=\"mh-excerpt-more\" href=\"http:\/\/dsrmedios.com.ar\/diario\/archivos\/36770\" title=\"PASO 2023: Alberto Fern\u00e1ndez y Cristina se muestran juntos para apoyar a la candidatura de Massa, pese a sus diferencias personales y pol\u00edticas\">[Leer m\u00e1s]<\/a><\/p>\n<\/div>","protected":false},"author":8,"featured_media":36771,"comment_status":"open","ping_status":"closed","sticky":false,"template":"","format":"standard","meta":{"_jetpack_newsletter_access":""},"categories":[6],"tags":[],"jetpack_featured_media_url":"http:\/\/dsrmedios.com.ar\/diario\/wp-content\/uploads\/2023\/07\/images-16.jpg","jetpack_sharing_enabled":true,"jetpack_shortlink":"https:\/\/wp.me\/p9fihK-9z4","_links":{"self":[{"href":"http:\/\/dsrmedios.com.ar\/diario\/wp-json\/wp\/v2\/posts\/36770"}],"collection":[{"href":"http:\/\/dsrmedios.com.ar\/diario\/wp-json\/wp\/v2\/posts"}],"about":[{"href":"http:\/\/dsrmedios.com.ar\/diario\/wp-json\/wp\/v2\/types\/post"}],"author":[{"embeddable":true,"href":"http:\/\/dsrmedios.com.ar\/diario\/wp-json\/wp\/v2\/users\/8"}],"replies":[{"embeddable":true,"href":"http:\/\/dsrmedios.com.ar\/diario\/wp-json\/wp\/v2\/comments?post=36770"}],"version-history":[{"count":1,"href":"http:\/\/dsrmedios.com.ar\/diario\/wp-json\/wp\/v2\/posts\/36770\/revisions"}],"predecessor-version":[{"id":36772,"href":"http:\/\/dsrmedios.com.ar\/diario\/wp-json\/wp\/v2\/posts\/36770\/revisions\/36772"}],"wp:featuredmedia":[{"embeddable":true,"href":"http:\/\/dsrmedios.com.ar\/diario\/wp-json\/wp\/v2\/media\/36771"}],"wp:attachment":[{"href":"http:\/\/dsrmedios.com.ar\/diario\/wp-json\/wp\/v2\/media?parent=36770"}],"wp:term":[{"taxonomy":"category","embeddable":true,"href":"http:\/\/dsrmedios.com.ar\/diario\/wp-json\/wp\/v2\/categories?post=36770"},{"taxonomy":"post_tag","embeddable":true,"href":"http:\/\/dsrmedios.com.ar\/diario\/wp-json\/wp\/v2\/tags?post=36770"}],"curies":[{"name":"wp","href":"https:\/\/api.w.org\/{rel}","templated":true}]}}