{"id":36767,"date":"2023-07-09T12:07:08","date_gmt":"2023-07-09T15:07:08","guid":{"rendered":"http:\/\/dsrmedios.com.ar\/diario\/?p=36767"},"modified":"2023-07-09T12:07:11","modified_gmt":"2023-07-09T15:07:11","slug":"gasoducto-nestor-kirchner-ahorro-de-dolares-proyeccion-exportadora-y-otros-detalles-de-la-obra-que-renueva-la-ilusion-del-pais-gasifero","status":"publish","type":"post","link":"http:\/\/dsrmedios.com.ar\/diario\/archivos\/36767","title":{"rendered":"Gasoducto N\u00e9stor Kirchner: ahorro de d\u00f3lares, proyecci\u00f3n exportadora y otros detalles de la obra que renueva la ilusi\u00f3n del \u201cpa\u00eds gas\u00edfero\u201d"},"content":{"rendered":"\n<p>Este domingo el Gobierno celebrar\u00e1 la inauguraci\u00f3n de la primera etapa del \u201cGasoducto Presidente N\u00e9stor Kirchner\u201d (GPNK) en un acto de tinte tanto econ\u00f3mico como pol\u00edtico, pues formar\u00e1 parte de la campa\u00f1a electoral del oficialismo. Se prev\u00e9 la asistencia de sus tres m\u00e1ximas figuras: el presidente de la Naci\u00f3n,&nbsp;<strong>Alberto Fern\u00e1ndez<\/strong>, su vice,&nbsp;<strong>Cristina Fern\u00e1ndez de Kirchner<\/strong>&nbsp;(CFK) y el ministro de Econom\u00eda y principal precandidato presidencial de la ahora llamada \u201cUni\u00f3n por la Patria\u201d (UP),&nbsp;<strong>Sergio Massa<\/strong>.<\/p>\n\n\n\n<p>Del acto participar\u00e1n tambi\u00e9n el gobernador bonaerense (y \u00fanico precandidato oficialista al mismo cargo)<strong>&nbsp;Axel Kicillof<\/strong>, sus pares de Neuqu\u00e9n,<strong>&nbsp;Omar Guti\u00e9rrez<\/strong>; R\u00edo Negro,<strong>&nbsp;Arabela Carreras<\/strong>; y La Pampa,&nbsp;<strong>Sergio Ziliotto<\/strong>, am\u00e9n de legisladores y dirigentes oficialistas, como el presidente del PJ bonaerense y cabeza de lista a diputado nacional de UP en Buenos Aires,&nbsp;<strong>M\u00e1ximo Kirchner,<\/strong>&nbsp;y funcionarios, como los santacruce\u00f1os&nbsp;<strong>Agust\u00edn Gerez<\/strong>, presidente de Enarsa (la empresa de mayor\u00eda estatal que administrar\u00e1 el gasoducto por 35 a\u00f1os) y&nbsp;<strong>Pablo Gonz\u00e1lez<\/strong>, presidente de YPF.<\/p>\n\n\n\n<p>El acto ser\u00e1 a las 15 horas en la Estaci\u00f3n de Medici\u00f3n (Emed) Salliquel\u00f3 del gasoducto, en el&nbsp;<strong>km 285 de la ruta provincial 85<\/strong>, donde el GPNK se conectar\u00e1 con la red troncal de gasoductos de la Argentina.<\/p>\n\n\n\n<p><img decoding=\"async\" loading=\"lazy\" alt=\"Uno de los hitos de la obra\" height=\"369\" width=\"657\" class=\"\" src=\"https:\/\/www.infobae.com\/new-resizer\/UWIwxbIFxl0pVJSuPsy_Tv2r0AE=\/657x369\/filters:format(webp):quality(85)\/cloudfront-us-east-1.images.arcpublishing.com\/infobae\/LSK3KBTSXJETPEDUENINLLP3SM.jfif\" srcset=\"https:\/\/www.infobae.com\/new-resizer\/c72qm_o1XfghqwaJTRlqbf-bW_s=\/420x236\/filters:format(webp):quality(85)\/cloudfront-us-east-1.images.arcpublishing.com\/infobae\/LSK3KBTSXJETPEDUENINLLP3SM.jfif 420w,https:\/\/www.infobae.com\/new-resizer\/oyAVDrgWEKg6UQeLn-QcxLd-5lE=\/768x432\/filters:format(webp):quality(85)\/cloudfront-us-east-1.images.arcpublishing.com\/infobae\/LSK3KBTSXJETPEDUENINLLP3SM.jfif 768w,https:\/\/www.infobae.com\/new-resizer\/jtWXYBiYPqDq923tNcf1wZ8kADU=\/992x558\/filters:format(webp):quality(85)\/cloudfront-us-east-1.images.arcpublishing.com\/infobae\/LSK3KBTSXJETPEDUENINLLP3SM.jfif 992w,https:\/\/www.infobae.com\/new-resizer\/oZvZTKWf_jbEurahKeRcN9Dckj8=\/1200x675\/filters:format(webp):quality(85)\/cloudfront-us-east-1.images.arcpublishing.com\/infobae\/LSK3KBTSXJETPEDUENINLLP3SM.jfif 1200w,https:\/\/www.infobae.com\/new-resizer\/_vP1xgtiRqXAj1j_1FyFBqnhujw=\/1440x810\/filters:format(webp):quality(85)\/cloudfront-us-east-1.images.arcpublishing.com\/infobae\/LSK3KBTSXJETPEDUENINLLP3SM.jfif 1440w\">Uno de los hitos de la obra<\/p>\n\n\n\n<p>\u201cEl 20 de junio concluyeron las obras y se habilit\u00f3 la planta EMED Tratay\u00e9n, en Neuqu\u00e9n, y los primeros 29 km, mientras que en los sucesivos d\u00edas se fueron poniendo en funcionamiento nuevos tramos hasta alcanzar el km 285 de la traza. El s\u00e1bado 8 de julio se abrir\u00e1 la v\u00e1lvula del km 285 que habilitar\u00e1 hasta el km 570, para que el gas pueda fluir hasta Salliquel\u00f3 y continuar as\u00ed hasta alcanzar el llenado total de los 573 kil\u00f3metros del gasoducto. La habilitaci\u00f3n parcial y progresiva, procedimiento habitual en este tipo de operaciones, tiene por objetivo garantizar el llenado homog\u00e9neo del ducto con gas natural desplazando por completo el aire e involucra fases de barrido y presurizaci\u00f3n de las ca\u00f1er\u00edas. Adem\u00e1s, permite probar el funcionamiento de los sistemas de medici\u00f3n y regulaci\u00f3n de las plantas\u201d, detall\u00f3 Enarsa en un comunicado.<\/p>\n\n\n\n<h2>Contratos, ca\u00f1os, pulgadas y extensi\u00f3n<\/h2>\n\n\n\n<p>\u201cLa construcci\u00f3n del GPNK se inici\u00f3 tras la firma de contratos en agosto de 2022, cuando comenzaron los trabajos de movimiento de suelo, traslado de equipamiento y apertura de pista, que es el \u201ccamino\u201d por donde se coloca el gasoducto. Luego de las primeras soldaduras en la traza, se avanz\u00f3 con un promedio de 5 km diarios contando los tres frentes de obra. As\u00ed fue como se tendieron m\u00e1s de 47.700 ca\u00f1os de 12 metros de largo y de 36 pulgadas de di\u00e1metro, en los 573 kil\u00f3metros de extensi\u00f3n del GPNK entre Tratay\u00e9n y Salliquel\u00f3, atravesando las provincias de Neuqu\u00e9n, R\u00edo Negro, La Pampa y Buenos Aires. Es una obra fundamental e hist\u00f3rica, que permitir\u00e1 incrementar la producci\u00f3n de Vaca Muerta (segunda reserva de gas no convencional del mundo), ampliar la capacidad de transporte de gas y hacerlo llegar a los centros de consumo permitiendo un ahorro anual de USD 4.200 millones por a\u00f1o en sustituci\u00f3n de importaciones de combustibles\u201d, precis\u00f3 la entidad encabezada por Agust\u00edn Gerez.<\/p>\n\n\n\n<blockquote class=\"wp-block-quote\">\n<p>El quantum del ahorro y la posterior ganancia por exportaciones depender\u00e1 de cu\u00e1ndo efectivamente empiece a fluir el gas, cu\u00e1nto tiempo lleven la segunda etapa del GPNK y las obras complementarias<\/p>\n<\/blockquote>\n\n\n\n<p>La obra se considera clave para, en una primera etapa, ahorrar importaciones de gas, tanto del fluido proveniente de Bolivia, por gasoducto, como del que llega como Gas Natural Licuado (GNL) en buques metaneros, a las estaciones flotantes de regasificaci\u00f3n de Escobar y Bah\u00eda Blanca. Esas compras le costaron al pa\u00eds, a partir de 2008, decenas de miles de millones de d\u00f3lares, cuya carencia ahoga hoy a la econom\u00eda argentina y es el nudo de la dura, larga y a\u00fan inconclusa negociaci\u00f3n de Econom\u00eda con el FMI.<\/p>\n\n\n\n<h2>Pa\u00eds gas\u00edfero<\/h2>\n\n\n\n<p>Es, adem\u00e1s, un paso clave para que la Argentina pueda preservar la condici\u00f3n de pa\u00eds gas\u00edfero (el gas es la fuente primaria de casi 60% de la energ\u00eda que consume) iniciada en los 70, con el descubrimiento del mega yacimiento de&nbsp;<strong>Loma La Lata<\/strong>, tambi\u00e9n en Neuqu\u00e9n, y cimentada a partir de los 80 con obras como los Gasoductos Centro-Oeste) y Neuba 2 y la repotenciaci\u00f3n del gasoducto del Norte.<\/p>\n\n\n\n<p>De resultas, la red argentina de gasoductos, cuyo primer hito fue, en 1949, el ca\u00f1o de gas entre Comodoro Rivadavia, Chubut, y Llavallol, Buenos Aires, es con m\u00e1s de 16.000 kil\u00f3metros la novena m\u00e1s larga del mundo, detr\u00e1s de EEUU (342.303 km), China (117.017), Rusia (99.022), Canad\u00e1 (61.343), Australia (28.478), India (19.365) y M\u00e9xico (17.398), seg\u00fan los datos m\u00e1s recientes del Global Gas Infrastructure Tracker (GGIT).<\/p>\n\n\n\n<p><img decoding=\"async\" loading=\"lazy\" alt=\"En negro, la traza del gasoducto, del que hoy se inaugurar\u00e1 la primera etapa\" height=\"356\" width=\"582\" class=\"\" src=\"https:\/\/www.infobae.com\/new-resizer\/KL6Wk5L62ultN4U4hdWG93yUIOw=\/582x356\/filters:format(webp):quality(85)\/cloudfront-us-east-1.images.arcpublishing.com\/infobae\/X3Z6Q7SOABDXRJJ3HPT53ELTCE.png\" srcset=\"https:\/\/www.infobae.com\/new-resizer\/b3w_D60cBbQJw6M_PB7JADjhVyw=\/992x606\/filters:format(webp):quality(85)\/cloudfront-us-east-1.images.arcpublishing.com\/infobae\/X3Z6Q7SOABDXRJJ3HPT53ELTCE.png 992w\">En negro, la traza del gasoducto, del que hoy se inaugurar\u00e1 la primera etapa<\/p>\n\n\n\n<p>La primera etapa del GPNK agrega cerca de 3,5% de longitud a la red existente, que&nbsp;<a href=\"https:\/\/www.enargas.gob.ar\/secciones\/informacion-geografica\/Mapas\/SistTranspDistrib\/Transporte.pdf\" target=\"_blank\" rel=\"noreferrer noopener\">puede apreciarse en el sitio de Enargas en Internet<\/a>, pero se trata de una adici\u00f3n clave, pues permitir\u00e1 en una primera etapa inyectar 11 millones de metros c\u00fabicos diarios (11Mm3d) m\u00e1s de gas y aumentar el abastecimiento al \u00c1rea Metropolitana de Buenos Aires (AMBA), principal n\u00facleo de poblaci\u00f3n y consumo energ\u00e9tico del pa\u00eds, achicando la cuenta importadora.<\/p>\n\n\n\n<p>El quantum de ese ahorro y la posterior ganancia por exportaciones depender\u00e1 de cu\u00e1ndo efectivamente empiece a fluir el gas, cu\u00e1nto tiempo lleven la segunda etapa del GPNK (entre Salliquel\u00f3 y San Jer\u00f3nimo, Santa Fe, para llevar gas al norte y exportar a Brasil) y obras complementarias, como la instalaci\u00f3n de dos compresoras (se estima que para 2024) y la \u201creversi\u00f3n\u201d del Gasoducto del Noreste Argentino (GNEA, obra anunciada en noviembre de 2003, iniciada en 2008 y nunca del todo completada), que de pensada para importar gas de Bolivia pasar\u00e1 a funcionar en sentido inverso, llevando gas de Vaca Muerta, la \u201cjoya energ\u00e9tica\u201d argentina.<\/p>\n\n\n\n<h2>Tiempos<\/h2>\n\n\n\n<p>Durante la semana circul\u00f3 en un grupo de WhatsApp de energ\u00eda un escrito sosteniendo que, en verdad, la primera etapa del GPNK estar\u00eda en solo un 70%, \u201craz\u00f3n por la cual en el despacho \u00fanico de carga todav\u00eda no se declaran vol\u00famenes de gas asignados al gasoducto\u201d.<\/p>\n\n\n\n<p>Un exfuncionario kirchnerista y consultor energ\u00e9tico dijo en off a&nbsp;<strong>Infobae<\/strong>&nbsp;que el atraso no es tanto. El gasoducto est\u00e1 en proceso de llenado y verificaci\u00f3n y la primera etapa, explic\u00f3, \u201cestar\u00eda completa en la primera o segunda semana de agosto\u201d, cuando el gas fluir\u00eda efectivamente al AMBA y el Gran Buenos Aires.<strong>&nbsp;El ahorro de importaci\u00f3n se limitar\u00eda este a\u00f1o al fin de la etapa de mayor consumo<\/strong>&nbsp;-que, como se observa en el gr\u00e1fico, empieza a fines de abril y dura hasta el fin del invierno- y ser\u00eda pleno a partir del a\u00f1o que viene.<\/p>\n\n\n\n<p><img decoding=\"async\" loading=\"lazy\" alt=\"Evoluci\u00f3n de la demanda de gas a lo largo de los \u00faltimos 12 meses. El pico de consumo invernal empieza a fines de abril y contin\u00faa hasta el fin del invierno\" height=\"1293\" width=\"1920\" class=\"\" src=\"https:\/\/www.infobae.com\/new-resizer\/Maymiti1_FVlM_M2fz6XH5OnZFc=\/1920x1293\/filters:format(webp):quality(85)\/cloudfront-us-east-1.images.arcpublishing.com\/infobae\/OC7WAXFLGBH7LALV4ANUEDCA6E.jpg\" srcset=\"https:\/\/www.infobae.com\/new-resizer\/RNaW06Uu2vjWK_DFxeBxFAF_bZs=\/420x280\/filters:format(webp):quality(85)\/cloudfront-us-east-1.images.arcpublishing.com\/infobae\/OC7WAXFLGBH7LALV4ANUEDCA6E.jpg 420w,https:\/\/www.infobae.com\/new-resizer\/8kl43Zni0OdxX3SH_IFusOC7shU=\/768x512\/filters:format(webp):quality(85)\/cloudfront-us-east-1.images.arcpublishing.com\/infobae\/OC7WAXFLGBH7LALV4ANUEDCA6E.jpg 768w,https:\/\/www.infobae.com\/new-resizer\/5EoGiS5Gp6ho4iBGL9X7baE-dsg=\/992x661\/filters:format(webp):quality(85)\/cloudfront-us-east-1.images.arcpublishing.com\/infobae\/OC7WAXFLGBH7LALV4ANUEDCA6E.jpg 992w,https:\/\/www.infobae.com\/new-resizer\/HVhfM3vuFcT1rb-6VlyLYT4DDCQ=\/1200x800\/filters:format(webp):quality(85)\/cloudfront-us-east-1.images.arcpublishing.com\/infobae\/OC7WAXFLGBH7LALV4ANUEDCA6E.jpg 1200w,https:\/\/www.infobae.com\/new-resizer\/U7tJ1VMxiSf1k7cRd-1wRwwIlko=\/1440x960\/filters:format(webp):quality(85)\/cloudfront-us-east-1.images.arcpublishing.com\/infobae\/OC7WAXFLGBH7LALV4ANUEDCA6E.jpg 1440w\">Evoluci\u00f3n de la demanda de gas a lo largo de los \u00faltimos 12 meses. El pico de consumo invernal empieza a fines de abril y contin\u00faa hasta el fin del invierno<\/p>\n\n\n\n<p><strong>Roberto Carnicer<\/strong>, director del Instituto de Energ\u00eda de la Universidad Austral, dijo a Infobae que m\u00e1s all\u00e1 de la intenci\u00f3n oficial de hacer de la inauguraci\u00f3n del GPNK \u201cun espect\u00e1culo pol\u00edtico\u201d, se trata, \u201cdel primer y necesario eslab\u00f3n para que Vaca Muerta empiece a reemplazar la importaci\u00f3n de gas por gasoducto desde Bolivia y de GNL por barcos\u201d.<\/p>\n\n\n\n<p>\u201cHoy todas las fuerzas pol\u00edticas est\u00e1n alineadas sobre la necesidad de esta infraestructura. Es de lamentar que estas obras se hagan con urgencia en vez de con planificaci\u00f3n, para que sean m\u00e1s baratas y eficientes\u201d, subray\u00f3 Carnicer.<\/p>\n\n\n\n<p>La recuperaci\u00f3n del autoabastecimiento de gas y la proyecci\u00f3n exportadora son un espectacular&nbsp;<em>voltafaccia<\/em>&nbsp;respecto de 2011, cuando como integrante de la delegaci\u00f3n oficial argentina el entonces ministro de Planificaci\u00f3n Federal,&nbsp;<strong>Julio De Vido,<\/strong>&nbsp;firm\u00f3 en Qatar un precontrato para la compra de 20 Mm3d durante 20 a\u00f1os y la propia CFK rubric\u00f3 un \u201cConvenio Marco para el Desarrollo e Implementaci\u00f3n de Proyectos de Integraci\u00f3n Energ\u00e9tica bilateral\u201d para instalar una nueva planta de regasificaci\u00f3n (para recibir los env\u00edos qatar\u00edes) en el Golfo San Mat\u00edas, en R\u00edo Negro.<\/p>\n\n\n\n<p>La importaci\u00f3n de energ\u00eda ya desangraba de divisas a la Argentina y se acentu\u00f3 en los a\u00f1os siguientes, con un pico de USD 12.400 millones de compras y un d\u00e9ficit de la balanza comercial energ\u00e9tica de USD 6.900 millones en 2013. Asumiendo que este a\u00f1o no se agreguen compras a los 44 buques ya licitados, el actual gobierno habr\u00e1 destinado solo en compras de GNL USD 6.007 millones en 4 a\u00f1os, sin contar la cuenta de las compras a Bolivia, que nunca pudo cumplir el contrato a 20 a\u00f1os firmado en 2006 entre&nbsp;<strong>N\u00e9stor Kirchner<\/strong>&nbsp;y el entonces mandatario de ese pa\u00eds,&nbsp;<strong>Carlos Meza<\/strong>.<\/p>\n\n\n\n<p><img decoding=\"async\" loading=\"lazy\" alt=\"Alberto Fern\u00e1ndez, junto al gobernador neuquino, Omar Guti\u00e9rrez, el bonaerense, Axel Kicillof, y el titular de YPF, Pablo Gonz\u00e1lez, en otro de los actos en torno de la obra\" height=\"900\" width=\"1600\" class=\"\" src=\"https:\/\/www.infobae.com\/new-resizer\/FT1hPZOx_uLnoGVaHhB8JhGo59s=\/1600x900\/filters:format(webp):quality(85)\/cloudfront-us-east-1.images.arcpublishing.com\/infobae\/IXDBZVBBXZHD7PGXR3ACDVEV7A.jfif\" srcset=\"https:\/\/www.infobae.com\/new-resizer\/-zKjIx6_KTCFk4NSO0yIdIyJNyA=\/420x236\/filters:format(webp):quality(85)\/cloudfront-us-east-1.images.arcpublishing.com\/infobae\/IXDBZVBBXZHD7PGXR3ACDVEV7A.jfif 420w,https:\/\/www.infobae.com\/new-resizer\/pdf0uuCbI5TRln_dSEIcLgPet4w=\/768x432\/filters:format(webp):quality(85)\/cloudfront-us-east-1.images.arcpublishing.com\/infobae\/IXDBZVBBXZHD7PGXR3ACDVEV7A.jfif 768w,https:\/\/www.infobae.com\/new-resizer\/cm1qqNLF1tezuSqJe2uhgfKnTdI=\/992x558\/filters:format(webp):quality(85)\/cloudfront-us-east-1.images.arcpublishing.com\/infobae\/IXDBZVBBXZHD7PGXR3ACDVEV7A.jfif 992w,https:\/\/www.infobae.com\/new-resizer\/lc9M2V619CVj7hO2vOd6yU5xGlU=\/1200x675\/filters:format(webp):quality(85)\/cloudfront-us-east-1.images.arcpublishing.com\/infobae\/IXDBZVBBXZHD7PGXR3ACDVEV7A.jfif 1200w,https:\/\/www.infobae.com\/new-resizer\/MWeuHfJOLcQBj0xDrzbNIPD7uek=\/1440x810\/filters:format(webp):quality(85)\/cloudfront-us-east-1.images.arcpublishing.com\/infobae\/IXDBZVBBXZHD7PGXR3ACDVEV7A.jfif 1440w\">Alberto Fern\u00e1ndez, junto al gobernador neuquino, Omar Guti\u00e9rrez, el bonaerense, Axel Kicillof, y el titular de YPF, Pablo Gonz\u00e1lez, en otro de los actos en torno de la obra<\/p>\n\n\n\n<p>El panorama empez\u00f3 a cambiar a fines de 2011, cuando la entonces Repsol YPF anunci\u00f3 grandes descubrimientos de gas \u201cno convencional\u201d en Neuqu\u00e9n (lo que tal vez dispar\u00f3 la decisi\u00f3n oficial de expropiar en abril de 2012 el 51% de Repsol en YPF) y a revertirse en 2013, cuando el Departamento de Energ\u00eda de EEUU inform\u00f3 los resultados de un estudio de recursos hidrocarbur\u00edferos en 51 pa\u00edses del mundo y afirm\u00f3 que en Vaca Muerta (formaci\u00f3n geol\u00f3gica de la era jur\u00e1sica descubierta en 1931 por Charles Edwin Weaver, un ge\u00f3logo norteamericano radicado en Mendoza) la Argentina contaba con el segundo reservorio mundial de gas y el cuarto mundial de petr\u00f3leo \u201cno convencionales\u201d.<\/p>\n\n\n\n<p>Con todo, hasta 2022 el crecimiento de la producci\u00f3n de gas de Vaca Muerta en la Cuenca Neuquina apenas si logr\u00f3 compensar la r\u00e1pida declinaci\u00f3n de las dem\u00e1s cuencas. Como se observa abajo, la producci\u00f3n total de gas fue el \u00faltimo a\u00f1o todav\u00eda inferior a la de 2019.<\/p>\n\n\n\n<p><img decoding=\"async\" loading=\"lazy\" alt=\"Evoluci\u00f3n de la producci\u00f3n de gas: r\u00e1pida declinaci\u00f3n del &quot;convencional&quot; y fuerte aumento de los &quot;no convencionales&quot;\" height=\"1465\" width=\"1920\" class=\"\" src=\"https:\/\/www.infobae.com\/new-resizer\/j2j1yhasZWvTh1IJJwGlHm1T6yQ=\/1920x1465\/filters:format(webp):quality(85)\/cloudfront-us-east-1.images.arcpublishing.com\/infobae\/CF5LF7KWCRBNRBPDXCORVHGNBU.jpg\" srcset=\"https:\/\/www.infobae.com\/new-resizer\/UOdFLA1mytpwLoA7Up2h2EMKhkQ=\/420x315\/filters:format(webp):quality(85)\/cloudfront-us-east-1.images.arcpublishing.com\/infobae\/CF5LF7KWCRBNRBPDXCORVHGNBU.jpg 420w,https:\/\/www.infobae.com\/new-resizer\/8WMBnMQYRLpZT5yiDKT86-GchJ0=\/768x576\/filters:format(webp):quality(85)\/cloudfront-us-east-1.images.arcpublishing.com\/infobae\/CF5LF7KWCRBNRBPDXCORVHGNBU.jpg 768w,https:\/\/www.infobae.com\/new-resizer\/9f3j8Kw3vvdcz6BU6RmO25jr89c=\/992x744\/filters:format(webp):quality(85)\/cloudfront-us-east-1.images.arcpublishing.com\/infobae\/CF5LF7KWCRBNRBPDXCORVHGNBU.jpg 992w,https:\/\/www.infobae.com\/new-resizer\/5iZLOyKviP-AakNapiOfgezA9YE=\/1200x900\/filters:format(webp):quality(85)\/cloudfront-us-east-1.images.arcpublishing.com\/infobae\/CF5LF7KWCRBNRBPDXCORVHGNBU.jpg 1200w,https:\/\/www.infobae.com\/new-resizer\/4D24aS1KesO1xjkVvKN4yXQ28ps=\/1440x1080\/filters:format(webp):quality(85)\/cloudfront-us-east-1.images.arcpublishing.com\/infobae\/CF5LF7KWCRBNRBPDXCORVHGNBU.jpg 1440w\">Evoluci\u00f3n de la producci\u00f3n de gas: r\u00e1pida declinaci\u00f3n del &#8220;convencional&#8221; y fuerte aumento de los &#8220;no convencionales&#8221;<\/p>\n\n\n\n<p>En a\u00f1os sucesivos, los desarrollos de exploraci\u00f3n y explotaci\u00f3n confirmaron la enorme riqueza hidrocarbur\u00edfera de Vaca Muerta, que abarca Neuqu\u00e9n y partes de R\u00edo Negro, La Pampa y Mendoza. Pero la Argentina no hizo a\u00fan (que se sepa) un estudio posterior para certificar las reservas de esa formaci\u00f3n geol\u00f3gica, sobre la que reposan las proyecciones de exportaci\u00f3n de GNL que el martes presentaron ante la Comisi\u00f3n de Energ\u00eda de Diputados el presidente y el CEO de YPF,&nbsp;<strong>Pablo Gonz\u00e1lez y Pablo Iuliano<\/strong>.<\/p>\n\n\n\n<p>Seg\u00fan Gonz\u00e1lez, la Argentina podr\u00eda exportar 460 barcos de GNL al a\u00f1o por unos USD 17.000 millones anuales, a condici\u00f3n de que el<strong>&nbsp;Congreso sancione el proyecto de ley de promoci\u00f3n del GNL<\/strong>&nbsp;que el Poder Ejecutivo envi\u00f3 a fines de mayo.<\/p>\n\n\n\n<p><img decoding=\"async\" loading=\"lazy\" alt=\"Massa, entre Pablo Gonz\u00e1lez y Pablo Iuliano, presidente y CEO de YPF\" height=\"1080\" width=\"1920\" class=\"\" src=\"https:\/\/www.infobae.com\/new-resizer\/rjy9Cbkb4GdZlAFHbYJjtvrWnFI=\/1920x1080\/filters:format(webp):quality(85)\/cloudfront-us-east-1.images.arcpublishing.com\/infobae\/ZZL4A4AKYNDH5FBHTDSM6GDOO4.jpeg\" srcset=\"https:\/\/www.infobae.com\/new-resizer\/Qyv4prQe1ANbQnkCtzmaqLrHDfA=\/420x236\/filters:format(webp):quality(85)\/cloudfront-us-east-1.images.arcpublishing.com\/infobae\/ZZL4A4AKYNDH5FBHTDSM6GDOO4.jpeg 420w,https:\/\/www.infobae.com\/new-resizer\/izDnNvlRXqacJYPh9M5Hushn7CI=\/768x432\/filters:format(webp):quality(85)\/cloudfront-us-east-1.images.arcpublishing.com\/infobae\/ZZL4A4AKYNDH5FBHTDSM6GDOO4.jpeg 768w,https:\/\/www.infobae.com\/new-resizer\/ynWf58uzaA93S-bvj9_HNMG1R9o=\/992x558\/filters:format(webp):quality(85)\/cloudfront-us-east-1.images.arcpublishing.com\/infobae\/ZZL4A4AKYNDH5FBHTDSM6GDOO4.jpeg 992w,https:\/\/www.infobae.com\/new-resizer\/GlAApsGXjgvxkDr2pJW7-DHFj-w=\/1200x675\/filters:format(webp):quality(85)\/cloudfront-us-east-1.images.arcpublishing.com\/infobae\/ZZL4A4AKYNDH5FBHTDSM6GDOO4.jpeg 1200w,https:\/\/www.infobae.com\/new-resizer\/MkG3x2LWqmK1X5mcxUy1RIwrfpY=\/1440x810\/filters:format(webp):quality(85)\/cloudfront-us-east-1.images.arcpublishing.com\/infobae\/ZZL4A4AKYNDH5FBHTDSM6GDOO4.jpeg 1440w\">Massa, entre Pablo Gonz\u00e1lez y Pablo Iuliano, presidente y CEO de YPF<\/p>\n\n\n\n<p>\u201cEste tema debe configurar una pol\u00edtica de Estado\u201d, dijo Gonz\u00e1lez, y afirm\u00f3 que el&nbsp;<strong>horizonte de reservas de gas del pa\u00eds, unos 170 a\u00f1os<\/strong>, plantean a la Argentina el desaf\u00edo de \u201cmonetizar esas reservas\u201d, antes que el mundo complete la transici\u00f3n hacia un mundo de energ\u00eda libre de hidrocarburos.<\/p>\n\n\n\n<p>Los funcionarios de la empresa de mayor\u00eda estatal presentaron proyecciones del consumo global de energ\u00eda del estudio anual de BP (la exBritish Petroleum) seg\u00fan las cuales hacia 2050&nbsp;<strong>el consumo mundial de carb\u00f3n caer\u00e1 36% y el de petr\u00f3leo 16%, mientras el de gas aumentar\u00e1 25%<\/strong>, \u00fanico hidrocarburo que habr\u00e1 crecido, aunque muy lejos del 610% proyectado para el consumo de energ\u00edas renovables como la solar y la e\u00f3lica.<\/p>\n\n\n\n<p><img decoding=\"async\" loading=\"lazy\" alt=\"La evoluci\u00f3n de consumo energ\u00e9tico hacia 2050 que presentaron los directivos de YPF en Diputados\" height=\"2880\" width=\"1920\" class=\"\" src=\"https:\/\/www.infobae.com\/new-resizer\/xfx0qjBpUaPmRtjc-ArCVXB-ZI8=\/1920x2880\/filters:format(webp):quality(85)\/cloudfront-us-east-1.images.arcpublishing.com\/infobae\/6V5QZEKFNRAINOIDKTALLB5GA4.jpg\" srcset=\"https:\/\/www.infobae.com\/new-resizer\/V1yDiJx--G2MJCWXQdnmAe0i4Rw=\/420x630\/filters:format(webp):quality(85)\/cloudfront-us-east-1.images.arcpublishing.com\/infobae\/6V5QZEKFNRAINOIDKTALLB5GA4.jpg 420w,https:\/\/www.infobae.com\/new-resizer\/eskHkxnxwSiOc66sC49yeR3lPRQ=\/768x1152\/filters:format(webp):quality(85)\/cloudfront-us-east-1.images.arcpublishing.com\/infobae\/6V5QZEKFNRAINOIDKTALLB5GA4.jpg 768w,https:\/\/www.infobae.com\/new-resizer\/Lsi0Fkw9jY6QMVob-mZkd_12zZI=\/992x1488\/filters:format(webp):quality(85)\/cloudfront-us-east-1.images.arcpublishing.com\/infobae\/6V5QZEKFNRAINOIDKTALLB5GA4.jpg 992w,https:\/\/www.infobae.com\/new-resizer\/6_7EMAj1fb60S40-lIsdAgzSSeQ=\/1200x1800\/filters:format(webp):quality(85)\/cloudfront-us-east-1.images.arcpublishing.com\/infobae\/6V5QZEKFNRAINOIDKTALLB5GA4.jpg 1200w\">La evoluci\u00f3n de consumo energ\u00e9tico hacia 2050 que presentaron los directivos de YPF en Diputados<\/p>\n\n\n\n<p>As\u00ed las cosas, seg\u00fan el presidente de YPF, en los pr\u00f3ximos a\u00f1os el mundo demandar\u00e1 400 millones de toneladas de GNL, e YPF, asociada a la petrolera estatal malaya Petronas podr\u00eda producir 25 millones de toneladas al a\u00f1o.&nbsp;<strong>Esa agenda demanda inversiones por USD 56.000 millones en infraestructura<\/strong>, desde la construcci\u00f3n de al menos un nuevo gasoducto, un puerto acorde y una planta de licuefacci\u00f3n de gas.<\/p>\n\n\n\n<p>Adem\u00e1s, Gonz\u00e1lez y Iuliano reconocieron que en el mercado mundial de GNL la Argentina deber\u00e1 superar una importante desventaja: su mayor lejan\u00eda respecto de los principales centros mundiales de consumo con ingresos y log\u00edstica suficientes para afrontar los requerimientos de importaci\u00f3n de GNL, que explicar\u00eda el 80% del aumento del comercio mundial de gas. Mientras Qatar y Australia, los dos principales exportadores mundiales de GNL, est\u00e1n a menos de 6.000 kil\u00f3metros de los principales centros de consumo, la Argentina est\u00e1 casi 9.000 kil\u00f3metros.<\/p>\n\n\n\n<blockquote class=\"wp-block-quote\">\n<p>Gonz\u00e1lez y Iuliano reconocieron que en el mercado mundial de GNL la Argentina deber\u00e1 superar una importante desventaja: su mayor lejan\u00eda respecto de los principales centros mundiales de consumo de gas<\/p>\n<\/blockquote>\n\n\n\n<p>Seg\u00fan el ya citado centro de informaci\u00f3n de infraestructura global, de los 154 centros de licuefacci\u00f3n y origen de exportaci\u00f3n de GNL, dos tercios est\u00e1n ubicadas en EEUU, Australia, Argelia, Qatar y Malasia, y de las 188 terminales de recepci\u00f3n y regasificaci\u00f3n, el grueso est\u00e1 en un pu\u00f1ado de pa\u00edses, como Jap\u00f3n, Corea del Sur y varios de la Uni\u00f3n Europea, que a partir de la guerra en Ucrania decidieron recortar su dependencia energ\u00e9tica v\u00eda gasoductos de Rusia y construir nuevas centrales de regasificaci\u00f3n de cargas de GNL ante la nueva configuraci\u00f3n geopol\u00edtica del mercado mundial del gas.<\/p>\n\n\n\n<p><img decoding=\"async\" loading=\"lazy\" alt=\"El mapa del comercio mundial de GNL que presentaron el presidente y el CEO de YPF ante la Comisi\u00f3n de Energ\u00eda de Diputados\" height=\"1033\" width=\"1920\" class=\"\" src=\"https:\/\/www.infobae.com\/new-resizer\/uk96A7c59MIEGU0pbZvpOFs_OQc=\/1920x1033\/filters:format(webp):quality(85)\/cloudfront-us-east-1.images.arcpublishing.com\/infobae\/HVPQFZ3HYNAUBI2LOEH5C3QNDY.jpg\" srcset=\"https:\/\/www.infobae.com\/new-resizer\/4hoWafakaHWwO2285Ol4TBtMkrQ=\/420x236\/filters:format(webp):quality(85)\/cloudfront-us-east-1.images.arcpublishing.com\/infobae\/HVPQFZ3HYNAUBI2LOEH5C3QNDY.jpg 420w,https:\/\/www.infobae.com\/new-resizer\/jC3eF7T8rKLonslLT5-vxK_cLQU=\/768x432\/filters:format(webp):quality(85)\/cloudfront-us-east-1.images.arcpublishing.com\/infobae\/HVPQFZ3HYNAUBI2LOEH5C3QNDY.jpg 768w,https:\/\/www.infobae.com\/new-resizer\/xf11ADpuR03h8v0jCYJo1KHm6CM=\/992x558\/filters:format(webp):quality(85)\/cloudfront-us-east-1.images.arcpublishing.com\/infobae\/HVPQFZ3HYNAUBI2LOEH5C3QNDY.jpg 992w,https:\/\/www.infobae.com\/new-resizer\/TJJwobp0NSAa8QmRjWMjQHn5K8s=\/1200x675\/filters:format(webp):quality(85)\/cloudfront-us-east-1.images.arcpublishing.com\/infobae\/HVPQFZ3HYNAUBI2LOEH5C3QNDY.jpg 1200w,https:\/\/www.infobae.com\/new-resizer\/REnIWGXI_1Nr1l0nrBeG0yiIt3o=\/1440x810\/filters:format(webp):quality(85)\/cloudfront-us-east-1.images.arcpublishing.com\/infobae\/HVPQFZ3HYNAUBI2LOEH5C3QNDY.jpg 1440w\">El mapa del comercio mundial de GNL que presentaron el presidente y el CEO de YPF ante la Comisi\u00f3n de Energ\u00eda de Diputados<\/p>\n\n\n\n<p>\u00bfDe d\u00f3nde saldr\u00eda el financiamiento para un volumen de inversi\u00f3n del orden de los USD 56.000 millones, con un riesgo-pa\u00eds como el de la Argentina? \u00bfY qu\u00e9 certeza hay de que alcanzar\u00e1 el gas?<\/p>\n\n\n\n<p><strong>Juan Carlos Glorioso<\/strong>, petrof\u00edsico que trabaj\u00f3 durante d\u00e9cadas en YPF, fue subdirector de Auditor\u00eda de Reservas de Repsol YPF y cerr\u00f3 su carrera profesional haciendo en Abu Dhabi estudios para Ryder Scott, una de las 4 grandes auditoras internacionales de reservas (las otras son Degolyer &amp; Macnaughton, Netherland, Sewell &amp; Associates y GaffneyCline, \u00fanica presente en la Argentina), dijo a&nbsp;<strong>Infobae<\/strong>&nbsp;que seg\u00fan el reporte de Reservas y Recursos Contingentes al 31 de diciembre de 2021 de la Secretar\u00eda de Energ\u00eda (el de 2022 a\u00fan no se public\u00f3) \u201cno hay suficientes Reservas Comprobadas en la Cuenca Neuquina para alimentar el nuevo gasoducto por d\u00e9cadas, pero si se suman todas las reservas (comprobadas y no probadas) y los \u201cRecursos Contingentes\u201d, entonces s\u00ed que puede respaldarse el proyecto por al menos 25 a\u00f1os\u201d.<\/p>\n\n\n\n<blockquote class=\"wp-block-quote\">\n<p>Tanto el gobierno como la industria est\u00e1n convencidos de que en Vaca Muerta existen cuantiosos \u201cRecursos\u201d que hoy no pueden ser declarados \u201cReservas\u201d (Glorioso)<\/p>\n<\/blockquote>\n\n\n\n<p>Adem\u00e1s, dijo Glorioso, \u201cse espera que en 2022 se haya producido un aumento tanto en Reservas como en Reservas Comprobadas de la Cuenca Neuquina y de Vaca Muerta en particular\u201d. Sin embargo, agreg\u00f3, \u201c<strong>no ha habido una auditor\u00eda espec\u00edfica<\/strong>&nbsp;para respaldar la construcci\u00f3n del nuevo gasoducto; en mi opini\u00f3n, la Secretar\u00eda conf\u00eda en que sus estudios fueron suficientes y como el proyecto fue financiado por el Estado, el requerimiento de una auditor\u00eda pudo ser obviado\u201d.<\/p>\n\n\n\n<h2>Sin auditor\u00eda, pero convencidos<\/h2>\n\n\n\n<p>Glorioso cont\u00f3, adem\u00e1s que \u201ctanto el gobierno como la industria est\u00e1n convencidos de que en Vaca Muerta existen cuantiosos \u201cRecursos\u201d que hoy no pueden ser declarados \u201cReservas\u201d, porque las reglas para estimar y clasificar Reservas son restrictivas y no permiten registrar vol\u00famenes que poseen alta incertidumbre en su estimaci\u00f3n, como lo son por ejemplo los Recursos Prospectivos (exploratorios o no descubiertos a\u00fan)\u201d.<\/p>\n\n\n\n<p><img decoding=\"async\" loading=\"lazy\" alt=\"Vista de una de las operaciones en la formaci\u00f3n Vaca Muerta\" height=\"1080\" width=\"1920\" class=\"\" src=\"https:\/\/www.infobae.com\/new-resizer\/PVcqqBOg8y17rWdWkIi9lp7QUKo=\/1920x1080\/filters:format(webp):quality(85)\/cloudfront-us-east-1.images.arcpublishing.com\/infobae\/T4EWFFGA4FBWZL4PXZ4HNITFNE.jpg\" srcset=\"https:\/\/www.infobae.com\/new-resizer\/1NOI7YAr5qM0ibfyLTZxcW6sXvA=\/420x236\/filters:format(webp):quality(85)\/cloudfront-us-east-1.images.arcpublishing.com\/infobae\/T4EWFFGA4FBWZL4PXZ4HNITFNE.jpg 420w,https:\/\/www.infobae.com\/new-resizer\/3xKG7K7bQc_7AUQpLPYjm-pY8BY=\/768x432\/filters:format(webp):quality(85)\/cloudfront-us-east-1.images.arcpublishing.com\/infobae\/T4EWFFGA4FBWZL4PXZ4HNITFNE.jpg 768w,https:\/\/www.infobae.com\/new-resizer\/PPFsybohqFcq_o6PNnfzulPhnu4=\/992x558\/filters:format(webp):quality(85)\/cloudfront-us-east-1.images.arcpublishing.com\/infobae\/T4EWFFGA4FBWZL4PXZ4HNITFNE.jpg 992w,https:\/\/www.infobae.com\/new-resizer\/iVpyqONKc0sc6zWk9kt9SyqeH7s=\/1200x675\/filters:format(webp):quality(85)\/cloudfront-us-east-1.images.arcpublishing.com\/infobae\/T4EWFFGA4FBWZL4PXZ4HNITFNE.jpg 1200w,https:\/\/www.infobae.com\/new-resizer\/uFvHc1X1FzxZLP1h68C0NCXfUMU=\/1440x810\/filters:format(webp):quality(85)\/cloudfront-us-east-1.images.arcpublishing.com\/infobae\/T4EWFFGA4FBWZL4PXZ4HNITFNE.jpg 1440w\">Vista de una de las operaciones en la formaci\u00f3n Vaca Muerta<\/p>\n\n\n\n<p>De hecho, el especialista explic\u00f3 que mientras en la Cuenca Neuquina se publican Reservas + Reservas Comprobadas por un volumen de gas natural de 45 TCF (Trillion Cubic Feet, unidad internacional en m\u00e9trica de reservas), por otro lado, se habla de que solo en Vaca Muerta existen recursos totales estimados en 308 TCF, bas\u00e1ndose en lo que public\u00f3 el Departamento de Energ\u00eda de EEUU entre 2013 y 2015. Sin embargo, agreg\u00f3, \u201cno existe por parte de las autoridades argentinas una estimaci\u00f3n del potencial total de Vaca Muerta. Y&nbsp;<strong>si existe, no la conocemos<\/strong>\u201d.<\/p>\n\n\n\n<p>Ese estudio, explic\u00f3 Glorioso, \u201clo debe hacer el Estado, porque el potencial total de Vaca Muerta est\u00e1 en las \u00e1reas concesionadas y en las no concesionadas a\u00fan y solo el Estado tendr\u00eda potestad para hacerlo en estas \u00faltimas. Al referirme al Estado incluyo a las Provincias\u201d. De todos modos,&nbsp;<strong>el experto no ve \u201criesgo ni alarma de faltante para alimentar el nuevo gasoducto<\/strong>\u201d.<\/p>\n\n\n\n<h2>\u00a1A ver el F20!<\/h2>\n\n\n\n<p>Distinto es para las proyecciones de exportaci\u00f3n de GNL. \u201cSe est\u00e1 presentando un&nbsp;<strong>proyecto de licuefacci\u00f3n y exportaci\u00f3n de GNL por etapas<\/strong>, hasta llegar a m\u00e1s de 20 millones de toneladas anuales, que demandar\u00e1, en su pico, una producci\u00f3n diaria de aproximadamente 130 millones de metros c\u00fabicos d\u00eda; es decir, habr\u00e1 que duplicar la producci\u00f3n nacional para abastecerlo y construir un nuevo gasoducto\u201d, dimension\u00f3 el experto.<\/p>\n\n\n\n<blockquote class=\"wp-block-quote\">\n<p>Las petroleras deben precisar sus reservas, seg\u00fan 3 par\u00e1metros de certeza (Glorioso)<\/p>\n<\/blockquote>\n\n\n\n<p>Semejante proyecto, prosigui\u00f3, \u201cnecesitar\u00e1 financiamiento externo y ah\u00ed s\u00ed que habr\u00e1 que certificar reservas. Normalmente se requerir\u00e1 que un auditor internacional participe y audite bajo los par\u00e1metros de la SEC (la Comisi\u00f3n de Valores de EEUU), en cuyo formulario F20 las petroleras deben precisar sus reservas, seg\u00fan 3 par\u00e1metros de certeza (P1, P2, P3).<\/p>\n\n\n\n<p>En su exposici\u00f3n ante el Congreso, Pablo Gonz\u00e1lez y Pablo Iuliano fueron optimistas y hablaron de la&nbsp;<strong>necesidad de una \u201cpol\u00edtica de Estado\u201d y \u201cconsenso pol\u00edtico\u201d<\/strong>.<\/p>\n\n\n\n<p>Al respecto, el centro Fundar e Idea (Instituto para el Desarrollo Empresario de la Argentina) juntaron las cabezas de<strong>&nbsp;Nicol\u00e1s Arceo<\/strong>, director de la consultora Econom\u00eda y Energ\u00eda y exvicepresidente de Administraci\u00f3n y Finanzas de YPF durante el gobierno de CFK, y&nbsp;<strong>Daniel Gonz\u00e1lez<\/strong>, exCEO de YPF durante el de Mauricio Macri y hoy director ejecutivo de Idea, quienes junto a<strong>&nbsp;Guido Zack<\/strong>, director del \u00e1rea de Econom\u00eda de Fundar, elaboraron un&nbsp;<a href=\"https:\/\/www.infobae.com\/opinion\/2022\/08\/31\/el-gnl-pone-a-prueba-nuestra-capacidad-para-alcanzar-consensos\/\" target=\"_blank\" rel=\"noreferrer noopener\">estudio sobre las posibilidades de exportaci\u00f3n de GNL&nbsp;<\/a>que es a\u00fan m\u00e1s optimista que las proyecciones de los actuales funcionarios de YPF, al punto de afirmar que desarrollando \u201cel 50% de los recursos de Vaca Muerta\u201d&nbsp;<strong>podr\u00edan exportarse hasta USD 27.000 millones anuales de GNL<\/strong>.<\/p>\n\n\n\n<p><img decoding=\"async\" loading=\"lazy\" alt=\"Un estudio de Fundar e Idea proyect\u00f3 un escenario muy promisorio para las exportaciones de GNL\" height=\"544\" width=\"1080\" class=\"\" src=\"https:\/\/www.infobae.com\/new-resizer\/wSkVO_ppR_rn8dgJmievjdroxyY=\/1080x544\/filters:format(webp):quality(85)\/cloudfront-us-east-1.images.arcpublishing.com\/infobae\/HEO2EVDSSNCUZOLDPUNZ7NXCAM.jpg\" srcset=\"https:\/\/www.infobae.com\/new-resizer\/ZJ6qotPKGFaz7duqH1oTx3Rva9k=\/420x236\/filters:format(webp):quality(85)\/cloudfront-us-east-1.images.arcpublishing.com\/infobae\/HEO2EVDSSNCUZOLDPUNZ7NXCAM.jpg 420w,https:\/\/www.infobae.com\/new-resizer\/W13A8OLk4jM9jPSr-Z0uTmwtDrA=\/768x432\/filters:format(webp):quality(85)\/cloudfront-us-east-1.images.arcpublishing.com\/infobae\/HEO2EVDSSNCUZOLDPUNZ7NXCAM.jpg 768w,https:\/\/www.infobae.com\/new-resizer\/VDUS4pbPvsMBCTnxoQR-y1XySuw=\/992x558\/filters:format(webp):quality(85)\/cloudfront-us-east-1.images.arcpublishing.com\/infobae\/HEO2EVDSSNCUZOLDPUNZ7NXCAM.jpg 992w,https:\/\/www.infobae.com\/new-resizer\/DtDkvWWpL-HqWYFMfDwAoGgj7NY=\/1200x675\/filters:format(webp):quality(85)\/cloudfront-us-east-1.images.arcpublishing.com\/infobae\/HEO2EVDSSNCUZOLDPUNZ7NXCAM.jpg 1200w,https:\/\/www.infobae.com\/new-resizer\/y0CoMKRuRenh4XUcLcYPAoQYZSU=\/1440x810\/filters:format(webp):quality(85)\/cloudfront-us-east-1.images.arcpublishing.com\/infobae\/HEO2EVDSSNCUZOLDPUNZ7NXCAM.jpg 1440w\">Un estudio de Fundar e Idea proyect\u00f3 un escenario muy promisorio para las exportaciones de GNL<\/p>\n\n\n\n<p>Las proyecciones de oferta y demanda mundial de GNL sustentan esa expectativa, apuntaron los autores en el gr\u00e1fico que acompa\u00f1a estas l\u00edneas. A condici\u00f3n, eso s\u00ed, de&nbsp;<strong>garantizar estabilidad fiscal e incluso ofrecer mejoras en los impuestos a las Ganancias e IVA, libre disponibilidad de divisas y acceso al mercado de cambios<\/strong>, estabilidad regulatoria, con contratos en firme a largo plazo para aprovisionamiento, transporte, separaci\u00f3n, almacenamiento, log\u00edstica y exportaci\u00f3n, sin posibilidad de redireccionamiento\u201d y sustentabilidad, v\u00eda la adaptaci\u00f3n a est\u00e1ndares internacionales de reducci\u00f3n de emisiones de di\u00f3xido de carbono y ausencia de emisiones de metano.<\/p>\n\n\n\n<h2>\u00bfPunto de inflexi\u00f3n?<\/h2>\n\n\n\n<p>La nueva etapa se inici\u00f3 con el hallazgo de Vaca Muerta y la inauguraci\u00f3n del Gasoducto Presidente N\u00e9stor Kirchner puede ser un punto de inflexi\u00f3n para empezar a reducir la dependencia energ\u00e9tica en que la Argentina recay\u00f3 a partir de 2006, cuando perdi\u00f3 el autoabastecimiento.<\/p>\n\n\n\n<p>Seg\u00fan&nbsp;<strong>Jorge Lape\u00f1a<\/strong>, titular del Instituto Argentino de Energ\u00eda General Mosconi, exsecretario de Energ\u00eda y expresidente de YPF durante la presidencia de&nbsp;<strong>Ra\u00fal Alfons\u00edn<\/strong>, el GPNK no es, como afirma el gobierno, el gasoducto m\u00e1s importante o r\u00e1pidamente ejecutado de los \u00faltimos 40 a\u00f1os, sino que lo fue el Neuba 2, de 1.350 kil\u00f3metros, que se realiz\u00f3 entre 1987 y 1988, en el per\u00edodo alfonisinista y que, con combinado con la explotaci\u00f3n de Loma La Lata, permiti\u00f3 \u201cgasificar\u201d la Argentina, hasta entonces m\u00e1s dependiente del petr\u00f3leo y combustibles l\u00edquidos como gasoil y fueloil y, en menor medida, carb\u00f3n.<\/p>\n\n\n\n<p><img decoding=\"async\" loading=\"lazy\" alt=\"El gr\u00e1fico de un estudio publicado por Fundar muestra la evoluci\u00f3n de la producci\u00f3n de gas y petr\u00f3leo de Vaca Muerta, en toneladas de petr\u00f3leo equivalente. Entre 2018 y 2019 se fue haciendo evidente que ser\u00eda necesario aumentar la capacidad de transporte\" height=\"1069\" width=\"1920\" class=\"\" src=\"https:\/\/www.infobae.com\/new-resizer\/hINkJyojmwah6yAjOPNeg_ELwmw=\/1920x1069\/filters:format(webp):quality(85)\/cloudfront-us-east-1.images.arcpublishing.com\/infobae\/NDBG75ZP3JF3XPL7YIZKLD4V5A.jpg\" srcset=\"https:\/\/www.infobae.com\/new-resizer\/DQqE-xtwVaXhlYtESGFO_Rd0pcY=\/420x236\/filters:format(webp):quality(85)\/cloudfront-us-east-1.images.arcpublishing.com\/infobae\/NDBG75ZP3JF3XPL7YIZKLD4V5A.jpg 420w,https:\/\/www.infobae.com\/new-resizer\/D7g5fiPiGBIpimWZrO25hQ0iKAs=\/768x432\/filters:format(webp):quality(85)\/cloudfront-us-east-1.images.arcpublishing.com\/infobae\/NDBG75ZP3JF3XPL7YIZKLD4V5A.jpg 768w,https:\/\/www.infobae.com\/new-resizer\/Ssp733oNYq49zn6ZAuqVch9nKpA=\/992x558\/filters:format(webp):quality(85)\/cloudfront-us-east-1.images.arcpublishing.com\/infobae\/NDBG75ZP3JF3XPL7YIZKLD4V5A.jpg 992w,https:\/\/www.infobae.com\/new-resizer\/a8r7KqcbHl58c6g7Now8TRqhyeg=\/1200x675\/filters:format(webp):quality(85)\/cloudfront-us-east-1.images.arcpublishing.com\/infobae\/NDBG75ZP3JF3XPL7YIZKLD4V5A.jpg 1200w,https:\/\/www.infobae.com\/new-resizer\/8B37jxCYZP1PczJw-XZfmvbA7m4=\/1440x810\/filters:format(webp):quality(85)\/cloudfront-us-east-1.images.arcpublishing.com\/infobae\/NDBG75ZP3JF3XPL7YIZKLD4V5A.jpg 1440w\">El gr\u00e1fico de un estudio publicado por Fundar muestra la evoluci\u00f3n de la producci\u00f3n de gas y petr\u00f3leo de Vaca Muerta, en toneladas de petr\u00f3leo equivalente. Entre 2018 y 2019 se fue haciendo evidente que ser\u00eda necesario aumentar la capacidad de transporte<\/p>\n\n\n\n<p>Atr\u00e1s quedar\u00e1n tambi\u00e9n dudas, vacilaciones y desencuentros pol\u00edticos. Entre 2018 y 2019, como muestra arriba el gr\u00e1fico de arriba, de un trabajo de\u00a0<strong>Nicol\u00e1s Arceo, Lara Bersten y Andr\u00e9s Wainer<\/strong>, publicado por Fundar, el explosivo aumento de la producci\u00f3n de Vaca Muerta fue haciendo evidente que ser\u00edan necesarias inversiones de fuste en infrastructura, y en particular en transporte, para canalizar vol\u00famenes crecientes de gas y petr\u00f3leo. El gobierno de\u00a0<strong>Mauricio Macri<\/strong>\u00a0licit\u00f3 la obra en julio de 2019, un mes antes de las PASO, despu\u00e9s de estas prorrog\u00f3 la licitaci\u00f3n y finalmente la dej\u00f3 abierta, para que decida su sucesor. Pasaron luego 27 meses entre los 13 que se tom\u00f3 el actual gobierno para anular la licitaci\u00f3n anterior y los 14 para llamar a una nueva, a los que sigui\u00f3 una fase de internas, denuncias y renuncias que, al cabo, obligaron a las adjudicatarias de la obra (principalmente, Techint) a intentar hacer en 8 meses una obra que la Argentina deber\u00eda estar usufructuando hace tiempo, cuando ya era una certeza que las ubres de Vaca Muerta alcanzaban para traccionar al pa\u00eds con gas propio hasta un futuro de energ\u00edas \u201climpias\u201d en el que tallar\u00e1n mucho m\u00e1s minerales como el litio y el cobre.<\/p>\n\n\n\n<p>Fuente: Infobae<\/p>\n","protected":false},"excerpt":{"rendered":"<div class=\"mh-excerpt\"><p>Este domingo el Gobierno celebrar\u00e1 la inauguraci\u00f3n de la primera etapa del \u201cGasoducto Presidente N\u00e9stor Kirchner\u201d (GPNK) en un acto de tinte tanto econ\u00f3mico como pol\u00edtico, pues formar\u00e1 parte de la campa\u00f1a electoral del oficialismo. Se prev\u00e9 la asistencia de sus tres m\u00e1ximas figuras: el presidente de la Naci\u00f3n,&nbsp;Alberto Fern\u00e1ndez, su vice,&nbsp;Cristina Fern\u00e1ndez de Kirchner&nbsp;(CFK) y el ministro de Econom\u00eda y principal precandidato presidencial de la ahora llamada \u201cUni\u00f3n por la Patria\u201d (UP),&nbsp;Sergio Massa. Del acto participar\u00e1n tambi\u00e9n el gobernador bonaerense (y \u00fanico precandidato oficialista al mismo cargo)&nbsp;Axel Kicillof, sus pares de Neuqu\u00e9n,&nbsp;Omar Guti\u00e9rrez; R\u00edo Negro,&nbsp;Arabela Carreras; y La Pampa,&nbsp;Sergio <a class=\"mh-excerpt-more\" href=\"http:\/\/dsrmedios.com.ar\/diario\/archivos\/36767\" title=\"Gasoducto N\u00e9stor Kirchner: ahorro de d\u00f3lares, proyecci\u00f3n exportadora y otros detalles de la obra que renueva la ilusi\u00f3n del \u201cpa\u00eds gas\u00edfero\u201d\">[Leer m\u00e1s]<\/a><\/p>\n<\/div>","protected":false},"author":8,"featured_media":36768,"comment_status":"open","ping_status":"closed","sticky":false,"template":"","format":"standard","meta":{"_jetpack_newsletter_access":""},"categories":[6],"tags":[],"jetpack_featured_media_url":"http:\/\/dsrmedios.com.ar\/diario\/wp-content\/uploads\/2023\/07\/images-15.jpg","jetpack_sharing_enabled":true,"jetpack_shortlink":"https:\/\/wp.me\/p9fihK-9z1","_links":{"self":[{"href":"http:\/\/dsrmedios.com.ar\/diario\/wp-json\/wp\/v2\/posts\/36767"}],"collection":[{"href":"http:\/\/dsrmedios.com.ar\/diario\/wp-json\/wp\/v2\/posts"}],"about":[{"href":"http:\/\/dsrmedios.com.ar\/diario\/wp-json\/wp\/v2\/types\/post"}],"author":[{"embeddable":true,"href":"http:\/\/dsrmedios.com.ar\/diario\/wp-json\/wp\/v2\/users\/8"}],"replies":[{"embeddable":true,"href":"http:\/\/dsrmedios.com.ar\/diario\/wp-json\/wp\/v2\/comments?post=36767"}],"version-history":[{"count":1,"href":"http:\/\/dsrmedios.com.ar\/diario\/wp-json\/wp\/v2\/posts\/36767\/revisions"}],"predecessor-version":[{"id":36769,"href":"http:\/\/dsrmedios.com.ar\/diario\/wp-json\/wp\/v2\/posts\/36767\/revisions\/36769"}],"wp:featuredmedia":[{"embeddable":true,"href":"http:\/\/dsrmedios.com.ar\/diario\/wp-json\/wp\/v2\/media\/36768"}],"wp:attachment":[{"href":"http:\/\/dsrmedios.com.ar\/diario\/wp-json\/wp\/v2\/media?parent=36767"}],"wp:term":[{"taxonomy":"category","embeddable":true,"href":"http:\/\/dsrmedios.com.ar\/diario\/wp-json\/wp\/v2\/categories?post=36767"},{"taxonomy":"post_tag","embeddable":true,"href":"http:\/\/dsrmedios.com.ar\/diario\/wp-json\/wp\/v2\/tags?post=36767"}],"curies":[{"name":"wp","href":"https:\/\/api.w.org\/{rel}","templated":true}]}}