{"id":36759,"date":"2023-07-09T12:01:09","date_gmt":"2023-07-09T15:01:09","guid":{"rendered":"http:\/\/dsrmedios.com.ar\/diario\/?p=36759"},"modified":"2023-07-09T12:01:12","modified_gmt":"2023-07-09T15:01:12","slug":"el-papa-francisco-anuncio-21-nuevos-cardenales-entre-ellos-cinco-latinoamericanos-y-tres-espanoles","status":"publish","type":"post","link":"http:\/\/dsrmedios.com.ar\/diario\/archivos\/36759","title":{"rendered":"El papa Francisco anunci\u00f3 21 nuevos cardenales, entre ellos cinco latinoamericanos y tres espa\u00f1oles"},"content":{"rendered":"\n<p>El<strong>&nbsp;papa Francisco<\/strong>&nbsp;anunci\u00f3 este domingo la creaci\u00f3n de&nbsp;<strong>21 nuevos cardenales<\/strong>, entre los que habr\u00e1 5 latinoamericano y tres espa\u00f1oles.<\/p>\n\n\n\n<p>En el listado de latinoamericanos figuran el nuevo prefecto para la Doctrina de la Fe, el argentino&nbsp;<strong>V\u00edctor Manuel Fern\u00e1ndez, el arzobispo de C\u00f3rdoba, monse\u00f1or \u00c1ngel Sixto Rossi, y el capuchino Luis Pascual Dri,<\/strong>&nbsp;confesor del Santuario de Nuestra Se\u00f1ora de Pompeya pero que, por superar los 80 a\u00f1os, no podr\u00eda participar en un eventual c\u00f3nclave.<\/p>\n\n\n\n<p><img decoding=\"async\" loading=\"lazy\" height=\"720\" width=\"1280\" srcset=\"https:\/\/www.infobae.com\/new-resizer\/u01rrpq0_HlHS8qwdMsnM96Xz8A=\/420x236\/filters:format(webp):quality(85)\/cloudfront-us-east-1.images.arcpublishing.com\/infobae\/XGNEDTFTRVAFFIUJ5JHOU6LWEI.jpg 420w,https:\/\/www.infobae.com\/new-resizer\/QRJYwaFERHUnvxdW2q_BcR8dLUY=\/768x432\/filters:format(webp):quality(85)\/cloudfront-us-east-1.images.arcpublishing.com\/infobae\/XGNEDTFTRVAFFIUJ5JHOU6LWEI.jpg 768w,https:\/\/www.infobae.com\/new-resizer\/DCxBINeK-_fSebkUuwlxt2fYN8U=\/992x558\/filters:format(webp):quality(85)\/cloudfront-us-east-1.images.arcpublishing.com\/infobae\/XGNEDTFTRVAFFIUJ5JHOU6LWEI.jpg 992w,https:\/\/www.infobae.com\/new-resizer\/lq1TUmRZREfEyaRc2t-3ibCBvXY=\/1200x675\/filters:format(webp):quality(85)\/cloudfront-us-east-1.images.arcpublishing.com\/infobae\/XGNEDTFTRVAFFIUJ5JHOU6LWEI.jpg 1200w,https:\/\/www.infobae.com\/new-resizer\/bxFzCTBncWsb6ts1ll3tJWMEXEw=\/1440x810\/filters:format(webp):quality(85)\/cloudfront-us-east-1.images.arcpublishing.com\/infobae\/XGNEDTFTRVAFFIUJ5JHOU6LWEI.jpg 1440w\" class=\"\" src=\"https:\/\/www.infobae.com\/new-resizer\/z6aEoN9eyRRsULzGx0H9kWNX1D8=\/1280x720\/filters:format(webp):quality(85)\/cloudfront-us-east-1.images.arcpublishing.com\/infobae\/XGNEDTFTRVAFFIUJ5JHOU6LWEI.jpg\" alt=\"El nuevo prefecto para la Doctrina de la Fe, V\u00edctor Manuel Fern\u00e1ndez, se convertir\u00e1 en cradenal (Vatican News)\">El nuevo prefecto para la Doctrina de la Fe, V\u00edctor Manuel Fern\u00e1ndez, se convertir\u00e1 en cradenal (Vatican News)<\/p>\n\n\n\n<p>Adem\u00e1s,&nbsp;<strong>convertir\u00e1 en cardenal al arzobispo de Madrid, Jos\u00e9 Cobo Cano, al Rector Mayor de los Salesianos, \u00c1ngel Fern\u00e1ndez Artime, y al obispo de la localidad francesa de Ajaccio, el espa\u00f1ol Francisco Javier Bustillo.<\/strong><\/p>\n\n\n\n<p><strong>Francisco anunci\u00f3 por sorpresa la celebraci\u00f3n de este nuevo consistorio<\/strong>&nbsp;tras el rezo del \u00c1ngelus dominical desde la ventana del Palacio Apost\u00f3lico y avanz\u00f3 que los nombramientos \u201cexpresan la universalidad de la Iglesia\u201d por repartirse por todo el planeta.<\/p>\n\n\n\n<p><img decoding=\"async\" loading=\"lazy\" alt=\"\u00c1ngel Sixto Rossi, Luis Pascual Dri y V\u00edctor Manuel Fern\u00e1ndez , los tres argentinos que se convertir\u00e1n en cardenales en septiembre pr\u00f3ximo\" height=\"1080\" width=\"1920\" class=\"\" src=\"https:\/\/www.infobae.com\/new-resizer\/aNyiVuKruXFItWinjd0swfzEVo0=\/1920x1080\/filters:format(webp):quality(85)\/cloudfront-us-east-1.images.arcpublishing.com\/infobae\/Z4XFJYHD4JF3DLNAOHYP4JVW2A.jpg\" srcset=\"https:\/\/www.infobae.com\/new-resizer\/PzCGEfrIaVtQnv9FxPQQrq6arl0=\/420x236\/filters:format(webp):quality(85)\/cloudfront-us-east-1.images.arcpublishing.com\/infobae\/Z4XFJYHD4JF3DLNAOHYP4JVW2A.jpg 420w,https:\/\/www.infobae.com\/new-resizer\/kd0HsHGH1X7oqGTGbXUD8ZGtslQ=\/768x432\/filters:format(webp):quality(85)\/cloudfront-us-east-1.images.arcpublishing.com\/infobae\/Z4XFJYHD4JF3DLNAOHYP4JVW2A.jpg 768w,https:\/\/www.infobae.com\/new-resizer\/qFHUHwyysFPer7GSVe7zXWK9M00=\/992x558\/filters:format(webp):quality(85)\/cloudfront-us-east-1.images.arcpublishing.com\/infobae\/Z4XFJYHD4JF3DLNAOHYP4JVW2A.jpg 992w,https:\/\/www.infobae.com\/new-resizer\/v3QPGg_VZcXDQoroUwOH723C9p0=\/1200x675\/filters:format(webp):quality(85)\/cloudfront-us-east-1.images.arcpublishing.com\/infobae\/Z4XFJYHD4JF3DLNAOHYP4JVW2A.jpg 1200w,https:\/\/www.infobae.com\/new-resizer\/mlh1tPXMxdC_H4pCo-TuxSsWOPo=\/1440x810\/filters:format(webp):quality(85)\/cloudfront-us-east-1.images.arcpublishing.com\/infobae\/Z4XFJYHD4JF3DLNAOHYP4JVW2A.jpg 1440w\">\u00c1ngel Sixto Rossi, Luis Pascual Dri y V\u00edctor Manuel Fern\u00e1ndez , los tres argentinos que se convertir\u00e1n en cardenales en septiembre pr\u00f3ximo<\/p>\n\n\n\n<p>\u201cMe alegra anunciarles que&nbsp;<strong>el pr\u00f3ximo 30 de septiembre celebrar\u00e9 un Consistorio para el nombramiento de nuevos cardenales. Su procedencia expresa la universalidad de la Iglesia<\/strong>, que sigue anunciando el amor misericordioso de Dios a todos los hombres de la tierra. La inclusi\u00f3n de los nuevos Cardenales en la di\u00f3cesis de Roma, adem\u00e1s, manifiesta el v\u00ednculo inseparable entre la Sede de Pedro y las Iglesias particulares esparcidas por el mundo\u201d, asegur\u00f3 el Papa.<\/p>\n\n\n\n<p><strong>De estos 21 nuevos cardenales, 18 tendr\u00edan derecho a voto en un futuro y eventual c\u00f3nclave para suceder a Francisco, al tener menos de 80 a\u00f1os<\/strong>, tal y como estipula el Derecho Can\u00f3nico, mientras que tres exceden esa edad pero el Papa ha querido destacar as\u00ed su \u201cservicio a la Iglesia\u201d. Entre estos \u00faltimos cardenales \u201cem\u00e9ritos\u201d, adem\u00e1s del venezolano y el argentino, figura el nuncio italiano Agostino Marchetto.<\/p>\n\n\n\n<p><img decoding=\"async\" loading=\"lazy\" alt=\"Monse\u00f1or Luis Jos\u00e9 Rueda, Primado de Colombia\" height=\"1079\" width=\"1900\" class=\"\" src=\"https:\/\/www.infobae.com\/new-resizer\/YdRciHdrub_5pjPcM4GLVtJ2gyA=\/1900x1079\/filters:format(webp):quality(85)\/cloudfront-us-east-1.images.arcpublishing.com\/infobae\/IPBJI6E2PVB7XBDXJBRJNEGO3Y.jpg\" srcset=\"https:\/\/www.infobae.com\/new-resizer\/vmrZUWZ0Pz-47OkXtWNfHTV_PYk=\/420x236\/filters:format(webp):quality(85)\/cloudfront-us-east-1.images.arcpublishing.com\/infobae\/IPBJI6E2PVB7XBDXJBRJNEGO3Y.jpg 420w,https:\/\/www.infobae.com\/new-resizer\/X0RWvUuSRyRHZIWJG7GfkgsOJfk=\/768x432\/filters:format(webp):quality(85)\/cloudfront-us-east-1.images.arcpublishing.com\/infobae\/IPBJI6E2PVB7XBDXJBRJNEGO3Y.jpg 768w,https:\/\/www.infobae.com\/new-resizer\/lPNkYWFa9USFPca_dD7PmUqMifM=\/992x558\/filters:format(webp):quality(85)\/cloudfront-us-east-1.images.arcpublishing.com\/infobae\/IPBJI6E2PVB7XBDXJBRJNEGO3Y.jpg 992w,https:\/\/www.infobae.com\/new-resizer\/6gaECJCz63aCELiuDxvomLYU7Do=\/1200x675\/filters:format(webp):quality(85)\/cloudfront-us-east-1.images.arcpublishing.com\/infobae\/IPBJI6E2PVB7XBDXJBRJNEGO3Y.jpg 1200w,https:\/\/www.infobae.com\/new-resizer\/tRKvpO5-D7Gmd59Ki446viOOYNc=\/1440x810\/filters:format(webp):quality(85)\/cloudfront-us-east-1.images.arcpublishing.com\/infobae\/IPBJI6E2PVB7XBDXJBRJNEGO3Y.jpg 1440w\">Monse\u00f1or Luis Jos\u00e9 Rueda, Primado de Colombia<\/p>\n\n\n\n<p>Los futuros \u201cpapables\u201d proceden de todos los continentes y hay tambi\u00e9n varios nuncios, diplom\u00e1ticos de la Santa Sede, y miembros de la Curia Romana.Por ejemplo, constan el prefecto del Dicasterio para los Obispos, el estadounidense Robert Francis Prevost; el de Iglesias Orientales, el italiano Claudio Gugerotti, o el patriarca latino de Jerusal\u00e9n, Pierbattista Pizzaballa.<\/p>\n\n\n\n<p>Entre los diplom\u00e1ticos purpurados estar\u00e1n el nuncio apost\u00f3lico en San Marino, Emil Paul Tscherrig, o el franc\u00e9s Christophe Pierre, representante de la Santa Sede en Estados Unidos.Tambi\u00e9n ser\u00e1n hechos cardenales el arzobispo de Ciudad del Cabo, el sudafricano Stephen Brislin; el de la malasia Penang, Sebastian Francis; el de Hong Kong, Stephen Chow Sau-yan; el de Yuba, el sudan\u00e9s Stephen Ameyu Martin Mulla, o el auxiliar de Lisboa, Am\u00e9rico Manuel Alves Aguiar.<\/p>\n\n\n\n<p>Tambi\u00e9n el polaco Grzegorz Rys, arzobispo de Lodz, y el tanzan\u00e9s Protase Rugambwa, arzobispo coadjutor de Tabora.<\/p>\n\n\n\n<h2>Los n\u00fameros de Francisco<\/h2>\n\n\n\n<p>El nuevo consistorio, la ceremonia en el que el pont\u00edfice otorga las nuevas p\u00farpuras, era un rumor a voces porque en los pr\u00f3ximos dos a\u00f1os una veintena de cardenales superar\u00e1n los 80 a\u00f1os y perder\u00e1n as\u00ed el derecho a voto en un c\u00f3nclave, como dicta el Derecho Can\u00f3nico.<\/p>\n\n\n\n<p>Se trata de un dato a tener en cuenta a la hora de analizar las din\u00e1micas internas de la Sede de Pedro, la potencia de cada corriente y los n\u00fameros con los que Francisco, continuamente atacado por los sectores m\u00e1s conservadores, cuenta para su sucesi\u00f3n.<\/p>\n\n\n\n<p>El \u00faltimo informe oficial, del 22 de junio pasado -es decir, previo al consistorio anunciado hoy- revela que los cardenales designados por el papa argentino representan dos tercios del Colegio y la mitad si se tiene en cuenta a los no votantes y \u201cem\u00e9ritos\u201d.<\/p>\n\n\n\n<p>En concreto, actualmente los cardenales nombrados por Francisco son 81 de los 121 actualmente electores, mientras que nueve fueron ascendidos por Juan Pablo II y 31 por Benedicto XVI.<\/p>\n\n\n\n<p>Y a estos hay que sumar los 18 electores proclamados este domingo.<\/p>\n\n\n\n<p>Por divisi\u00f3n geogr\u00e1fica, en este momento, Europa sigue siendo el continente m\u00e1s representado en el Colegio Cardenalicio, con 56 miembros no electores, seguido por Asia (21), Norteam\u00e9rica (16), \u00c1frica (16), Sudam\u00e9rica (14), Am\u00e9rica Central (5) y Ocean\u00eda (3).No obstante, los designios de los cardenales encerrados en la Capilla Sixtina en c\u00f3nclave, hasta lograr la \u201cfumata blanca\u201d con la designaci\u00f3n de un sucesor, son siempre impredecibles y secretos, m\u00e1s all\u00e1 de la aritm\u00e9tica de los n\u00fameros.<\/p>\n\n\n\n<p>Fuente: Infobae<\/p>\n","protected":false},"excerpt":{"rendered":"<div class=\"mh-excerpt\"><p>El&nbsp;papa Francisco&nbsp;anunci\u00f3 este domingo la creaci\u00f3n de&nbsp;21 nuevos cardenales, entre los que habr\u00e1 5 latinoamericano y tres espa\u00f1oles. En el listado de latinoamericanos figuran el nuevo prefecto para la Doctrina de la Fe, el argentino&nbsp;V\u00edctor Manuel Fern\u00e1ndez, el arzobispo de C\u00f3rdoba, monse\u00f1or \u00c1ngel Sixto Rossi, y el capuchino Luis Pascual Dri,&nbsp;confesor del Santuario de Nuestra Se\u00f1ora de Pompeya pero que, por superar los 80 a\u00f1os, no podr\u00eda participar en un eventual c\u00f3nclave. El nuevo prefecto para la Doctrina de la Fe, V\u00edctor Manuel Fern\u00e1ndez, se convertir\u00e1 en cradenal (Vatican News) Adem\u00e1s,&nbsp;convertir\u00e1 en cardenal al arzobispo de Madrid, Jos\u00e9 Cobo Cano, <a class=\"mh-excerpt-more\" href=\"http:\/\/dsrmedios.com.ar\/diario\/archivos\/36759\" title=\"El papa Francisco anunci\u00f3 21 nuevos cardenales, entre ellos cinco latinoamericanos y tres espa\u00f1oles\">[Leer m\u00e1s]<\/a><\/p>\n<\/div>","protected":false},"author":8,"featured_media":4561,"comment_status":"open","ping_status":"closed","sticky":false,"template":"","format":"standard","meta":{"_jetpack_newsletter_access":""},"categories":[6],"tags":[],"jetpack_featured_media_url":"http:\/\/dsrmedios.com.ar\/diario\/wp-content\/uploads\/2018\/03\/papa.jpg","jetpack_sharing_enabled":true,"jetpack_shortlink":"https:\/\/wp.me\/p9fihK-9yT","_links":{"self":[{"href":"http:\/\/dsrmedios.com.ar\/diario\/wp-json\/wp\/v2\/posts\/36759"}],"collection":[{"href":"http:\/\/dsrmedios.com.ar\/diario\/wp-json\/wp\/v2\/posts"}],"about":[{"href":"http:\/\/dsrmedios.com.ar\/diario\/wp-json\/wp\/v2\/types\/post"}],"author":[{"embeddable":true,"href":"http:\/\/dsrmedios.com.ar\/diario\/wp-json\/wp\/v2\/users\/8"}],"replies":[{"embeddable":true,"href":"http:\/\/dsrmedios.com.ar\/diario\/wp-json\/wp\/v2\/comments?post=36759"}],"version-history":[{"count":1,"href":"http:\/\/dsrmedios.com.ar\/diario\/wp-json\/wp\/v2\/posts\/36759\/revisions"}],"predecessor-version":[{"id":36760,"href":"http:\/\/dsrmedios.com.ar\/diario\/wp-json\/wp\/v2\/posts\/36759\/revisions\/36760"}],"wp:featuredmedia":[{"embeddable":true,"href":"http:\/\/dsrmedios.com.ar\/diario\/wp-json\/wp\/v2\/media\/4561"}],"wp:attachment":[{"href":"http:\/\/dsrmedios.com.ar\/diario\/wp-json\/wp\/v2\/media?parent=36759"}],"wp:term":[{"taxonomy":"category","embeddable":true,"href":"http:\/\/dsrmedios.com.ar\/diario\/wp-json\/wp\/v2\/categories?post=36759"},{"taxonomy":"post_tag","embeddable":true,"href":"http:\/\/dsrmedios.com.ar\/diario\/wp-json\/wp\/v2\/tags?post=36759"}],"curies":[{"name":"wp","href":"https:\/\/api.w.org\/{rel}","templated":true}]}}