{"id":36756,"date":"2023-07-09T11:59:25","date_gmt":"2023-07-09T14:59:25","guid":{"rendered":"http:\/\/dsrmedios.com.ar\/diario\/?p=36756"},"modified":"2023-07-09T11:59:27","modified_gmt":"2023-07-09T14:59:27","slug":"agustin-gerez-presidente-de-enarsa-el-gasoducto-es-un-proyecto-transformador-que-permitira-ahorrar-usd-4-400-millones-por-ano","status":"publish","type":"post","link":"http:\/\/dsrmedios.com.ar\/diario\/archivos\/36756","title":{"rendered":"Agust\u00edn Gerez, presidente de Enarsa: \u201cEl gasoducto es un proyecto transformador que permitir\u00e1 ahorrar USD 4.400 millones por a\u00f1o\u201d"},"content":{"rendered":"\n<p><strong>Agust\u00edn Gerez<\/strong>&nbsp;tiene 35 a\u00f1os y es presidente de Energ\u00eda Argentina, Enarsa, la empresa del Estado que estuvo a cargo de la construcci\u00f3n del primer tramo del Gasoducto Presidente N\u00e9stor Kirchner, que se inaugura hoy en Salliquel\u00f3 con la presencia de&nbsp;<strong>Sergio Massa<\/strong>,&nbsp;<strong>Cristina Kirchner<\/strong>&nbsp;y&nbsp;<strong>Alberto Fern\u00e1ndez<\/strong>.<\/p>\n\n\n\n<p>Santacruce\u00f1o, abogado de la UCA, con un posgrado en Derecho del Petr\u00f3leo y Gas Natural de la UBA y experto en Regulaci\u00f3n Energ\u00e9tica e Hidrocarbur\u00edfera, Gerez tiene muy buena relaci\u00f3n con la vicepresidenta y fue blanco de algunos de los hombres de confianza del Presidente que terminaron fuera de Gobierno, como&nbsp;<strong>Mat\u00edas Kulfas<\/strong>&nbsp;y&nbsp;<strong>Mart\u00edn Guzm\u00e1n<\/strong>.<\/p>\n\n\n\n<p>En una extensa charla con&nbsp;<strong>Infobae<\/strong>, Gerez no disimul\u00f3 su alegr\u00eda y orgullo por la finalizaci\u00f3n de la primera parte del GPNK, una obra a la que define como \u201cun proyecto transformador que permitir\u00e1 ahorrar USD 4.400 millones por a\u00f1o\u201d.<\/p>\n\n\n\n<p>\u201cDijeron que era una obra de 24 meses. Y era imposible hacerla en 8. Esta obra estaba planificada en el 2015. Se par\u00f3 a\u00f1os por falta de visi\u00f3n estrat\u00e9gica y por falta de coraje\u201d, tuite\u00f3 Massa. Seg\u00fan el Gobierno, se usaron 47.700 ca\u00f1os de acero de 12 metros de largo, se realizaron alrededor de 12.000 viajes de cami\u00f3n para transportar los ca\u00f1os y se generaron 10.000 puestos de trabajo directos.<\/p>\n\n\n\n<p><img decoding=\"async\" loading=\"lazy\" alt=\"Desde el 20 de junio se abren v\u00e1lvulas que habilitan diferentes tramos del tendido del gasoducto\" height=\"1080\" width=\"1920\" class=\"\" src=\"https:\/\/www.infobae.com\/new-resizer\/mkoW34z2RXWhEiXbWvptCw3T5VU=\/1920x1080\/filters:format(webp):quality(85)\/cloudfront-us-east-1.images.arcpublishing.com\/infobae\/YVRPNMZ6IBHPVDZGBGE5CKDTDA.jpg\" srcset=\"https:\/\/www.infobae.com\/new-resizer\/qR3n47lgdSHK4091ssSDk4vH3is=\/420x236\/filters:format(webp):quality(85)\/cloudfront-us-east-1.images.arcpublishing.com\/infobae\/YVRPNMZ6IBHPVDZGBGE5CKDTDA.jpg 420w,https:\/\/www.infobae.com\/new-resizer\/_oTHPi35unqZo4S_xj7hP0Zm2o8=\/768x432\/filters:format(webp):quality(85)\/cloudfront-us-east-1.images.arcpublishing.com\/infobae\/YVRPNMZ6IBHPVDZGBGE5CKDTDA.jpg 768w,https:\/\/www.infobae.com\/new-resizer\/JwOPfuUYsQ3guMNybGbJOu3Pmm4=\/992x558\/filters:format(webp):quality(85)\/cloudfront-us-east-1.images.arcpublishing.com\/infobae\/YVRPNMZ6IBHPVDZGBGE5CKDTDA.jpg 992w,https:\/\/www.infobae.com\/new-resizer\/pIg7hzjRPs5xB2VEZQvh6pqhOXU=\/1200x675\/filters:format(webp):quality(85)\/cloudfront-us-east-1.images.arcpublishing.com\/infobae\/YVRPNMZ6IBHPVDZGBGE5CKDTDA.jpg 1200w,https:\/\/www.infobae.com\/new-resizer\/9UiWRN4XldDz2mTOlJSKECe2t50=\/1440x810\/filters:format(webp):quality(85)\/cloudfront-us-east-1.images.arcpublishing.com\/infobae\/YVRPNMZ6IBHPVDZGBGE5CKDTDA.jpg 1440w\">Desde el 20 de junio se abren v\u00e1lvulas que habilitan diferentes tramos del tendido del gasoducto<\/p>\n\n\n\n<p>\u201cEl de hoy va a ser un acto hist\u00f3rico, creo que estar\u00e1 a la altura de lo que fue la ejecuci\u00f3n de este proyecto. Con los actores p\u00fablicos y privados que estuvieron este tiempo involucrados. Vamos a celebrar algo que pocos, o que casi nadie, cre\u00eda que pod\u00edamos hacer\u201d, enfatiz\u00f3 Gerez.<\/p>\n\n\n\n<p>\u201cComo cabeza del equipo de Enarsa lo vivo con mucha felicidad y expectativa. No s\u00e9 si la historia va a ser justa con todo este proceso y con todo el esfuerzo que realizamos. Cumplimos un sue\u00f1o. Tantas veces me preguntaron si \u00edbamos a llegar o no. Bueno, llegamos. Las promesas a veces quedan en la nada y en un pa\u00eds como Argentina, con contextos tan complejos y con coyunturas tan dif\u00edciles, poder decir \u2018ac\u00e1 est\u00e1, cumplimos con algo hist\u00f3rico\u2019 es algo que me genera mucha felicidad\u201d, agreg\u00f3 el funcionario.<\/p>\n\n\n\n<p>\u2014&nbsp;<strong>\u00bfPor qu\u00e9 cree que quiz\u00e1s la historia no ser\u00e1 justa con este proceso?<\/strong><\/p>\n\n\n\n<p>\u2014 No s\u00e9 si la historia. Lo dec\u00eda en t\u00e9rminos de tiempos, de valorar el enorme esfuerzo que hicieron muchos sectores para que esto sea posible. Una vez que la obra se termina, quiz\u00e1s en una semana nadie se acuerde del gasoducto. Es as\u00ed. Ojal\u00e1 que todos los argentinos lo recordemos como algo muy bueno que se pudo hacer, que sea un vector y un modelo para los proyectos que vendr\u00e1n.<\/p>\n\n\n\n<p>\u2014&nbsp;<strong>\u00bfPor qu\u00e9 hubo tantas dudas e idas y vueltas para hacer la obra?<\/strong><\/p>\n\n\n\n<p>\u2014 Lo importante es que se realiz\u00f3 y que vamos tomando noci\u00f3n de la importancia de la energ\u00eda en el desarrollo industrial, humano y productivo del pa\u00eds. Este proyecto refleja eso. Despu\u00e9s, las demoras&#8230;<\/p>\n\n\n\n<p><img decoding=\"async\" loading=\"lazy\" alt=\"Los ca\u00f1os de 12 metros que, unidos, forman el GPNK\" height=\"1080\" width=\"1920\" class=\"\" src=\"https:\/\/www.infobae.com\/new-resizer\/YS_iuHwnQ9-ngiY1LMEfN1RlNNI=\/1920x1080\/filters:format(webp):quality(85)\/cloudfront-us-east-1.images.arcpublishing.com\/infobae\/6BZJVREMMFAKVDPOZWKFWEZFSU.jpg\" srcset=\"https:\/\/www.infobae.com\/new-resizer\/in-2Z7HQitcT7X4tyF1QMg-ouno=\/420x236\/filters:format(webp):quality(85)\/cloudfront-us-east-1.images.arcpublishing.com\/infobae\/6BZJVREMMFAKVDPOZWKFWEZFSU.jpg 420w,https:\/\/www.infobae.com\/new-resizer\/Ozxrk0BTUjN560mJe6Xgl6oWkRw=\/768x432\/filters:format(webp):quality(85)\/cloudfront-us-east-1.images.arcpublishing.com\/infobae\/6BZJVREMMFAKVDPOZWKFWEZFSU.jpg 768w,https:\/\/www.infobae.com\/new-resizer\/rfwku2jfqGiRwhn0zp04lglMDqM=\/992x558\/filters:format(webp):quality(85)\/cloudfront-us-east-1.images.arcpublishing.com\/infobae\/6BZJVREMMFAKVDPOZWKFWEZFSU.jpg 992w,https:\/\/www.infobae.com\/new-resizer\/RrCwAfNga_0E16tryO39XiFIBA0=\/1200x675\/filters:format(webp):quality(85)\/cloudfront-us-east-1.images.arcpublishing.com\/infobae\/6BZJVREMMFAKVDPOZWKFWEZFSU.jpg 1200w,https:\/\/www.infobae.com\/new-resizer\/YSrd4Xx2E4gKbsOQ3dF4xzssN08=\/1440x810\/filters:format(webp):quality(85)\/cloudfront-us-east-1.images.arcpublishing.com\/infobae\/6BZJVREMMFAKVDPOZWKFWEZFSU.jpg 1440w\">Los ca\u00f1os de 12 metros que, unidos, forman el GPNK<\/p>\n\n\n\n<p>\u2014&nbsp;<strong>Hubo muchas demoras y tensiones.<\/strong><\/p>\n\n\n\n<p>\u2014 Este proyecto naci\u00f3 en un contexto mundial muy particular. A la semana que licitamos la compra de ca\u00f1os estall\u00f3 la guerra en Ucrania. Rusia es uno de los principales proveedores de chapa y acero del mundo. Luego hubo temas con la provisi\u00f3n de equipamientos y materiales con China que por entonces estaba todav\u00eda con restricciones por la pandemia. Los inconvenientes y desaf\u00edos fueron varios, pero el foco fue el objetivo y la promesa que hab\u00edamos hecho.<\/p>\n\n\n\n<p>\u2014&nbsp;<strong>Tambi\u00e9n hubo temas pol\u00edticos en el medio.<\/strong><\/p>\n\n\n\n<p>\u2014 Una vez dictado el DNU hubo conflictos y situaciones pol\u00edticas que quisieron entorpecer la ejecuci\u00f3n del proyecto. Se resolvi\u00f3 con trabajo. Dio resultado.<\/p>\n\n\n\n<p>\u2014&nbsp;<strong>\u00bfQu\u00e9 cambi\u00f3 cuando lleg\u00f3 Sergio Massa a Econom\u00eda?<\/strong><\/p>\n\n\n\n<p>\u2014 Sergio le aport\u00f3 din\u00e1mica a la gesti\u00f3n; al proyecto en s\u00ed, pero en t\u00e9rminos generales a toda la gesti\u00f3n. Trabaja mucho y su ritmo se hace sentir. Es la autoridad del sector y para acompa\u00f1arlo hay que estar a la altura. Sabe trabajar en equipo y generar sinergias. Massa fue un vector clave para cumplir con el objetivo de terminar el gasoducto.<\/p>\n\n\n\n<p><img decoding=\"async\" loading=\"lazy\" alt=\"La primera parte de la obra se realiz\u00f3 entre Vaca Muerta, desde la localidad de Tratay\u00e9n, hasta Saliquel\u00f3, en la provincia de Buenos Aires\" height=\"1080\" width=\"1920\" class=\"\" src=\"https:\/\/www.infobae.com\/new-resizer\/xrozerepSbpjKqrzdkhjEkAvSRY=\/1920x1080\/filters:format(webp):quality(85)\/cloudfront-us-east-1.images.arcpublishing.com\/infobae\/WNKLH42KIVHKHMH7RIRISCB6ZQ.jpg\" srcset=\"https:\/\/www.infobae.com\/new-resizer\/9fNNQM5lTCohL-vYiM5p3NTzzp4=\/420x236\/filters:format(webp):quality(85)\/cloudfront-us-east-1.images.arcpublishing.com\/infobae\/WNKLH42KIVHKHMH7RIRISCB6ZQ.jpg 420w,https:\/\/www.infobae.com\/new-resizer\/uJyorrLFUn1EJZFL0a2PaSI4MHg=\/768x432\/filters:format(webp):quality(85)\/cloudfront-us-east-1.images.arcpublishing.com\/infobae\/WNKLH42KIVHKHMH7RIRISCB6ZQ.jpg 768w,https:\/\/www.infobae.com\/new-resizer\/w3lHaCVDiK1OnO6KmWvnqOmzABg=\/992x558\/filters:format(webp):quality(85)\/cloudfront-us-east-1.images.arcpublishing.com\/infobae\/WNKLH42KIVHKHMH7RIRISCB6ZQ.jpg 992w,https:\/\/www.infobae.com\/new-resizer\/B8U83lKCaPcT1FXhLMhLL8Ygqrk=\/1200x675\/filters:format(webp):quality(85)\/cloudfront-us-east-1.images.arcpublishing.com\/infobae\/WNKLH42KIVHKHMH7RIRISCB6ZQ.jpg 1200w,https:\/\/www.infobae.com\/new-resizer\/_azaRvmjBGj-G2fsnETEdhwXLxA=\/1440x810\/filters:format(webp):quality(85)\/cloudfront-us-east-1.images.arcpublishing.com\/infobae\/WNKLH42KIVHKHMH7RIRISCB6ZQ.jpg 1440w\">La primera parte de la obra se realiz\u00f3 entre Vaca Muerta, desde la localidad de Tratay\u00e9n, hasta Saliquel\u00f3, en la provincia de Buenos Aires<\/p>\n\n\n\n<p>\u2014&nbsp;<strong>\u00bfUna vez comenzado el proyecto, cu\u00e1l fue el momento de m\u00e1s tensi\u00f3n?<\/strong><\/p>\n\n\n\n<p>\u2014 Hubo dos semanas, all\u00e1 por diciembre del 2021, en las que el suministro de ca\u00f1os se hab\u00eda ralentizado por algunos inconvenientes que hubo en la planta de Valent\u00edn Alsina. Le exigimos al contratista que tome las medidas en t\u00e9rminos t\u00e9cnicos y contractuales para poder recuperar esos d\u00edas y lo pudimos superar sin ning\u00fan problema. No hubo situaciones que pusieron en crisis al proyecto. Argentina ven\u00eda de much\u00edsimos a\u00f1os sin obras grandes de infraestructura gas\u00edfera. Fue un desaf\u00edo encontrar soldadores y la cadena de pymes para el abastecimiento de bienes y de servicios para este tipo de proyectos hab\u00eda desaparecido: despu\u00e9s el 2015 no se construy\u00f3 un solo kil\u00f3metro de gasoducto de transporte. Antes se hac\u00edan hasta 300 kil\u00f3metros por a\u00f1o. Nos enfrentamos a un sector paralizado.<\/p>\n\n\n\n<p>\u2014&nbsp;<strong>\u00bfQu\u00e9 representa y cu\u00e1l cree que ser\u00e1 su principal aporte del gasoducto?<\/strong><\/p>\n\n\n\n<p>\u2014 Representa una enorme transformaci\u00f3n para Argentina. Es un antes y un despu\u00e9s en t\u00e9rminos macroecon\u00f3micos y de suministro energ\u00e9tico. Nos va a permitir ahorrar 4.400 millones de d\u00f3lares por sustituci\u00f3n de importaciones de energ\u00eda. Podremos reducir el costo de la energ\u00eda el\u00e9ctrica porque las generadoras van a poder acceder al gas a un precio mucho m\u00e1s competitivo. Es un proyecto que genera riqueza, tanto en el sector p\u00fablico como en el sector privado. Para llenar este primer tramo del gasoducto, los productores van a facturar millones y van a generar empleo. El Estado va a ahorrar en subsidios. Es un proyecto transformador desde donde se lo mire.<\/p>\n\n\n\n<p>\u2014&nbsp;<strong>\u00bfC\u00f3mo sigue la obra?<\/strong><\/p>\n\n\n\n<p>\u2014 El gasoducto est\u00e1 operativo desde el 20 de junio al 100 por ciento. Lo que se est\u00e1 haciendo ahora son las etapas de llenado, la obra ya est\u00e1 terminada. El \u201capto para funcionar\u201d (APF), el hito que propusimos, est\u00e1 completamente terminado. Ayer abrimos la v\u00e1lvula del kil\u00f3metro 285, el gas ya est\u00e1 fluyendo y va hacia el kil\u00f3metro 573. Adem\u00e1s, ya estamos planificando la reversi\u00f3n del gasoducto Norte, una obra que interconecta el gasoducto Centro-oeste con el del Norte y nos permite enviar gas desde Vaca Muerta hacia las provincias norte\u00f1as. Es una inversi\u00f3n de 800 millones de d\u00f3lares que se realiza \u00edntegramente en la provincia de C\u00f3rdoba y que va a permitir sustituir importaciones por otros 1.700 millones de d\u00f3lares.<\/p>\n\n\n\n<p>\u2014&nbsp;<strong>\u00bfCu\u00e1ndo va a estar listo?<\/strong><\/p>\n\n\n\n<p>\u2014 Para fines de marzo del a\u00f1o que viene deber\u00eda estar. Otra obra en tiempo r\u00e9cord que habla de la visi\u00f3n de los l\u00edderes pol\u00edticos de este Gobierno que hacen proyectos que podr\u00edan beneficiar a pol\u00edticos de otro signo. Hacemos sin que importe el futuro en t\u00e9rminos pol\u00edticos, sino pensando en los beneficios para el pa\u00eds. En la planificaci\u00f3n energ\u00e9tica de este Gobierno no hay mezquindad pol\u00edtica.<\/p>\n\n\n\n<p><img decoding=\"async\" loading=\"lazy\" alt=\"La obra estuvo a cargo de las empresas Sacde y Techint\" height=\"717\" width=\"1274\" class=\"\" src=\"https:\/\/www.infobae.com\/new-resizer\/PYDc4KikOiVkqjL0hT-Wgi9JT0s=\/1274x717\/filters:format(webp):quality(85)\/cloudfront-us-east-1.images.arcpublishing.com\/infobae\/SH7UKUAGKRGANPT7SCVJNPWAW4.jpeg\" srcset=\"https:\/\/www.infobae.com\/new-resizer\/9BSJbAfRtHipRHhef4My6eMR9Pg=\/420x236\/filters:format(webp):quality(85)\/cloudfront-us-east-1.images.arcpublishing.com\/infobae\/SH7UKUAGKRGANPT7SCVJNPWAW4.jpeg 420w,https:\/\/www.infobae.com\/new-resizer\/JNau4JebV9UfDN4RH60HRRM7MXY=\/768x432\/filters:format(webp):quality(85)\/cloudfront-us-east-1.images.arcpublishing.com\/infobae\/SH7UKUAGKRGANPT7SCVJNPWAW4.jpeg 768w,https:\/\/www.infobae.com\/new-resizer\/fUiA2DkylXBTKlgwUnEOEo1n7n0=\/992x558\/filters:format(webp):quality(85)\/cloudfront-us-east-1.images.arcpublishing.com\/infobae\/SH7UKUAGKRGANPT7SCVJNPWAW4.jpeg 992w,https:\/\/www.infobae.com\/new-resizer\/ljpivOkgjGAbdkzYUfxTesAXRIE=\/1200x675\/filters:format(webp):quality(85)\/cloudfront-us-east-1.images.arcpublishing.com\/infobae\/SH7UKUAGKRGANPT7SCVJNPWAW4.jpeg 1200w,https:\/\/www.infobae.com\/new-resizer\/LvOqArKUZaNBtb7LC6oN8nus2KU=\/1440x810\/filters:format(webp):quality(85)\/cloudfront-us-east-1.images.arcpublishing.com\/infobae\/SH7UKUAGKRGANPT7SCVJNPWAW4.jpeg 1440w\">La obra estuvo a cargo de las empresas Sacde y Techint<\/p>\n\n\n\n<p>\u2014&nbsp;<strong>Y despu\u00e9s est\u00e1 el segundo tramo del GPNK.<\/strong><\/p>\n\n\n\n<p>\u2014 Calculamos que en agosto estar\u00e1 la licitaci\u00f3n para la compra de ca\u00f1os. Quien quiera venderle los ca\u00f1os a la Argentina va a tener que aportar el financiamiento. Para el \u00faltimo trimestre del a\u00f1o tenemos prevista la licitaci\u00f3n de la obra, que se har\u00e1 con fondos parciales del Tesoro y privados. A\u00fan resta definir los porcentajes y esas las herramientas de financiamiento. Este mandato presidencial terminar\u00e1 con dos proyectos licitados y ejecutados, uno de ellos en pleno funcionamiento, y la reversi\u00f3n del gasoducto Norte en ejecuci\u00f3n con tres meses restantes de obra. Esos dos proyectos le van a generar ahorros a Argentina por 6.100 millones de d\u00f3lares. Por eso digo que es transformador de verdad. Y a\u00fan no estoy calculando el potencial exportador. Se puede tener una balanza comercial energ\u00e9tica superavitaria el a\u00f1o que viene.<\/p>\n\n\n\n<p>\u2014&nbsp;<strong>Hubo tensi\u00f3n en la contrataci\u00f3n de Techint. Las manifest\u00f3 Cristina Kirchner hace un a\u00f1o en el acto del centenario de YPF. \u00bfC\u00f3mo fue trabajar con la empresa para un \u00e1rea del Gobierno que est\u00e1 vinculada con el sector m\u00e1s duro del kirchnerismo?<\/strong><\/p>\n\n\n\n<p>\u2014 Fue un v\u00ednculo de much\u00edsimo respeto y de exigencias mutuas a la hora de cumplir con el contrato, como corresponde. Me tiene sin cuidado cu\u00e1l es la posici\u00f3n pol\u00edtica de los contratistas. Mantuvimos durante toda la ejecuci\u00f3n del contrato el respeto profesional.<\/p>\n\n\n\n<blockquote class=\"wp-block-quote\">\n<p>\u201cHacemos proyectos sin importar el futuro en t\u00e9rminos pol\u00edticos, sino pensando en lo beneficioso para el pa\u00eds. En la planificaci\u00f3n energ\u00e9tica de este Gobierno no hay mezquindad pol\u00edtica\u201d<\/p>\n<\/blockquote>\n\n\n\n<p>\u2014&nbsp;<strong>Ese acto sell\u00f3 la salida del ex ministro Mat\u00edas Kulfas, que se\u00f1al\u00f3 a los funcionarios K del \u00e1rea energ\u00e9tica, entre los que estaba usted, y dijo que hubo direccionamiento hacia Techint.<\/strong><\/p>\n\n\n\n<p>\u2014 Nunca hice valoraciones personales o acusaciones peyorativas a otros funcionarios. Hubo un&nbsp;<em>off&nbsp;<\/em>a la prensa que sali\u00f3 de su ministerio con una acusaci\u00f3n hacia mi persona y me defend\u00ed. Hay algunos l\u00edmites que no se pueden cruzar. Pero siempre ejerc\u00ed mi funci\u00f3n con el mayor respeto hacia quienes confiaron en m\u00ed y hacia mi propio pa\u00eds. Nunca fui eje de debates ni de conflictos, salvo cuando me agredieron de manera personal.<\/p>\n\n\n\n<p>\u2014&nbsp;<strong>\u00bfVolvi\u00f3 a verlo a Kulfas?<\/strong><\/p>\n\n\n\n<p>\u2014 No.<\/p>\n\n\n\n<p>\u2014&nbsp;<strong>Kulfas habl\u00f3 en su carta de despedida de un \u201cinternismo exasperante\u201d. \u00bfEn qu\u00e9 se manifestaba?<\/strong><\/p>\n\n\n\n<p>\u2014 Yo nunca percib\u00ed tensiones. Si hay diferencias o matices en los criterios, se define como se debe definir todo en la administraci\u00f3n de un pa\u00eds, con la pol\u00edtica.<\/p>\n\n\n\n<p>\u2014&nbsp;<strong>Fue muy duro con otro ex ministro, Mart\u00edn Guzm\u00e1n, por una reciente columna que escribi\u00f3 en Infobae hablando del gasoducto. Dijo que era un sinverg\u00fcenza y un caradura y que tuvo 84 d\u00edas paralizado el decreto del gasoducto.<\/strong><\/p>\n\n\n\n<p>\u2014 Hay procesos exitosos y fracasos. Cada uno se tiene que hacer cargo, cada uno sabe qu\u00e9 es lo que aport\u00f3 y lo que dej\u00f3 de aportar para que este proyecto pueda salir adelante.<\/p>\n\n\n\n<blockquote class=\"wp-block-quote\">\n<p>\u201cEste \u00e9xito es fruto de una decisi\u00f3n pol\u00edtica, de la disciplina en el trabajo y del amor por el pa\u00eds. Cada uno aport\u00f3 lo que le ten\u00eda que aportar\u201d<\/p>\n<\/blockquote>\n\n\n\n<p>\u2014&nbsp;<strong>\u00bfCree que Guzm\u00e1n \u201ccajone\u00f3\u201d por casi tres meses el proyecto?<\/strong><\/p>\n\n\n\n<p>\u2014 Eso se lo tienen que consultar a \u00e9l.<\/p>\n\n\n\n<p>\u2014&nbsp;<strong>Guzm\u00e1n dice que no.<\/strong><\/p>\n\n\n\n<p>\u2014 Est\u00e1n los registros electr\u00f3nicos de los tr\u00e1mites, los expedientes. Las resoluciones son p\u00fablicas. Ah\u00ed es donde se terminan las subjetividades. Insisto: el dinamismo que le puso Massa a la gesti\u00f3n fue muy importante. El \u00e9xito de este proyecto es por una multiplicidad de actores, pero el ministro del \u00e1rea tiene una preponderancia muy importante. Este \u00e9xito es fruto de una decisi\u00f3n pol\u00edtica, de la disciplina en el trabajo y del amor por el pa\u00eds. Cada uno aport\u00f3 lo que le ten\u00eda que aportar. No hay mucho m\u00e1s para evaluar, est\u00e1 a la vista.<\/p>\n\n\n\n<p>Fuente: Infobae<\/p>\n","protected":false},"excerpt":{"rendered":"<div class=\"mh-excerpt\"><p>Agust\u00edn Gerez&nbsp;tiene 35 a\u00f1os y es presidente de Energ\u00eda Argentina, Enarsa, la empresa del Estado que estuvo a cargo de la construcci\u00f3n del primer tramo del Gasoducto Presidente N\u00e9stor Kirchner, que se inaugura hoy en Salliquel\u00f3 con la presencia de&nbsp;Sergio Massa,&nbsp;Cristina Kirchner&nbsp;y&nbsp;Alberto Fern\u00e1ndez. Santacruce\u00f1o, abogado de la UCA, con un posgrado en Derecho del Petr\u00f3leo y Gas Natural de la UBA y experto en Regulaci\u00f3n Energ\u00e9tica e Hidrocarbur\u00edfera, Gerez tiene muy buena relaci\u00f3n con la vicepresidenta y fue blanco de algunos de los hombres de confianza del Presidente que terminaron fuera de Gobierno, como&nbsp;Mat\u00edas Kulfas&nbsp;y&nbsp;Mart\u00edn Guzm\u00e1n. En una extensa charla <a class=\"mh-excerpt-more\" href=\"http:\/\/dsrmedios.com.ar\/diario\/archivos\/36756\" title=\"Agust\u00edn Gerez, presidente de Enarsa: \u201cEl gasoducto es un proyecto transformador que permitir\u00e1 ahorrar USD 4.400 millones por a\u00f1o\u201d\">[Leer m\u00e1s]<\/a><\/p>\n<\/div>","protected":false},"author":8,"featured_media":36757,"comment_status":"open","ping_status":"closed","sticky":false,"template":"","format":"standard","meta":{"_jetpack_newsletter_access":""},"categories":[6],"tags":[],"jetpack_featured_media_url":"http:\/\/dsrmedios.com.ar\/diario\/wp-content\/uploads\/2023\/07\/CAN26DR2IZGBJJMJFC4LXM3ETU.jpg","jetpack_sharing_enabled":true,"jetpack_shortlink":"https:\/\/wp.me\/p9fihK-9yQ","_links":{"self":[{"href":"http:\/\/dsrmedios.com.ar\/diario\/wp-json\/wp\/v2\/posts\/36756"}],"collection":[{"href":"http:\/\/dsrmedios.com.ar\/diario\/wp-json\/wp\/v2\/posts"}],"about":[{"href":"http:\/\/dsrmedios.com.ar\/diario\/wp-json\/wp\/v2\/types\/post"}],"author":[{"embeddable":true,"href":"http:\/\/dsrmedios.com.ar\/diario\/wp-json\/wp\/v2\/users\/8"}],"replies":[{"embeddable":true,"href":"http:\/\/dsrmedios.com.ar\/diario\/wp-json\/wp\/v2\/comments?post=36756"}],"version-history":[{"count":1,"href":"http:\/\/dsrmedios.com.ar\/diario\/wp-json\/wp\/v2\/posts\/36756\/revisions"}],"predecessor-version":[{"id":36758,"href":"http:\/\/dsrmedios.com.ar\/diario\/wp-json\/wp\/v2\/posts\/36756\/revisions\/36758"}],"wp:featuredmedia":[{"embeddable":true,"href":"http:\/\/dsrmedios.com.ar\/diario\/wp-json\/wp\/v2\/media\/36757"}],"wp:attachment":[{"href":"http:\/\/dsrmedios.com.ar\/diario\/wp-json\/wp\/v2\/media?parent=36756"}],"wp:term":[{"taxonomy":"category","embeddable":true,"href":"http:\/\/dsrmedios.com.ar\/diario\/wp-json\/wp\/v2\/categories?post=36756"},{"taxonomy":"post_tag","embeddable":true,"href":"http:\/\/dsrmedios.com.ar\/diario\/wp-json\/wp\/v2\/tags?post=36756"}],"curies":[{"name":"wp","href":"https:\/\/api.w.org\/{rel}","templated":true}]}}