{"id":3671,"date":"2018-01-20T11:30:39","date_gmt":"2018-01-20T14:30:39","guid":{"rendered":"http:\/\/dsrmedios.com.ar\/diario\/?p=3671"},"modified":"2018-01-20T11:30:39","modified_gmt":"2018-01-20T14:30:39","slug":"el-gobierno-bonaerense-impulsara-cambios-en-el-regimen-jubilatorio-estatal-y-docente","status":"publish","type":"post","link":"http:\/\/dsrmedios.com.ar\/diario\/archivos\/3671","title":{"rendered":"El gobierno bonaerense impulsar\u00e1 cambios en el r\u00e9gimen jubilatorio estatal y docente"},"content":{"rendered":"<p>Lo que era un secreto a voces se termin\u00f3 por confirmar ayer. El gobierno bonaerense impulsar\u00e1 este a\u00f1o un debate sobre el cambio del r\u00e9gimen jubilatorio para estatales y docentes que incluir\u00e1, entre otros aspectos, la edad para acceder al retiro y la f\u00f3rmula con que se calcula el haber previsional.<\/p>\n<p>As\u00ed lo anticip\u00f3 el presidente del Instituto de Previsi\u00f3n Social, Christian Gribaudo, quien dijo a un diario de Mar del Plata que est\u00e1 trabajando para promover una discusi\u00f3n en la Legislatura. De esta manera, el funcionario termin\u00f3 por confirmar las versiones en el sentido de que el gobierno de Vidal buscar\u00e1 ir hacia un esquema de \u201carmonizaci\u00f3n\u201d con el r\u00e9gimen nacional del Anses.<\/p>\n","protected":false},"excerpt":{"rendered":"<div class=\"mh-excerpt\"><p>Lo que era un secreto a voces se termin\u00f3 por confirmar ayer. El gobierno bonaerense impulsar\u00e1 este a\u00f1o un debate sobre el cambio del r\u00e9gimen jubilatorio para estatales y docentes que incluir\u00e1, entre otros aspectos, la edad para acceder al retiro y la f\u00f3rmula con que se calcula el haber previsional. As\u00ed lo anticip\u00f3 el presidente del Instituto de Previsi\u00f3n Social, Christian Gribaudo, quien dijo a un diario de Mar del Plata que est\u00e1 trabajando para promover una discusi\u00f3n en la Legislatura. De esta manera, el funcionario termin\u00f3 por confirmar las versiones en el sentido de que el gobierno de <a class=\"mh-excerpt-more\" href=\"http:\/\/dsrmedios.com.ar\/diario\/archivos\/3671\" title=\"El gobierno bonaerense impulsar\u00e1 cambios en el r\u00e9gimen jubilatorio estatal y docente\">[Leer m\u00e1s]<\/a><\/p>\n<\/div>","protected":false},"author":5,"featured_media":3672,"comment_status":"open","ping_status":"closed","sticky":false,"template":"","format":"standard","meta":{"_jetpack_newsletter_access":""},"categories":[18,7],"tags":[],"jetpack_featured_media_url":"http:\/\/dsrmedios.com.ar\/diario\/wp-content\/uploads\/2018\/01\/vidal.jpg","jetpack_sharing_enabled":true,"jetpack_shortlink":"https:\/\/wp.me\/p9fihK-Xd","_links":{"self":[{"href":"http:\/\/dsrmedios.com.ar\/diario\/wp-json\/wp\/v2\/posts\/3671"}],"collection":[{"href":"http:\/\/dsrmedios.com.ar\/diario\/wp-json\/wp\/v2\/posts"}],"about":[{"href":"http:\/\/dsrmedios.com.ar\/diario\/wp-json\/wp\/v2\/types\/post"}],"author":[{"embeddable":true,"href":"http:\/\/dsrmedios.com.ar\/diario\/wp-json\/wp\/v2\/users\/5"}],"replies":[{"embeddable":true,"href":"http:\/\/dsrmedios.com.ar\/diario\/wp-json\/wp\/v2\/comments?post=3671"}],"version-history":[{"count":1,"href":"http:\/\/dsrmedios.com.ar\/diario\/wp-json\/wp\/v2\/posts\/3671\/revisions"}],"predecessor-version":[{"id":3673,"href":"http:\/\/dsrmedios.com.ar\/diario\/wp-json\/wp\/v2\/posts\/3671\/revisions\/3673"}],"wp:featuredmedia":[{"embeddable":true,"href":"http:\/\/dsrmedios.com.ar\/diario\/wp-json\/wp\/v2\/media\/3672"}],"wp:attachment":[{"href":"http:\/\/dsrmedios.com.ar\/diario\/wp-json\/wp\/v2\/media?parent=3671"}],"wp:term":[{"taxonomy":"category","embeddable":true,"href":"http:\/\/dsrmedios.com.ar\/diario\/wp-json\/wp\/v2\/categories?post=3671"},{"taxonomy":"post_tag","embeddable":true,"href":"http:\/\/dsrmedios.com.ar\/diario\/wp-json\/wp\/v2\/tags?post=3671"}],"curies":[{"name":"wp","href":"https:\/\/api.w.org\/{rel}","templated":true}]}}