{"id":3668,"date":"2018-01-20T11:15:09","date_gmt":"2018-01-20T14:15:09","guid":{"rendered":"http:\/\/dsrmedios.com.ar\/diario\/?p=3668"},"modified":"2018-01-20T11:15:09","modified_gmt":"2018-01-20T14:15:09","slug":"controlan-los-incendios-en-la-vecina-provincia-de-la-pampa","status":"publish","type":"post","link":"http:\/\/dsrmedios.com.ar\/diario\/archivos\/3668","title":{"rendered":"Controlan los incendios en la vecina provincia de La Pampa"},"content":{"rendered":"<p>El subsecretario de Protecci\u00f3n Ciudadana de La Pampa, Agust\u00edn Garc\u00eda, expres\u00f3 hoy que &#8220;el panorama es optimista respecto al de d\u00edas anteriores&#8221; debido al control de los incendios forestales que, desde noviembre, quemaron unas 300 mil hect\u00e1reas.<\/p>\n<p>El funcionario detall\u00f3 a la prensa local: &#8220;El foco de Gamay, cercano a la localidad de Unanue, se encuentra controlado, est\u00e1 encerrado en un cuadro y trabaja en la zona el personal de Defensa Civil&#8221;.<\/p>\n<p>&#8220;En las rutas 11 y 24, en el campo La Escondida, se trabaj\u00f3 con el avi\u00f3n hidrante y ya se encuentra contenido y se est\u00e1n por cerrar los flancos sur y norte para perimetrarlo&#8221;, agreg\u00f3.<\/p>\n<p>Garc\u00eda indic\u00f3 que el incendio &#8220;de Chapalc\u00f3 se encuentra contenido desde anoche&#8221;, no obstante, &#8220;hay personal de Defensa Civil realizando guardia de cenizas&#8221;.<\/p>\n<p>El subsecretario inform\u00f3 que el foco de incendio registrado este mediod\u00eda se origin\u00f3 &#8220;dentro de un descampado del barrio Los Fresnos, y fue controlado por bomberos de la polic\u00eda provincial&#8221;.<\/p>\n<p>Fuente www.t\u00e9lam.com<\/p>\n","protected":false},"excerpt":{"rendered":"<div class=\"mh-excerpt\"><p>El subsecretario de Protecci\u00f3n Ciudadana de La Pampa, Agust\u00edn Garc\u00eda, expres\u00f3 hoy que &#8220;el panorama es optimista respecto al de d\u00edas anteriores&#8221; debido al control de los incendios forestales que, desde noviembre, quemaron unas 300 mil hect\u00e1reas. El funcionario detall\u00f3 a la prensa local: &#8220;El foco de Gamay, cercano a la localidad de Unanue, se encuentra controlado, est\u00e1 encerrado en un cuadro y trabaja en la zona el personal de Defensa Civil&#8221;. &#8220;En las rutas 11 y 24, en el campo La Escondida, se trabaj\u00f3 con el avi\u00f3n hidrante y ya se encuentra contenido y se est\u00e1n por cerrar los <a class=\"mh-excerpt-more\" href=\"http:\/\/dsrmedios.com.ar\/diario\/archivos\/3668\" title=\"Controlan los incendios en la vecina provincia de La Pampa\">[Leer m\u00e1s]<\/a><\/p>\n<\/div>","protected":false},"author":5,"featured_media":3669,"comment_status":"open","ping_status":"closed","sticky":false,"template":"","format":"standard","meta":{"_jetpack_newsletter_access":""},"categories":[18,8],"tags":[],"jetpack_featured_media_url":"http:\/\/dsrmedios.com.ar\/diario\/wp-content\/uploads\/2018\/01\/incendios22.jpg","jetpack_sharing_enabled":true,"jetpack_shortlink":"https:\/\/wp.me\/p9fihK-Xa","_links":{"self":[{"href":"http:\/\/dsrmedios.com.ar\/diario\/wp-json\/wp\/v2\/posts\/3668"}],"collection":[{"href":"http:\/\/dsrmedios.com.ar\/diario\/wp-json\/wp\/v2\/posts"}],"about":[{"href":"http:\/\/dsrmedios.com.ar\/diario\/wp-json\/wp\/v2\/types\/post"}],"author":[{"embeddable":true,"href":"http:\/\/dsrmedios.com.ar\/diario\/wp-json\/wp\/v2\/users\/5"}],"replies":[{"embeddable":true,"href":"http:\/\/dsrmedios.com.ar\/diario\/wp-json\/wp\/v2\/comments?post=3668"}],"version-history":[{"count":1,"href":"http:\/\/dsrmedios.com.ar\/diario\/wp-json\/wp\/v2\/posts\/3668\/revisions"}],"predecessor-version":[{"id":3670,"href":"http:\/\/dsrmedios.com.ar\/diario\/wp-json\/wp\/v2\/posts\/3668\/revisions\/3670"}],"wp:featuredmedia":[{"embeddable":true,"href":"http:\/\/dsrmedios.com.ar\/diario\/wp-json\/wp\/v2\/media\/3669"}],"wp:attachment":[{"href":"http:\/\/dsrmedios.com.ar\/diario\/wp-json\/wp\/v2\/media?parent=3668"}],"wp:term":[{"taxonomy":"category","embeddable":true,"href":"http:\/\/dsrmedios.com.ar\/diario\/wp-json\/wp\/v2\/categories?post=3668"},{"taxonomy":"post_tag","embeddable":true,"href":"http:\/\/dsrmedios.com.ar\/diario\/wp-json\/wp\/v2\/tags?post=3668"}],"curies":[{"name":"wp","href":"https:\/\/api.w.org\/{rel}","templated":true}]}}