{"id":36614,"date":"2023-07-04T10:44:57","date_gmt":"2023-07-04T13:44:57","guid":{"rendered":"http:\/\/dsrmedios.com.ar\/diario\/?p=36614"},"modified":"2023-07-04T10:45:34","modified_gmt":"2023-07-04T13:45:34","slug":"avanza-la-etapa-diagnostica-para-el-rediseno-de-marca-turistica","status":"publish","type":"post","link":"http:\/\/dsrmedios.com.ar\/diario\/archivos\/36614","title":{"rendered":"Avanza la etapa diagn\u00f3stica para el redise\u00f1o de marca tur\u00edstica\u00a0"},"content":{"rendered":"\n<h3>Se realiz\u00f3 la segunda charla presencial de Re dise\u00f1o de marca tur\u00edstica y digitalizaci\u00f3n de atractivos de destino para potenciar la oferta y atracci\u00f3n del destino en el marco del Plan Estrat\u00e9gico Participativo de Turismo Sustentable Carhu\u00e9 2030.<br>Con presencia del Intendente Javier Andres, miembros de su gabinete, prestadores tur\u00edsticos, medios y afines se realiz\u00f3 la segunda charla presencial para avanzar en el diagn\u00f3stico para hacer un redise\u00f1o de la marca tur\u00edstica que proyecte el destino.&nbsp;<br>Durante la charla se presentaron resultados de 300 encuestas a turistas, 25 entrevistas en profundidad y 3 talleres online. Adem\u00e1s se analizaron &nbsp;50 estudios de mercado y a 8 competidores,&nbsp;<br>Luego, se realiz\u00f3 un taller participativo en el que quienes estaban presentes reflexionaron sobre los conceptos propuestos para representar la marca, formas, tipograf\u00edas y colores.&nbsp;<br>Luego de la puesta en com\u00fan se marcaron los lineamientos para continuar.&nbsp;<br>Al cerrar la presentaci\u00f3n el Secretario de turismo, Pablo Ledesma,remarc\u00f3 que esta marca pretende contener y potenciar no s\u00f3lo a Carhu\u00e9, sino a todas las localidades del distrito.&nbsp;<br>Por \u00faltimo, Ledesma remarc\u00f3 que se convocar\u00e1 a la comunidad a votar la marca que ser\u00e1 la nueva identidad del destino \u201cfue una indicaci\u00f3n de Javier como Intendente, pero mucho m\u00e1s como licenciado de Turismo, que entiende que para que funcione la marca tiene que ser apropiada por los prestadores tur\u00edsticos y por toda la comunidad\u201d.<\/h3>\n","protected":false},"excerpt":{"rendered":"<div class=\"mh-excerpt\"><p>Se realiz\u00f3 la segunda charla presencial de Re dise\u00f1o de marca tur\u00edstica y digitalizaci\u00f3n de atractivos de destino para potenciar la oferta y atracci\u00f3n del destino en el marco del Plan Estrat\u00e9gico Participativo de Turismo Sustentable Carhu\u00e9 2030.Con presencia del Intendente Javier Andres, miembros de su gabinete, prestadores tur\u00edsticos, medios y afines se realiz\u00f3 la segunda charla presencial para avanzar en el diagn\u00f3stico para hacer un redise\u00f1o de la marca tur\u00edstica que proyecte el destino.&nbsp;Durante la charla se presentaron resultados de 300 encuestas a turistas, 25 entrevistas en profundidad y 3 talleres online. Adem\u00e1s se analizaron &nbsp;50 estudios de mercado <a class=\"mh-excerpt-more\" href=\"http:\/\/dsrmedios.com.ar\/diario\/archivos\/36614\" title=\"Avanza la etapa diagn\u00f3stica para el redise\u00f1o de marca tur\u00edstica\u00a0\">[Leer m\u00e1s]<\/a><\/p>\n<\/div>","protected":false},"author":8,"featured_media":36615,"comment_status":"open","ping_status":"closed","sticky":false,"template":"","format":"standard","meta":{"_jetpack_newsletter_access":""},"categories":[18,31,5],"tags":[],"jetpack_featured_media_url":"http:\/\/dsrmedios.com.ar\/diario\/wp-content\/uploads\/2023\/07\/84ad8436-ebb2-9876-5e47-9feb92c40460.jpg","jetpack_sharing_enabled":true,"jetpack_shortlink":"https:\/\/wp.me\/p9fihK-9wy","_links":{"self":[{"href":"http:\/\/dsrmedios.com.ar\/diario\/wp-json\/wp\/v2\/posts\/36614"}],"collection":[{"href":"http:\/\/dsrmedios.com.ar\/diario\/wp-json\/wp\/v2\/posts"}],"about":[{"href":"http:\/\/dsrmedios.com.ar\/diario\/wp-json\/wp\/v2\/types\/post"}],"author":[{"embeddable":true,"href":"http:\/\/dsrmedios.com.ar\/diario\/wp-json\/wp\/v2\/users\/8"}],"replies":[{"embeddable":true,"href":"http:\/\/dsrmedios.com.ar\/diario\/wp-json\/wp\/v2\/comments?post=36614"}],"version-history":[{"count":2,"href":"http:\/\/dsrmedios.com.ar\/diario\/wp-json\/wp\/v2\/posts\/36614\/revisions"}],"predecessor-version":[{"id":36617,"href":"http:\/\/dsrmedios.com.ar\/diario\/wp-json\/wp\/v2\/posts\/36614\/revisions\/36617"}],"wp:featuredmedia":[{"embeddable":true,"href":"http:\/\/dsrmedios.com.ar\/diario\/wp-json\/wp\/v2\/media\/36615"}],"wp:attachment":[{"href":"http:\/\/dsrmedios.com.ar\/diario\/wp-json\/wp\/v2\/media?parent=36614"}],"wp:term":[{"taxonomy":"category","embeddable":true,"href":"http:\/\/dsrmedios.com.ar\/diario\/wp-json\/wp\/v2\/categories?post=36614"},{"taxonomy":"post_tag","embeddable":true,"href":"http:\/\/dsrmedios.com.ar\/diario\/wp-json\/wp\/v2\/tags?post=36614"}],"curies":[{"name":"wp","href":"https:\/\/api.w.org\/{rel}","templated":true}]}}