{"id":36607,"date":"2023-07-04T10:37:29","date_gmt":"2023-07-04T13:37:29","guid":{"rendered":"http:\/\/dsrmedios.com.ar\/diario\/?p=36607"},"modified":"2023-07-04T10:37:32","modified_gmt":"2023-07-04T13:37:32","slug":"el-gobierno-redobla-la-presion-sobre-las-empresas-para-llegar-a-las-elecciones-sin-saltos-en-la-inflacion","status":"publish","type":"post","link":"http:\/\/dsrmedios.com.ar\/diario\/archivos\/36607","title":{"rendered":"El Gobierno redobla la presi\u00f3n sobre las empresas para llegar a las elecciones sin saltos en la inflaci\u00f3n"},"content":{"rendered":"\n<p>En un nuevo intento por contener la inflaci\u00f3n hasta las elecciones,&nbsp;<strong>el Gobierno presiona a las empresas&nbsp;<\/strong>para evitar subas desmedidas de precios y busca&nbsp;<strong>incentivar el consumo durante los pr\u00f3ximos meses.<\/strong><\/p>\n\n\n\n<p>En ese contexto, la Secretar\u00eda de Comercio prorrog\u00f3 la<strong>\u00a0vigencia del\u00a0<\/strong><a rel=\"noreferrer noopener\" href=\"https:\/\/tn.com.ar\/economia\/2023\/06\/30\/para-incentivar-el-consumo-en-el-ano-electoral-el-gobierno-renovo-ahora-12\/\" target=\"_blank\"><strong>programa Ahora 12<\/strong><\/a>\u00a0-el plan para pagar en cuotascon tarjeta de cr\u00e9dito- hasta el<strong>\u00a031 de enero de 2024<\/strong>, plazo que podr\u00e1 ser nuevamente extendido. Sin embargo, esta vez tiene una condici\u00f3n:\u00a0<strong>la medida regir\u00e1 solo para empresas suscriptas a<\/strong>\u00a0los convenios delprograma<strong>\u00a0Precios Justos<\/strong>, pensado por el oficialismo para evitar la disparada inflacionaria.<\/p>\n\n\n\n<p>Los productos alcanzados por Ahora 12<strong>&nbsp;solo pueden ser de origen nacional&nbsp;<\/strong>y desde ahora se incorpora la condici\u00f3n de que para participar del programa las empresas&nbsp;<strong>deben tener firmado acuerdo de precios<\/strong>&nbsp;con la dependencia a cargo de Mat\u00edas Tombolini. Adem\u00e1s, seg\u00fan establece la normativa publicada en el Bolet\u00edn Oficial,<strong>&nbsp;se excluye a las pymes, comercios peque\u00f1os y medianos<\/strong>&nbsp;y se aplica solo en los rubros con acuerdos vigentes.<\/p>\n\n\n\n<figure class=\"wp-block-image\"><img decoding=\"async\" src=\"https:\/\/tn.com.ar\/resizer\/G4_NCbvYot6Nrz3KgqagkOYIZc4=\/767x0\/smart\/filters:format(webp)\/cloudfront-us-east-1.images.arcpublishing.com\/artear\/OBREEMPLLZHEVOXVNPGJ4C4KDE.jpg\" alt=\"El Gobierno extendi\u00f3 el plan Ahora 12 hasta el 31 de enero de 2024 (Foto: NA)\"\/><figcaption class=\"wp-element-caption\">El Gobierno extendi\u00f3 el plan Ahora 12 hasta el 31 de enero de 2024 (Foto: NA)<\/figcaption><\/figure>\n\n\n\n<p>La medida remarca que \u201cel financiamiento de los bienes y servicios en el marco del programa resultan<strong>&nbsp;una herramienta eficaz para la promoci\u00f3n del consumo y fomento de la industria nacional\u201d<\/strong>. Y destaca que \u201cse han ido formulando ciertas adecuaciones al Ahora 12 considerando las circunstancias coyunturales, procurando contribuir tanto a la recuperaci\u00f3n del mercado interno, como al desarrollo de la industria y el comercio local\u201d.<\/p>\n\n\n\n<p>A su vez, el Gobierno tambi\u00e9n avanz\u00f3 en la designaci\u00f3n del abogado<strong>&nbsp;V\u00edctor Hugo Vallarino&nbsp;<\/strong>como&nbsp;<strong>director de Coordinaci\u00f3n Administrativa de Infracciones<\/strong>, que responde a laSubsecretar\u00eda de Acciones para la Defensa de las y los Consumidores de la Secretar\u00eda de Comercio.<\/p>\n\n\n\n<p><\/p>\n\n\n\n<p>El objetivo de Vallarino ser\u00e1&nbsp;<strong>controlar y multar a aquellas empresas&nbsp;<\/strong>que no cumplan con los requisitos impuestos por el Gobierno por 180 d\u00edas h\u00e1biles, es decir, seis meses.<\/p>\n\n\n\n<p>A trav\u00e9s de esta serie de iniciativas, el Gobierno intenta mantener a raya -al menos durante lo que queda de gesti\u00f3n- el \u00edndice de inflaci\u00f3n. De acuerdo con lo que adelant\u00f3\u00a0<strong>TN<\/strong>, el nuevo \u00edndice se ubicar\u00eda en 6,7<strong>%,<\/strong>\u00a0que del\u00a0<a href=\"https:\/\/tn.com.ar\/economia\/2023\/06\/14\/la-inflacion-de-mayo-fue-del-78-y-acumulo-1142-en-el-ultimo-ano\/\"><strong>7,8%<\/strong><\/a>\u00a0de mayo, de acuerdo con los primeros informes preliminares del Instituto Nacional de Estad\u00edstica y Censos (INDEC), liderado por\u00a0<strong>Marco Lavagna.<\/strong><\/p>\n\n\n\n<p>De confirmarse un IPC de 6,7% en junio, a partir de las previsiones del INDEC, la inflaci\u00f3n acumulada del 2023 ser\u00eda de\u00a0<strong>52%.<\/strong>\u00a0Los analistas privados proyectan que el \u00edndice anual escale a\u00a0<strong>150%.\u00a0<\/strong>El \u00cdndice de Precios al Consumidor (IPC) se conocer\u00e1 el pr\u00f3ximo jueves 13 de julio.<\/p>\n\n\n\n<p>Fuente: TN<\/p>\n","protected":false},"excerpt":{"rendered":"<div class=\"mh-excerpt\"><p>En un nuevo intento por contener la inflaci\u00f3n hasta las elecciones,&nbsp;el Gobierno presiona a las empresas&nbsp;para evitar subas desmedidas de precios y busca&nbsp;incentivar el consumo durante los pr\u00f3ximos meses. En ese contexto, la Secretar\u00eda de Comercio prorrog\u00f3 la\u00a0vigencia del\u00a0programa Ahora 12\u00a0-el plan para pagar en cuotascon tarjeta de cr\u00e9dito- hasta el\u00a031 de enero de 2024, plazo que podr\u00e1 ser nuevamente extendido. Sin embargo, esta vez tiene una condici\u00f3n:\u00a0la medida regir\u00e1 solo para empresas suscriptas a\u00a0los convenios delprograma\u00a0Precios Justos, pensado por el oficialismo para evitar la disparada inflacionaria. Los productos alcanzados por Ahora 12&nbsp;solo pueden ser de origen nacional&nbsp;y desde ahora <a class=\"mh-excerpt-more\" href=\"http:\/\/dsrmedios.com.ar\/diario\/archivos\/36607\" title=\"El Gobierno redobla la presi\u00f3n sobre las empresas para llegar a las elecciones sin saltos en la inflaci\u00f3n\">[Leer m\u00e1s]<\/a><\/p>\n<\/div>","protected":false},"author":8,"featured_media":36608,"comment_status":"open","ping_status":"closed","sticky":false,"template":"","format":"standard","meta":{"_jetpack_newsletter_access":""},"categories":[6],"tags":[],"jetpack_featured_media_url":"http:\/\/dsrmedios.com.ar\/diario\/wp-content\/uploads\/2023\/07\/images-4.jpg","jetpack_sharing_enabled":true,"jetpack_shortlink":"https:\/\/wp.me\/p9fihK-9wr","_links":{"self":[{"href":"http:\/\/dsrmedios.com.ar\/diario\/wp-json\/wp\/v2\/posts\/36607"}],"collection":[{"href":"http:\/\/dsrmedios.com.ar\/diario\/wp-json\/wp\/v2\/posts"}],"about":[{"href":"http:\/\/dsrmedios.com.ar\/diario\/wp-json\/wp\/v2\/types\/post"}],"author":[{"embeddable":true,"href":"http:\/\/dsrmedios.com.ar\/diario\/wp-json\/wp\/v2\/users\/8"}],"replies":[{"embeddable":true,"href":"http:\/\/dsrmedios.com.ar\/diario\/wp-json\/wp\/v2\/comments?post=36607"}],"version-history":[{"count":1,"href":"http:\/\/dsrmedios.com.ar\/diario\/wp-json\/wp\/v2\/posts\/36607\/revisions"}],"predecessor-version":[{"id":36609,"href":"http:\/\/dsrmedios.com.ar\/diario\/wp-json\/wp\/v2\/posts\/36607\/revisions\/36609"}],"wp:featuredmedia":[{"embeddable":true,"href":"http:\/\/dsrmedios.com.ar\/diario\/wp-json\/wp\/v2\/media\/36608"}],"wp:attachment":[{"href":"http:\/\/dsrmedios.com.ar\/diario\/wp-json\/wp\/v2\/media?parent=36607"}],"wp:term":[{"taxonomy":"category","embeddable":true,"href":"http:\/\/dsrmedios.com.ar\/diario\/wp-json\/wp\/v2\/categories?post=36607"},{"taxonomy":"post_tag","embeddable":true,"href":"http:\/\/dsrmedios.com.ar\/diario\/wp-json\/wp\/v2\/tags?post=36607"}],"curies":[{"name":"wp","href":"https:\/\/api.w.org\/{rel}","templated":true}]}}