{"id":36604,"date":"2023-07-04T10:32:02","date_gmt":"2023-07-04T13:32:02","guid":{"rendered":"http:\/\/dsrmedios.com.ar\/diario\/?p=36604"},"modified":"2023-07-04T10:38:14","modified_gmt":"2023-07-04T13:38:14","slug":"la-campora-busca-que-cristina-kirchner-se-ponga-la-campana-al-hombro-para-que-massa-pueda-captar-los-votos-k","status":"publish","type":"post","link":"http:\/\/dsrmedios.com.ar\/diario\/archivos\/36604","title":{"rendered":"La C\u00e1mpora busca que Cristina Kirchner se ponga la campa\u00f1a al hombro para que Massa pueda captar los votos K"},"content":{"rendered":"\n<p>El kirchnerismo est\u00e1 decidido a imponer su agenda en la campa\u00f1a presidencial de&nbsp;<strong>Sergio Massa<\/strong>. Con cr\u00edticas al FMI y un pedido expreso para que&nbsp;<strong>Cristina Kirchner&nbsp;<\/strong>baje al territorio, los referentes de&nbsp;<a href=\"https:\/\/tn.com.ar\/politica\/2023\/07\/01\/cristina-kirchner-mantiene-la-centralidad-en-la-campana-de-sergio-massa-y-le-piden-que-baje-al-territorio\/\" target=\"_blank\" rel=\"noreferrer noopener\"><strong>La C\u00e1mpora<\/strong><\/a>&nbsp;marcaron durante el fin de semana el tono que tendr\u00e1n las actividades proselitistas del oficialismo de cara a las PASO.<\/p>\n\n\n\n<p>La solicitud para que Cristina Kirchner haga campa\u00f1a en el conurbano lleg\u00f3 directamente de su hijo,&nbsp;<strong>M\u00e1ximo Kirchner<\/strong>, que el s\u00e1bado en Merlo con motivo del lanzamiento de Dami\u00e1n Selci como jefe comunal de esa localidad, le pregunt\u00f3 a la militancia si le gustar\u00eda que la Vicepresidenta recorra los barrios de cara a agosto y le pidi\u00f3 que \u201cd\u00e9 una mano\u201d en este tramo de la agenda de actividades del kirchnerismo duro.&nbsp;<strong>TN&nbsp;<\/strong>hab\u00eda adelantado que un sector del ala dura K entend\u00eda necesario un&nbsp;<a href=\"https:\/\/tn.com.ar\/politica\/2023\/07\/01\/cristina-kirchner-mantiene-la-centralidad-en-la-campana-de-sergio-massa-y-le-piden-que-baje-al-territorio\/\" target=\"_blank\" rel=\"noreferrer noopener\">mayor involucramiento<\/a>&nbsp;de la titular del Senado.<\/p>\n\n\n\n<p>Aunque nadie se anima a arrojar una fecha concreta en la que Cristina Kirchner podr\u00eda involucrarse directamente en la campa\u00f1a, este mediopudo saber que un sector del kirchnerismo trabaja en esa posibilidad. La palabra final la tendr\u00e1 la Vicepresidenta, que a\u00fan no decidi\u00f3 cu\u00e1ndo ni c\u00f3mo. El objetivo ser\u00eda repetir la foto de campa\u00f1a de 2017, cuando la exmandataria se mostr\u00f3 en los barrios junto a vecinos.<\/p>\n\n\n\n<p>Muchos interpretaron el pedido de M\u00e1ximo Kirchner como un segunda operativo clamor, esta vez ya no con el objetivo de que CFK sea la candidata a presidenta de Uni\u00f3n por la Patria sino para que tenga protagonismo en la campa\u00f1a que busca impulsar la candidatura de Sergio Massa, que por ahora opt\u00f3 por la gesti\u00f3n durante la semana y actividades de cercan\u00eda con los vecinos los s\u00e1bados y domingos.<\/p>\n\n\n\n<h2>El kirchnerismo impone su agenda de campa\u00f1a con cr\u00edticas al FMI y trabajan en recorridas de Cristina Kirchner<\/h2>\n\n\n\n<figure class=\"wp-block-image\"><img decoding=\"async\" src=\"https:\/\/tn.com.ar\/resizer\/rvbgSkyXQ6duiqEu97bPr3Cik3M=\/767x0\/smart\/filters:format(webp)\/cloudfront-us-east-1.images.arcpublishing.com\/artear\/QBQWW6IYYJCY3MHUDOP2EKULUU.jfif\" alt=\"Wado De Pedro, M\u00e1ximo Kirchner, Axel Kicillof y Juliana Di Tullio en la presentaci\u00f3n de la candidatura de Gustavo Men\u00e9ndez en Merlo. (Foto: @gustavomenendez)\"\/><figcaption class=\"wp-element-caption\">Wado De Pedro, M\u00e1ximo Kirchner, Axel Kicillof y Juliana Di Tullio en la presentaci\u00f3n de la candidatura de Gustavo Men\u00e9ndez en Merlo. (Foto: @gustavomenendez)<\/figcaption><\/figure>\n\n\n\n<p>Adem\u00e1s de pedir mayor presencia de Cristina Kirchner, los referentes de La C\u00e1mpora marcaron el tono discursivo de la campa\u00f1a, con fuertes cr\u00edticas al Fondo Monetario Internacional (FMI) y el Poder Judicial.<\/p>\n\n\n\n<p>Con pocos d\u00edas de diferencia,&nbsp;<strong>Axel Kicillof<\/strong>,&nbsp;<strong>M\u00e1ximo Kirchner<\/strong>&nbsp;y&nbsp;<strong>Eduardo \u201cWado\u201d De Pedro<\/strong>&nbsp;mostraron un tono de campa\u00f1a claramente&nbsp;<strong>m\u00e1s combativo<\/strong>&nbsp;que el precandidato presidencial de la coalici\u00f3n,&nbsp;<a href=\"https:\/\/tn.com.ar\/politica\/2023\/06\/28\/massa-prepara-un-plan-de-propuestas-para-seducir-a-la-campora-y-retener-los-votos-del-electorado-ultrak\/\" target=\"_blank\" rel=\"noreferrer noopener\"><strong>Sergio Massa<\/strong><\/a>.<\/p>\n\n\n\n<p><\/p>\n\n\n\n<p>Acompa\u00f1ado por M\u00e1ximo Kirchner -precandidato a diputado-, y \u201cWado\u201d -ministro del Interior y precandidato a senador- durante un acto en el partido bonaerense de Merlo, el gobernador Kicillof afirm\u00f3 que&nbsp;<a href=\"https:\/\/tn.com.ar\/economia\/2023\/07\/03\/despues-de-haberle-pagado-al-fmi-el-gobierno-inicia-una-semana-clave-en-la-renegociacion-del-acuerdo\/\" target=\"_blank\" rel=\"noreferrer noopener\"><strong>no le tienen \u201cmiedo\u201d al FMI<\/strong><\/a>, ya que el expresidente N\u00e9stor Kirchner&nbsp;<strong>\u201clos sac\u00f3 de una patada\u201d<\/strong>&nbsp;y<strong>&nbsp;\u201cpag\u00f3 la deuda\u201d<\/strong>.<\/p>\n\n\n\n<figure class=\"wp-block-image\"><img decoding=\"async\" src=\"https:\/\/tn.com.ar\/resizer\/98ZHCYBEd_pvakMQnLOqGeiBglY=\/767x0\/smart\/filters:format(webp)\/cloudfront-us-east-1.images.arcpublishing.com\/artear\/6RWDKJ7DWRFH5G2SDYUQTXLYHA.jpg\" alt=\"El kirchnerismo marc\u00f3 el tono de la campa\u00f1a con fuertes cr\u00edticas al FMI. (Foto: Twitter @kicillofok)\"\/><figcaption class=\"wp-element-caption\">El kirchnerismo marc\u00f3 el tono de la campa\u00f1a con fuertes cr\u00edticas al FMI. (Foto: Twitter @kicillofok)<\/figcaption><\/figure>\n\n\n\n<p>De Pedro, por su parte, advirti\u00f3: \u201cEst\u00e1 en juego&nbsp;<strong>sacarnos de encima el Fondo Monetario Internacional<\/strong>, las decisiones que tenemos que tomar para administrar la riqueza que tenemos en esos recursos naturales, que con una mala decisi\u00f3n en contra del inter\u00e9s nacional otra vez nos van a dejar anclados en el Fondo\u201d.<\/p>\n\n\n\n<p>Las cr\u00edticas del ultrakirchnerismo al FMI se dan mientras Massa inicia un per\u00edodo clave en la&nbsp;<strong>renegociaci\u00f3n del acuerdo<\/strong>&nbsp;con el organismo de cr\u00e9dito: para el ministro de Econom\u00eda es fundamental lograr un&nbsp;<strong>adelanto en los desembolsos<\/strong>&nbsp;para enfrentar los meses de elecciones con d\u00f3lares en las arcas del Banco Central para evitar una posible devaluaci\u00f3n.<\/p>\n\n\n\n<p>Si bien los principales referentes de La C\u00e1mpora se muestran alineados a Massa y&nbsp;<strong>dicen estar de acuerdo<\/strong>&nbsp;con pagarle al Fondo, la diferencia est\u00e1 en el respeto -o no- a los&nbsp;<strong>condicionamientos<\/strong>&nbsp;que imponen desde Washington. Hace unos d\u00edas, adem\u00e1s de volver a hablar del&nbsp;<strong>\u201cpartido judicial\u201d<\/strong>, la propia&nbsp;<strong>Cristina Kirchner<\/strong>&nbsp;plante\u00f3 que primero el pa\u00eds&nbsp;<strong>\u201ctiene que crecer para despu\u00e9s pagar\u201d<\/strong>.<\/p>\n\n\n\n<p>\u201cFue un pr\u00e9stamo pol\u00edtico y pol\u00edtico tiene que ser la soluci\u00f3n\u201d, plante\u00f3 la Vice.<\/p>\n\n\n\n<h2>Massa activ\u00f3 una campa\u00f1a que se divide entre la gesti\u00f3n y actividades de \u201ccercan\u00eda\u201d con vecinos<\/h2>\n\n\n\n<figure class=\"wp-block-image\"><img decoding=\"async\" src=\"https:\/\/tn.com.ar\/resizer\/wpg1IXOCSH28FVQY0SeFHrLE4gk=\/767x0\/smart\/filters:format(webp)\/cloudfront-us-east-1.images.arcpublishing.com\/artear\/7MHK6NLWYBBOLJAPZSOSKNJ6HQ.jpeg\" alt=\"Sergio Massa visit\u00f3 familias en San Mart\u00edn, su municipio de origen. Foto: Frente Renovador\"\/><figcaption class=\"wp-element-caption\">Sergio Massa visit\u00f3 familias en San Mart\u00edn, su municipio de origen. Foto: Frente Renovador<\/figcaption><\/figure>\n\n\n\n<p>Massa, en tanto, inici\u00f3 por su parte una&nbsp;<strong>campa\u00f1a \u201cde proximidad\u201d<\/strong>&nbsp;en el Conurbano para instalarse como candidato. El titular del Palacio de Hacienda arranc\u00f3 un \u201ccontacto directo, mano a mano, con cada vecino; en especial los m\u00e1s invisibilizados\u201d, seg\u00fan explicaron desde su entorno.<\/p>\n\n\n\n<p>\u201cEl objetivo es escuchar, comprender, resolver\u201d, suman. La primera recorrida fue en&nbsp;<strong>San Mart\u00edn<\/strong>, el lugar donde naci\u00f3. Durante la visita pas\u00f3 por el colegio Agustiniano, donde estudi\u00f3 y empez\u00f3 a hacer pol\u00edtica.<\/p>\n\n\n\n<p>El exintendente de Tigre orden\u00f3 desplegar durante el fin de semana a todos los dirigentes en un plan de&nbsp;<strong>\u201ccoralidad de la unidad territorial<\/strong>\u201d.<\/p>\n\n\n\n<p>\u201c<strong>En la semana, gesti\u00f3n<\/strong>, como les dijo a todos los gobernadores y en el Gabinete. Y fin de semana, mano a mano con la gente. Unidad de campa\u00f1a, descentralizaci\u00f3n y diversidad de formatos y mensajes para llegar a todos sectores\u201d, suman desde adentro del Frente Renovador.<\/p>\n\n\n\n<p>Fuente: tn<\/p>\n","protected":false},"excerpt":{"rendered":"<div class=\"mh-excerpt\"><p>El kirchnerismo est\u00e1 decidido a imponer su agenda en la campa\u00f1a presidencial de&nbsp;Sergio Massa. Con cr\u00edticas al FMI y un pedido expreso para que&nbsp;Cristina Kirchner&nbsp;baje al territorio, los referentes de&nbsp;La C\u00e1mpora&nbsp;marcaron durante el fin de semana el tono que tendr\u00e1n las actividades proselitistas del oficialismo de cara a las PASO. La solicitud para que Cristina Kirchner haga campa\u00f1a en el conurbano lleg\u00f3 directamente de su hijo,&nbsp;M\u00e1ximo Kirchner, que el s\u00e1bado en Merlo con motivo del lanzamiento de Dami\u00e1n Selci como jefe comunal de esa localidad, le pregunt\u00f3 a la militancia si le gustar\u00eda que la Vicepresidenta recorra los barrios de <a class=\"mh-excerpt-more\" href=\"http:\/\/dsrmedios.com.ar\/diario\/archivos\/36604\" title=\"La C\u00e1mpora busca que Cristina Kirchner se ponga la campa\u00f1a al hombro para que Massa pueda captar los votos K\">[Leer m\u00e1s]<\/a><\/p>\n<\/div>","protected":false},"author":8,"featured_media":36605,"comment_status":"open","ping_status":"closed","sticky":false,"template":"","format":"standard","meta":{"_jetpack_newsletter_access":""},"categories":[6],"tags":[],"jetpack_featured_media_url":"http:\/\/dsrmedios.com.ar\/diario\/wp-content\/uploads\/2023\/07\/V5E4KFYAPBBSREOMUABVQDEPVA.webp","jetpack_sharing_enabled":true,"jetpack_shortlink":"https:\/\/wp.me\/p9fihK-9wo","_links":{"self":[{"href":"http:\/\/dsrmedios.com.ar\/diario\/wp-json\/wp\/v2\/posts\/36604"}],"collection":[{"href":"http:\/\/dsrmedios.com.ar\/diario\/wp-json\/wp\/v2\/posts"}],"about":[{"href":"http:\/\/dsrmedios.com.ar\/diario\/wp-json\/wp\/v2\/types\/post"}],"author":[{"embeddable":true,"href":"http:\/\/dsrmedios.com.ar\/diario\/wp-json\/wp\/v2\/users\/8"}],"replies":[{"embeddable":true,"href":"http:\/\/dsrmedios.com.ar\/diario\/wp-json\/wp\/v2\/comments?post=36604"}],"version-history":[{"count":2,"href":"http:\/\/dsrmedios.com.ar\/diario\/wp-json\/wp\/v2\/posts\/36604\/revisions"}],"predecessor-version":[{"id":36610,"href":"http:\/\/dsrmedios.com.ar\/diario\/wp-json\/wp\/v2\/posts\/36604\/revisions\/36610"}],"wp:featuredmedia":[{"embeddable":true,"href":"http:\/\/dsrmedios.com.ar\/diario\/wp-json\/wp\/v2\/media\/36605"}],"wp:attachment":[{"href":"http:\/\/dsrmedios.com.ar\/diario\/wp-json\/wp\/v2\/media?parent=36604"}],"wp:term":[{"taxonomy":"category","embeddable":true,"href":"http:\/\/dsrmedios.com.ar\/diario\/wp-json\/wp\/v2\/categories?post=36604"},{"taxonomy":"post_tag","embeddable":true,"href":"http:\/\/dsrmedios.com.ar\/diario\/wp-json\/wp\/v2\/tags?post=36604"}],"curies":[{"name":"wp","href":"https:\/\/api.w.org\/{rel}","templated":true}]}}