{"id":36585,"date":"2023-07-04T10:18:01","date_gmt":"2023-07-04T13:18:01","guid":{"rendered":"http:\/\/dsrmedios.com.ar\/diario\/?p=36585"},"modified":"2023-07-04T10:18:04","modified_gmt":"2023-07-04T13:18:04","slug":"massa-activo-el-modo-campana-para-reforzar-la-unidad-pero-en-el-peronismo-preocupan-las-elecciones-provinciales","status":"publish","type":"post","link":"http:\/\/dsrmedios.com.ar\/diario\/archivos\/36585","title":{"rendered":"Massa activ\u00f3 el modo campa\u00f1a para reforzar la unidad, pero en el peronismo preocupan las elecciones provinciales"},"content":{"rendered":"\n<p><strong>Sergio Massa<\/strong>&nbsp;ya estipul\u00f3 los horarios de su<strong>&nbsp;agenda de campa\u00f1a.<\/strong>&nbsp;De lunes a viernes, de 8 a 20, estar\u00e1 dedicado de lleno a la gesti\u00f3n del ministerio de Econom\u00eda. De 20 a 24 ser\u00e1 el candidato a presidente de Uni\u00f3n por la Patria. El s\u00e1bado y el domingo estar\u00e1 dedicado de lleno a la carrera proselitista. Desde que sale el sol hasta que anochece. Sin la formalidad del traje y con la necesidad del territorio.<\/p>\n\n\n\n<p>El titular del Palacio de Hacienda tard\u00f3 unos pocos d\u00edas, despu\u00e9s del cierre de listas, en empezar a moverse como candidato. Esper\u00f3 que bajen las tensiones internas de una coalici\u00f3n que parec\u00eda incendiarse en la antesala de las PASO y que ahora renov\u00f3 sus esperanzas de competencia, y puso en marcha un plan de acci\u00f3n para, como dicen en su entorno,&nbsp;<strong>\u201ccerrar brechas\u201d<\/strong>. En las entra\u00f1as del oficialismo las cuentas no est\u00e1n totalmente saldadas.<\/p>\n\n\n\n<p><strong>Massa est\u00e1 tratando de refrescar el concepto de la unidad, tan desgastado durante toda la gesti\u00f3n del Frente de Todos.<\/strong>&nbsp;Una unidad nueva con los mismos integrantes de siempre. \u00bfQu\u00e9 cambi\u00f3? Su centralidad plena en el escenario electoral y la necesidad imperiosa de achicar las grietas internas para mostrar un proyecto pol\u00edtico s\u00f3lido que pueda venderse en la campa\u00f1a.<\/p>\n\n\n\n<p>En esa l\u00ednea su equipo de comunicaci\u00f3n anunci\u00f3 la incorporaci\u00f3n de&nbsp;<strong>Daniel Scioli y Juli\u00e1n Dom\u00ednguez&nbsp;<\/strong>como asesores ad honorem del ministerio de Econom\u00eda. El embajador en Brasil oficiar\u00e1 de Asesor Especial para la Agenda Internacional del ministerio.&nbsp;<strong>\u201cPodr\u00eda ser un futuro canciller\u201d<\/strong>, se anim\u00f3 a decir un funcionario de extrema confianza de Massa sobre el lugar que le tocar\u00e1 ocupar al ex gobernador bonaerense.<\/p>\n\n\n\n<p><img decoding=\"async\" loading=\"lazy\" alt=\"Sergio Massa junto a Juli\u00e1n Dom\u00ednguez, el nuevo asesor del ministerio de Econom\u00eda\" height=\"1280\" width=\"1920\" class=\"\" src=\"https:\/\/www.infobae.com\/new-resizer\/SoZ8-61oqW78HS1_iuUTopvJ148=\/1920x1280\/filters:format(webp):quality(85)\/cloudfront-us-east-1.images.arcpublishing.com\/infobae\/IZ43QHR35FGD7EHFEHWPU4Z7OY.jpg\" srcset=\"https:\/\/www.infobae.com\/new-resizer\/NroJxV5wSeva9jb9W5-XBP3165A=\/420x280\/filters:format(webp):quality(85)\/cloudfront-us-east-1.images.arcpublishing.com\/infobae\/IZ43QHR35FGD7EHFEHWPU4Z7OY.jpg 420w,https:\/\/www.infobae.com\/new-resizer\/iNOsHoPhHKaz3ZML0bmaANCS6DM=\/768x512\/filters:format(webp):quality(85)\/cloudfront-us-east-1.images.arcpublishing.com\/infobae\/IZ43QHR35FGD7EHFEHWPU4Z7OY.jpg 768w,https:\/\/www.infobae.com\/new-resizer\/KMilWk18qy4r61N6LkpXsPBEO98=\/992x661\/filters:format(webp):quality(85)\/cloudfront-us-east-1.images.arcpublishing.com\/infobae\/IZ43QHR35FGD7EHFEHWPU4Z7OY.jpg 992w,https:\/\/www.infobae.com\/new-resizer\/FEVoox35ZBHYqgjwdeMwlVQYAVc=\/1200x800\/filters:format(webp):quality(85)\/cloudfront-us-east-1.images.arcpublishing.com\/infobae\/IZ43QHR35FGD7EHFEHWPU4Z7OY.jpg 1200w,https:\/\/www.infobae.com\/new-resizer\/t1_Y9mAJ17LsKKb7QWXlGyyYTjI=\/1440x960\/filters:format(webp):quality(85)\/cloudfront-us-east-1.images.arcpublishing.com\/infobae\/IZ43QHR35FGD7EHFEHWPU4Z7OY.jpg 1440w\">Sergio Massa junto a Juli\u00e1n Dom\u00ednguez, el nuevo asesor del ministerio de Econom\u00eda<\/p>\n\n\n\n<p>Enemigos \u00edntimos, plagados de acusaciones cruzadas a las que decidieron dejar ancladas en los s\u00f3tanos del poder, la foto de los dos juntos representa la construcci\u00f3n de la nueva unidad. Un abrazo del que el micromundo de la pol\u00edtica desconf\u00eda por conocimiento de causa y que en el ciudadano de a pie, mucho m\u00e1s despolitizado, puede generar alg\u00fan tipo de empat\u00eda.<\/p>\n\n\n\n<p>Algunos d\u00edas atr\u00e1s un influyente funcionario nacional de la Casa Rosada reconoci\u00f3 la capacidad de Scioli de sanar las heridas.<strong>&nbsp;\u201cEs de amianto. Tiene una capacidad de resiliencia incre\u00edble\u201d<\/strong>, sostuvo. Qued\u00f3 a la vista. El embajador en Brasil estuvo a pocas horas de ser candidato a presidente y ahora se convirti\u00f3 en asesor del Palacio de Hacienda. \u201cSiempre ayud\u00e9 a todos\u201d, les dijo a sus colaboradores antes de aceptar la oferta. Unidad hasta que duela.<\/p>\n\n\n\n<p>\u201cEn cualquier momento suma a Alberto P\u00e9rez\u201d, dijo, con iron\u00eda, un funcionario nacional, que valor\u00f3 el pragmatismo del ministro de Econom\u00eda para readecuar la coalici\u00f3n oficialista a la campa\u00f1a electoral, sin generar m\u00e1s ruido del que ya existe por las diferencias abismales entre los socios fundadores. P\u00e9rez, ex jefe de gabinete bonaerense durante la gesti\u00f3n de Scioli, fue el principal interlocutor en la negociaci\u00f3n con M\u00e1ximo Kirchner para disputar unas PASO ordenadas. Im\u00e1genes de un pasado sepultado.<\/p>\n\n\n\n<p>El \u00faltimo gesto con tintes de unidad fue comunicado ayer por la tarde. Juli\u00e1n Dom\u00ednguez tiene como encargo gestionar un boceto sobre&nbsp;<strong>c\u00f3mo construir un acuerdo social entre sindicatos, empresarios, universidades y el Estado.<\/strong>&nbsp;Y, eventualmente, llevarlo adelante. El ex ministro de Agricultura fue uno de los que abandon\u00f3 su cargo cuando Massa se convirti\u00f3 en superministro y aglutin\u00f3 bajo su ala los ministerios de Producci\u00f3n y Agricultura que en ese momento ocupaban Scioli y Dom\u00ednguez, respectivamente.<\/p>\n\n\n\n<p><img decoding=\"async\" loading=\"lazy\" alt=\"La boleta que lleva las candidaturas de Sergio Massa y Agust\u00edn Rossi \" height=\"3057\" width=\"1920\" class=\"\" src=\"https:\/\/www.infobae.com\/new-resizer\/peP7KkQKSaF8oSuwvYQk7oDVgbg=\/1920x3057\/filters:format(webp):quality(85)\/cloudfront-us-east-1.images.arcpublishing.com\/infobae\/CSREZGJBZRHRXKJMX7LOFENT2E.jpg\" srcset=\"https:\/\/www.infobae.com\/new-resizer\/6OkBysGqh8fdf7MptJdHZ0TBU88=\/420x630\/filters:format(webp):quality(85)\/cloudfront-us-east-1.images.arcpublishing.com\/infobae\/CSREZGJBZRHRXKJMX7LOFENT2E.jpg 420w,https:\/\/www.infobae.com\/new-resizer\/4IQOtF-4QI6_YJLvQZXTpH_fawQ=\/768x1152\/filters:format(webp):quality(85)\/cloudfront-us-east-1.images.arcpublishing.com\/infobae\/CSREZGJBZRHRXKJMX7LOFENT2E.jpg 768w,https:\/\/www.infobae.com\/new-resizer\/nZCdHTjU7pzu05C71U3sXwvc0nk=\/992x1488\/filters:format(webp):quality(85)\/cloudfront-us-east-1.images.arcpublishing.com\/infobae\/CSREZGJBZRHRXKJMX7LOFENT2E.jpg 992w,https:\/\/www.infobae.com\/new-resizer\/_aI110BN3Hg8u6QypqMVVQKcyAI=\/1200x1800\/filters:format(webp):quality(85)\/cloudfront-us-east-1.images.arcpublishing.com\/infobae\/CSREZGJBZRHRXKJMX7LOFENT2E.jpg 1200w\">La boleta que lleva las candidaturas de Sergio Massa y Agust\u00edn Rossi<\/p>\n\n\n\n<p>El viernes pasado hubo una reuni\u00f3n de los equipos de comunicaci\u00f3n de las distintas terminales de Uni\u00f3n por la Patria y algunos funcionarios cercanos a la campa\u00f1a, como el vicejefe de Gabinete,<strong>&nbsp;Juan Manuel Olmos<\/strong>, quien fue uno de los<strong>&nbsp;principales negociadores en el armado de la candidatura \u00fanica de Massa y al que algunos se\u00f1alan como posible jefe de campa\u00f1a<\/strong>. All\u00ed se empez\u00f3 a dise\u00f1ar c\u00f3mo ser\u00e1 el esquema de comunicaci\u00f3n de la coalici\u00f3n, bajo los consejos del catal\u00e1n&nbsp;<strong>Antoni Guti\u00e9rrez Rub\u00ed<\/strong>, que estuvo presente en el encuentro.<\/p>\n\n\n\n<p>El consultor fue acercado por Massa al Frente de Todos y particip\u00f3 activamente de la campa\u00f1a del 2021. Fue quien asesor\u00f3 al ministro de Econom\u00eda durante el 2019, cuando empez\u00f3 a cimentar la alianza pol\u00edtica que sell\u00f3 con el kirchnerismo tiempo despu\u00e9s. Al igual que Alberto Fern\u00e1ndez lo hizo dos a\u00f1os atr\u00e1s, Massa empez\u00f3 el \u00faltimo fin de semana con una&nbsp;<strong>campa\u00f1a de proximidad<\/strong>. Mano a mano con la gente para generar empat\u00eda y cercan\u00eda. Ronda de mates en algunas casas de San Mart\u00edn, el lugar donde naci\u00f3.<\/p>\n\n\n\n<p>Massa tendr\u00e1 una tarea compleja para hacer campa\u00f1a en un contexto inflacionario que ha desgastado el poder adquisitivo de las mayor\u00edas. En el c\u00edrculo pol\u00edtico del ministro aseguran que en algunos&nbsp;<em>focus group<\/em>&nbsp;que se hicieron la gente no emparenta a Massa con la inflaci\u00f3n y que el aumento de precios aparece como un fen\u00f3meno estructural del que la Argentina no se puede deshacer.<\/p>\n\n\n\n<p>Lo cierto es que la campa\u00f1a ser\u00e1 muy particular teniendo en cuenta que en la Argentina ser ministro de Econom\u00eda implica tener un rol de absoluto desgaste pol\u00edtico y que Massa deber\u00e1 cargar con la crisis pol\u00edtica que se gener\u00f3 por el enfrentamiento feroz entre Cristina Kirchner y Alberto Fern\u00e1ndez.&nbsp;<strong>En el horizonte no aparece ninguna reuni\u00f3n posible entre los integrantes de la f\u00f3rmula presidencial,<\/strong>&nbsp;lo que ser\u00eda la se\u00f1al m\u00e1s elocuente de que el peronismo es capaz de resurgir de las cenizas.<\/p>\n\n\n\n<p><img decoding=\"async\" loading=\"lazy\" alt=\"El consultor catal\u00e1n Antoni Guti\u00e9rrez Rub\u00ed\" height=\"459\" width=\"690\" class=\"\" src=\"https:\/\/www.infobae.com\/new-resizer\/sAZlm3IzYLmaq6Lbo0slnuI7Cwg=\/690x459\/filters:format(webp):quality(85)\/cloudfront-us-east-1.images.arcpublishing.com\/infobae\/OGHHKGWSF5E3FDXHGUNHWBDF4U.jpg\" srcset=\"https:\/\/www.infobae.com\/new-resizer\/h3xs1WLR8Uq1KLXMGrQ_DUTS7VQ=\/420x280\/filters:format(webp):quality(85)\/cloudfront-us-east-1.images.arcpublishing.com\/infobae\/OGHHKGWSF5E3FDXHGUNHWBDF4U.jpg 420w,https:\/\/www.infobae.com\/new-resizer\/hFnHhZ7k1Vs5bd6GMH8FXYxQjvU=\/768x512\/filters:format(webp):quality(85)\/cloudfront-us-east-1.images.arcpublishing.com\/infobae\/OGHHKGWSF5E3FDXHGUNHWBDF4U.jpg 768w,https:\/\/www.infobae.com\/new-resizer\/nw0hImmC3kO5Z7JTc-hScCIj3j0=\/992x661\/filters:format(webp):quality(85)\/cloudfront-us-east-1.images.arcpublishing.com\/infobae\/OGHHKGWSF5E3FDXHGUNHWBDF4U.jpg 992w,https:\/\/www.infobae.com\/new-resizer\/rACWcRAA-R4hKRemyXs2OPgnTgQ=\/1200x800\/filters:format(webp):quality(85)\/cloudfront-us-east-1.images.arcpublishing.com\/infobae\/OGHHKGWSF5E3FDXHGUNHWBDF4U.jpg 1200w,https:\/\/www.infobae.com\/new-resizer\/UaznMyGLoywQabqaFjJKUKIh5P8=\/1440x960\/filters:format(webp):quality(85)\/cloudfront-us-east-1.images.arcpublishing.com\/infobae\/OGHHKGWSF5E3FDXHGUNHWBDF4U.jpg 1440w\">El consultor catal\u00e1n Antoni Guti\u00e9rrez Rub\u00ed<\/p>\n\n\n\n<h2>La derrota en San Juan que cort\u00f3 el nuevo clima peronista<\/h2>\n\n\n\n<p>La candidatura de Sergio Massa y la unidad de todo el peronismo detr\u00e1s de su figura gener\u00f3 un cambio de clima en la coalici\u00f3n oficialista.&nbsp;<strong>Se instal\u00f3 la idea de que el espacio pol\u00edtico puede ser competitivo<\/strong>&nbsp;y que ya tiene asegurado un lugar en el balotaje. Las primeras encuestas, que lo mostraron al ministro de Econom\u00eda como el precandidato presidencial m\u00e1s votado en las PASO, fue un electroshock para la dirigencia, que hasta ese momento estaba hundida en el pesimismo y se imaginaba en el tercer lugar del podio.<\/p>\n\n\n\n<p>Sin embargo, esa sensaci\u00f3n se cort\u00f3 este domingo cuando Marcelo Orrego se convirti\u00f3 en el nuevo gobernador de San Juan y&nbsp;<strong>el peronismo sufri\u00f3 una dura, e inesperada, derrota despu\u00e9s de 20 a\u00f1os al frente del Poder Ejecutivo provincial.&nbsp;<\/strong>En los chats peronistas se empezaron a preguntar cu\u00e1l es la importancia del golpe electoral y si tiene alguna influencia a nivel nacional. Intentan leer el mensaje detr\u00e1s del voto de la gente.<\/p>\n\n\n\n<p>En las \u00faltimas semanas el peronismo perdi\u00f3 en San Luis, Chaco y San Juan, tres lugares donde gobierna. El 16 de julio habr\u00e1 PASO en Santa Fe y el panorama para que el oficialismo -que hoy lidera el gobernador Omar Perotti -retenga el poder es muy complicado. Juntos por el Cambio y el socialismo formaron un frente de frentes y construyeron una oferta electoral amplia para quedarse con el poder de uno de los tres distritos electorales m\u00e1s importantes del pa\u00eds.<\/p>\n\n\n\n<p><img decoding=\"async\" loading=\"lazy\" alt=\"Sergio Massa haciendo campa\u00f1a en San Martin \" height=\"720\" width=\"1280\" class=\"\" src=\"https:\/\/www.infobae.com\/new-resizer\/psogc2u9vjVxM1NdE6iTr91BNYo=\/1280x720\/filters:format(webp):quality(85)\/cloudfront-us-east-1.images.arcpublishing.com\/infobae\/UMMSW3M5AFCCTDUMGETGYLWWCA.jpeg\" srcset=\"https:\/\/www.infobae.com\/new-resizer\/4BbvYDlppf3qWZgyBOi5iJKllzs=\/420x236\/filters:format(webp):quality(85)\/cloudfront-us-east-1.images.arcpublishing.com\/infobae\/UMMSW3M5AFCCTDUMGETGYLWWCA.jpeg 420w,https:\/\/www.infobae.com\/new-resizer\/hVi_FVDK9hf-gqSpWjXfhZ3qcX0=\/768x432\/filters:format(webp):quality(85)\/cloudfront-us-east-1.images.arcpublishing.com\/infobae\/UMMSW3M5AFCCTDUMGETGYLWWCA.jpeg 768w,https:\/\/www.infobae.com\/new-resizer\/MVXzQG3FHfa1z4mrPQMRhNux7SE=\/992x558\/filters:format(webp):quality(85)\/cloudfront-us-east-1.images.arcpublishing.com\/infobae\/UMMSW3M5AFCCTDUMGETGYLWWCA.jpeg 992w,https:\/\/www.infobae.com\/new-resizer\/1vFxkABFauxzaL3BieZJTtUGv2w=\/1200x675\/filters:format(webp):quality(85)\/cloudfront-us-east-1.images.arcpublishing.com\/infobae\/UMMSW3M5AFCCTDUMGETGYLWWCA.jpeg 1200w,https:\/\/www.infobae.com\/new-resizer\/dnXheUbb_nxFqke64V5S4ZNobBE=\/1440x810\/filters:format(webp):quality(85)\/cloudfront-us-east-1.images.arcpublishing.com\/infobae\/UMMSW3M5AFCCTDUMGETGYLWWCA.jpeg 1440w\">Sergio Massa haciendo campa\u00f1a en San Martin<\/p>\n\n\n\n<p>Santa Fe es la provincia donde tiene su base pol\u00edtica Agust\u00edn Rossi, el candidato a vicepresidente de Massa, por lo que la elecci\u00f3n provincial tendr\u00e1 trascendencia nacional. A ese escenario se le suman, en el ante\u00faltimo d\u00eda del mes, las elecciones en Entre R\u00edos y Chubut. Ambas provincias son gobernadas por el peronismo. La primera por Gustavo Bordet y la segunda por Mariano Arcioni, del Frente Renovador.<\/p>\n\n\n\n<p>Las proyecciones no son buenas en ninguna de las dos por lo que algunos dirigentes ven que julio podr\u00eda terminar siendo un mes negro en t\u00e9rminos electorales.<strong>&nbsp;\u00bfSe puede generar una ola amarilla?&nbsp;<\/strong>Un hombre muy cercano a Massa lo neg\u00f3 rotundamente. \u201cSon elecciones diferentes. Las provincias tienen sus propias internas. La nacional ser\u00e1 otra cosa\u201d, sostuvo. Pero, al mismo tiempo, reconoci\u00f3 que los d\u00edas que vienen pueden ser muy dif\u00edciles para el peronismo.<\/p>\n\n\n\n<p>Para concretar su proyecto electoral Massa necesita un peronismo unido. Menos ruido, menos grietas internas, menos pases de facturas. Necesita tambi\u00e9n aprovechar este tiempo en el que enfrentamiento entre Horacio Rodr\u00edguez Larreta y Patricia Bullrich llev\u00f3 la interna de Juntos por el Cambio al punto de ebullici\u00f3n. Massa ya est\u00e1 en modo electoral. El reloj que se parar\u00e1 a las 8 de la ma\u00f1ana del domingo 13 de agosto, cuando se lleven adelante las PASO, empez\u00f3 a correr m\u00e1s r\u00e1pido.<\/p>\n\n\n\n<p>Fuente: Infobae<\/p>\n","protected":false},"excerpt":{"rendered":"<div class=\"mh-excerpt\"><p>Sergio Massa&nbsp;ya estipul\u00f3 los horarios de su&nbsp;agenda de campa\u00f1a.&nbsp;De lunes a viernes, de 8 a 20, estar\u00e1 dedicado de lleno a la gesti\u00f3n del ministerio de Econom\u00eda. De 20 a 24 ser\u00e1 el candidato a presidente de Uni\u00f3n por la Patria. El s\u00e1bado y el domingo estar\u00e1 dedicado de lleno a la carrera proselitista. Desde que sale el sol hasta que anochece. Sin la formalidad del traje y con la necesidad del territorio. El titular del Palacio de Hacienda tard\u00f3 unos pocos d\u00edas, despu\u00e9s del cierre de listas, en empezar a moverse como candidato. Esper\u00f3 que bajen las tensiones internas <a class=\"mh-excerpt-more\" href=\"http:\/\/dsrmedios.com.ar\/diario\/archivos\/36585\" title=\"Massa activ\u00f3 el modo campa\u00f1a para reforzar la unidad, pero en el peronismo preocupan las elecciones provinciales\">[Leer m\u00e1s]<\/a><\/p>\n<\/div>","protected":false},"author":8,"featured_media":36587,"comment_status":"open","ping_status":"closed","sticky":false,"template":"","format":"standard","meta":{"_jetpack_newsletter_access":""},"categories":[6],"tags":[],"jetpack_featured_media_url":"http:\/\/dsrmedios.com.ar\/diario\/wp-content\/uploads\/2023\/07\/descarga-8.jpg","jetpack_sharing_enabled":true,"jetpack_shortlink":"https:\/\/wp.me\/p9fihK-9w5","_links":{"self":[{"href":"http:\/\/dsrmedios.com.ar\/diario\/wp-json\/wp\/v2\/posts\/36585"}],"collection":[{"href":"http:\/\/dsrmedios.com.ar\/diario\/wp-json\/wp\/v2\/posts"}],"about":[{"href":"http:\/\/dsrmedios.com.ar\/diario\/wp-json\/wp\/v2\/types\/post"}],"author":[{"embeddable":true,"href":"http:\/\/dsrmedios.com.ar\/diario\/wp-json\/wp\/v2\/users\/8"}],"replies":[{"embeddable":true,"href":"http:\/\/dsrmedios.com.ar\/diario\/wp-json\/wp\/v2\/comments?post=36585"}],"version-history":[{"count":1,"href":"http:\/\/dsrmedios.com.ar\/diario\/wp-json\/wp\/v2\/posts\/36585\/revisions"}],"predecessor-version":[{"id":36588,"href":"http:\/\/dsrmedios.com.ar\/diario\/wp-json\/wp\/v2\/posts\/36585\/revisions\/36588"}],"wp:featuredmedia":[{"embeddable":true,"href":"http:\/\/dsrmedios.com.ar\/diario\/wp-json\/wp\/v2\/media\/36587"}],"wp:attachment":[{"href":"http:\/\/dsrmedios.com.ar\/diario\/wp-json\/wp\/v2\/media?parent=36585"}],"wp:term":[{"taxonomy":"category","embeddable":true,"href":"http:\/\/dsrmedios.com.ar\/diario\/wp-json\/wp\/v2\/categories?post=36585"},{"taxonomy":"post_tag","embeddable":true,"href":"http:\/\/dsrmedios.com.ar\/diario\/wp-json\/wp\/v2\/tags?post=36585"}],"curies":[{"name":"wp","href":"https:\/\/api.w.org\/{rel}","templated":true}]}}