{"id":36578,"date":"2023-07-04T10:14:04","date_gmt":"2023-07-04T13:14:04","guid":{"rendered":"http:\/\/dsrmedios.com.ar\/diario\/?p=36578"},"modified":"2023-07-04T10:14:08","modified_gmt":"2023-07-04T13:14:08","slug":"grave-denuncia-de-patricia-bullrich-en-13-provincias-a-los-empleados-publicos-no-los-dejan-ir-a-votar-en-libertad-les-controlan-el-voto","status":"publish","type":"post","link":"http:\/\/dsrmedios.com.ar\/diario\/archivos\/36578","title":{"rendered":"Grave denuncia de Patricia Bullrich: \u201cEn 13 provincias a los empleados p\u00fablicos no los dejan ir a votar en libertad; les controlan el voto\u201d"},"content":{"rendered":"\n<p>La exposici\u00f3n de&nbsp;<strong>Patricia Bullrich<\/strong>&nbsp;en el foro organizado por la fundaci\u00f3n Internacional para la Libertad contin\u00faa generando repercusiones por el contenido de sus afirmaciones. En un pasaje del intercambio con \u00c1lvaro Vargas Llosa, uno de los moderadores, la titular del PRO -en uso de licencia- afirm\u00f3 que \u201c<strong>en 13 de las 23 provincias argentinas no se puede votar en libertad<\/strong>\u201d debido a que \u201c<strong>a los empleados p\u00fablicos les controlan el voto<\/strong>\u201d.<\/p>\n\n\n\n<p>\u201cImaginate que en 13 provincias domina el Estado a trav\u00e9s del l\u00e1tigo,&nbsp;<strong>a los empleados p\u00fablicos no los dejan ir a votar en libertad, les controlan su voto<\/strong>, los tienen bajo un sometimiento total, entonces ten\u00e9s a una parte de la poblaci\u00f3n sometida con planes sociales y a otra parte de la poblaci\u00f3n desesperada porque ha perdido su condici\u00f3n de pa\u00eds de clase media, de pa\u00eds culto, de pa\u00eds faro de la cultura no s\u00f3lo latinoamericana si no iberoamericana\u201d, consider\u00f3 la dirigente.<\/p>\n\n\n\n<p>Bullrich hac\u00eda referencia a la batalla cultural que, asegura, se juega en estas elecciones, en las que se define \u201cno s\u00f3lo una elecci\u00f3n para Argentina, sino para la democracia y la libertad de Am\u00e9rica Latina\u201d.<\/p>\n\n\n\n<p><\/p>\n\n\n\n<p>La ex ministra de Seguridad competir\u00e1 en las elecciones Primarias, Abiertas, Simult\u00e1neas y Obligatorias (PASO) del pr\u00f3ximo 13 de agosto y en esa condici\u00f3n fue invitada a participar del foro XVI Atl\u00e1ntico denominado \u201cIberoam\u00e9rica: Democracia y Libertad\u201d. En ese contexto,&nbsp;<strong>apunt\u00f3 contra el peronismo<\/strong>, se\u00f1al\u00e1ndolo como una fuerza pol\u00edtica que sostiene un modelo de pa\u00eds \u201cque impone una manera de gobernar\u201d a los otros partidos cuando est\u00e1 fuera del poder a base de presi\u00f3n.<\/p>\n\n\n\n<p>\u201cCu\u00e1l ha sido el punto en com\u00fan de la ca\u00edda de esos gobiernos (no peronistas), no el de Mauricio Macri que termin\u00f3 por primera vez desde el gobierno de Alvear en 1928, sino todos los gobiernos que no terminaron. Hay un punto en com\u00fan y es que en un momento ese gobierno se siente asediado frente a los cambios que tiene que hacer, y los factores de poder, sean sindicales, empresarios, ahora sociales con los grupos piqueteros que se han organizado, hay una sistematicidad que frente a esa presi\u00f3n, se cede\u201d, argument\u00f3 Bullrich.<\/p>\n\n\n\n<p>Y agreg\u00f3: \u201cEn la Argentina de 23 provincias hay 13 provincias que tienen m\u00e1s empleo p\u00fablico que empleo privado.<strong>&nbsp;Esas provincias funcionan como cajas registradoras<\/strong>, cobran la coparticipaci\u00f3n federal que les manda el gobierno nacional, de impuestos, pagan salarios, hacen un puente, dos puentes, una escuela, y esa es la provincia\u201d.<\/p>\n\n\n\n<p>En contrapartida, sostuvo, existen distritos que producen riquezas econ\u00f3micas, que son destinadas a sostener un Estado \u201cque ocupa m\u00e1s del 43% del PBI\u201d.<\/p>\n\n\n\n<p><img decoding=\"async\" loading=\"lazy\" alt=\"La participaci\u00f3n de la precandidata a presidenta del PRO se realiz\u00f3 en forma virtual el pasado 30 de junio\" height=\"1080\" width=\"1920\" class=\"\" src=\"https:\/\/www.infobae.com\/new-resizer\/lQMk8_GmyQahKX-xiFVStUE6Q68=\/1920x1080\/filters:format(webp):quality(85)\/cloudfront-us-east-1.images.arcpublishing.com\/infobae\/PRRN4GSPKVBB3PHXXAVRW2A4DQ.jpg\" srcset=\"https:\/\/www.infobae.com\/new-resizer\/2rE_E05WvVNsTEzVLNjuv5S7U8g=\/420x236\/filters:format(webp):quality(85)\/cloudfront-us-east-1.images.arcpublishing.com\/infobae\/PRRN4GSPKVBB3PHXXAVRW2A4DQ.jpg 420w,https:\/\/www.infobae.com\/new-resizer\/ujZcXCDd87idiZ7QFb8k_LAXB2A=\/768x432\/filters:format(webp):quality(85)\/cloudfront-us-east-1.images.arcpublishing.com\/infobae\/PRRN4GSPKVBB3PHXXAVRW2A4DQ.jpg 768w,https:\/\/www.infobae.com\/new-resizer\/ZWsiWxjv3v-5fqOvcIxxvbA_fLQ=\/992x558\/filters:format(webp):quality(85)\/cloudfront-us-east-1.images.arcpublishing.com\/infobae\/PRRN4GSPKVBB3PHXXAVRW2A4DQ.jpg 992w,https:\/\/www.infobae.com\/new-resizer\/xcokISLtxLCWF-OWfkiUQz-QBqY=\/1200x675\/filters:format(webp):quality(85)\/cloudfront-us-east-1.images.arcpublishing.com\/infobae\/PRRN4GSPKVBB3PHXXAVRW2A4DQ.jpg 1200w,https:\/\/www.infobae.com\/new-resizer\/4ms1H4yWJW9DCodYwJsspk8GUVI=\/1440x810\/filters:format(webp):quality(85)\/cloudfront-us-east-1.images.arcpublishing.com\/infobae\/PRRN4GSPKVBB3PHXXAVRW2A4DQ.jpg 1440w\">La participaci\u00f3n de la precandidata a presidenta del PRO se realiz\u00f3 en forma virtual el pasado 30 de junio<\/p>\n\n\n\n<p>\u201cTodo el dinero de la producci\u00f3n de la Argentina, todo el ahorro argentino que podr\u00edamos haber hecho con esos puntos del PBI, que no redund\u00f3 en mejores prestaciones del Estado, si no todo lo contrario, porque la educaci\u00f3n y la salud est\u00e1n devastadas, todo eso acumul\u00f3 un modelo, el modelo de sometimiento, donde el Estado le da recursos a los sectores m\u00e1s pobres y empobrece a los que producen. El Estado le da recursos a empresas o sindicatos para generar ese modelo de sometimiento\u201d, se\u00f1al\u00f3 Bullrich en alusi\u00f3n a los gobiernos peronistas.<\/p>\n\n\n\n<p>En ese tramo, apunt\u00f3 contra \u201cesa tensi\u00f3n entre el cambio y la continuidad por miedo, el miedo que impone el peronismo Estado, porque es exactamente lo mismo\u201d.<\/p>\n\n\n\n<p>Frente a ese escenario, Bullrich advirti\u00f3 que en estas elecciones podr\u00eda haber un cambio de \u00e9poca. \u201cEl principal aprendizaje es que se ha repetido una forma, de manera sistem\u00e1tica, el mismo problema, y es la falta de nitidez del proyecto. Hay que salir del placard y decir con claridad que nosotros somos capitalistas, queremos un capitalismo de reglas, porque siempre el peronismo nos ha condicionado el discurso\u201d.<\/p>\n\n\n\n<p>Las declaraciones de la precandidata en la interna de Juntos por el Cambio hab\u00edan generado pol\u00e9mica el fin de semana por sus consideraciones en relaci\u00f3n a la concurrencia de alumnos de las universidades p\u00fablicas. Seg\u00fan la ex funcionaria, \u201cesas universidades hoy est\u00e1n vac\u00edas de alumnos. Tenemos casi la mitad de la matr\u00edcula de alumnos extranjeros que toman las posibilidades que la Argentina da. Los argentinos quedan en un cementerio en el colegio secundario\u201d.<\/p>\n\n\n\n<p>Esos datos, sin embargo, fueron desmentidos a posteriori por el Ministerio de Educaci\u00f3n de la Naci\u00f3n y la dirigente admiti\u00f3 su error.<\/p>\n\n\n\n<p>Fuente: Infobae<\/p>\n","protected":false},"excerpt":{"rendered":"<div class=\"mh-excerpt\"><p>La exposici\u00f3n de&nbsp;Patricia Bullrich&nbsp;en el foro organizado por la fundaci\u00f3n Internacional para la Libertad contin\u00faa generando repercusiones por el contenido de sus afirmaciones. En un pasaje del intercambio con \u00c1lvaro Vargas Llosa, uno de los moderadores, la titular del PRO -en uso de licencia- afirm\u00f3 que \u201cen 13 de las 23 provincias argentinas no se puede votar en libertad\u201d debido a que \u201ca los empleados p\u00fablicos les controlan el voto\u201d. \u201cImaginate que en 13 provincias domina el Estado a trav\u00e9s del l\u00e1tigo,&nbsp;a los empleados p\u00fablicos no los dejan ir a votar en libertad, les controlan su voto, los tienen bajo <a class=\"mh-excerpt-more\" href=\"http:\/\/dsrmedios.com.ar\/diario\/archivos\/36578\" title=\"Grave denuncia de Patricia Bullrich: \u201cEn 13 provincias a los empleados p\u00fablicos no los dejan ir a votar en libertad; les controlan el voto\u201d\">[Leer m\u00e1s]<\/a><\/p>\n<\/div>","protected":false},"author":8,"featured_media":30930,"comment_status":"open","ping_status":"closed","sticky":false,"template":"","format":"standard","meta":{"_jetpack_newsletter_access":""},"categories":[6],"tags":[],"jetpack_featured_media_url":"http:\/\/dsrmedios.com.ar\/diario\/wp-content\/uploads\/2023\/04\/patriciabulrich.png","jetpack_sharing_enabled":true,"jetpack_shortlink":"https:\/\/wp.me\/p9fihK-9vY","_links":{"self":[{"href":"http:\/\/dsrmedios.com.ar\/diario\/wp-json\/wp\/v2\/posts\/36578"}],"collection":[{"href":"http:\/\/dsrmedios.com.ar\/diario\/wp-json\/wp\/v2\/posts"}],"about":[{"href":"http:\/\/dsrmedios.com.ar\/diario\/wp-json\/wp\/v2\/types\/post"}],"author":[{"embeddable":true,"href":"http:\/\/dsrmedios.com.ar\/diario\/wp-json\/wp\/v2\/users\/8"}],"replies":[{"embeddable":true,"href":"http:\/\/dsrmedios.com.ar\/diario\/wp-json\/wp\/v2\/comments?post=36578"}],"version-history":[{"count":1,"href":"http:\/\/dsrmedios.com.ar\/diario\/wp-json\/wp\/v2\/posts\/36578\/revisions"}],"predecessor-version":[{"id":36579,"href":"http:\/\/dsrmedios.com.ar\/diario\/wp-json\/wp\/v2\/posts\/36578\/revisions\/36579"}],"wp:featuredmedia":[{"embeddable":true,"href":"http:\/\/dsrmedios.com.ar\/diario\/wp-json\/wp\/v2\/media\/30930"}],"wp:attachment":[{"href":"http:\/\/dsrmedios.com.ar\/diario\/wp-json\/wp\/v2\/media?parent=36578"}],"wp:term":[{"taxonomy":"category","embeddable":true,"href":"http:\/\/dsrmedios.com.ar\/diario\/wp-json\/wp\/v2\/categories?post=36578"},{"taxonomy":"post_tag","embeddable":true,"href":"http:\/\/dsrmedios.com.ar\/diario\/wp-json\/wp\/v2\/tags?post=36578"}],"curies":[{"name":"wp","href":"https:\/\/api.w.org\/{rel}","templated":true}]}}