{"id":36572,"date":"2023-07-04T10:07:01","date_gmt":"2023-07-04T13:07:01","guid":{"rendered":"http:\/\/dsrmedios.com.ar\/diario\/?p=36572"},"modified":"2023-07-04T10:07:05","modified_gmt":"2023-07-04T13:07:05","slug":"con-un-panorama-que-inquieta-en-el-interior-del-pais-el-oficialismo-se-aferra-cada-vez-mas-a-la-provincia-de-buenos-aires","status":"publish","type":"post","link":"http:\/\/dsrmedios.com.ar\/diario\/archivos\/36572","title":{"rendered":"Con un panorama que inquieta en el interior del pa\u00eds, el oficialismo se aferra cada vez m\u00e1s a la provincia de Buenos Aires"},"content":{"rendered":"\n<p>Con la derrota de San Juan de este domingo todav\u00eda fresca, y un cronograma de elecciones provinciales que presenta, en un buen n\u00famero, un panorama inquietante para el oficialismo, la coalici\u00f3n Uni\u00f3n por la Patria, con&nbsp;<strong>Sergio Massa<\/strong>&nbsp;como candidato de la unidad mayoritaria, se aferra de cara a las PASO del domingo 13 de agosto a la performance en la provincia de Buenos Aires, el distrito con mayor incidencia electoral y el territorio que marc\u00f3, puertas adentro del gobierno, una notoria puja facciosa por el cierre de listas de hace dos fines de semana.<\/p>\n\n\n\n<p>Con esa consigna como un eje central de la estrategia electoral, el ministro de Econom\u00eda debut\u00f3 el s\u00e1bado formalmente en su primer acto de campa\u00f1a en San Mart\u00edn, en el coraz\u00f3n de la primera secci\u00f3n bonaerense, el distrito en el que naci\u00f3 y se inici\u00f3 en pol\u00edtica antes de mudarse a Tigre, y el territorio que tiene en el PJ al ministro y ex intendente&nbsp;<strong>Gabriel Katopodis<\/strong>&nbsp;como principal referente.<\/p>\n\n\n\n<p>La elecci\u00f3n del precandidato no fue casual en ese sentido. No solo por tratarse de la Provincia y del conurbano como su primera recorrida de campa\u00f1a de proximidad, un formato que introdujo Cambiemos en su momento bajo el libreto del gur\u00fa Jaime Dur\u00e1n Barba, que este mi\u00e9rcoles participar\u00e1 de la presentaci\u00f3n del nuevo libro del catal\u00e1n&nbsp;<strong>Antoni Guti\u00e9rrez-Rub\u00ed<\/strong>, el principal estratega de Massa, cuyo pr\u00f3logo fue escrito por el ecuatoriano, ahora asesor de Horacio Rodr\u00edguez Larreta. Seg\u00fan fuentes al tanto de la campa\u00f1a, el ministro ofreci\u00f3, adem\u00e1s, una se\u00f1al de la autonom\u00eda pol\u00edtica, y de comunicaci\u00f3n, con la que prev\u00e9 encarar sus recorridas: \u201cVa a diferenciarse\u201d, se\u00f1alaron.<\/p>\n\n\n\n<p><img decoding=\"async\" loading=\"lazy\" alt=\"La derrota en algunos distritos insignias del peronismo obligan al Gobierno a hacerse fuerte en territorio bonaerense (REUTERS\/Mariana Nedelcu)\" height=\"533\" width=\"800\" class=\"\" src=\"https:\/\/www.infobae.com\/new-resizer\/ab3HX579Cj7OCd_oVL-2uOhbaPY=\/800x533\/filters:format(webp):quality(85)\/cloudfront-us-east-1.images.arcpublishing.com\/infobae\/KDXBTDCDVRMYPHFG5SKYKGAMYU.jpg\" srcset=\"https:\/\/www.infobae.com\/new-resizer\/SDmpFNyUJBcxOxVlLPdw-ZNqG1Q=\/420x280\/filters:format(webp):quality(85)\/cloudfront-us-east-1.images.arcpublishing.com\/infobae\/KDXBTDCDVRMYPHFG5SKYKGAMYU.jpg 420w,https:\/\/www.infobae.com\/new-resizer\/P_T9BhWyW4Y84W5r_WyOIzvLRas=\/768x512\/filters:format(webp):quality(85)\/cloudfront-us-east-1.images.arcpublishing.com\/infobae\/KDXBTDCDVRMYPHFG5SKYKGAMYU.jpg 768w,https:\/\/www.infobae.com\/new-resizer\/o5EWaxelLjK6lSf6xf5FDILAfEE=\/992x661\/filters:format(webp):quality(85)\/cloudfront-us-east-1.images.arcpublishing.com\/infobae\/KDXBTDCDVRMYPHFG5SKYKGAMYU.jpg 992w,https:\/\/www.infobae.com\/new-resizer\/fmLnbMMeOHLEzKOcsQHypwEA7FM=\/1200x800\/filters:format(webp):quality(85)\/cloudfront-us-east-1.images.arcpublishing.com\/infobae\/KDXBTDCDVRMYPHFG5SKYKGAMYU.jpg 1200w,https:\/\/www.infobae.com\/new-resizer\/-Y-jVKdowpVRQEpEhLmI4B7UPAM=\/1440x960\/filters:format(webp):quality(85)\/cloudfront-us-east-1.images.arcpublishing.com\/infobae\/KDXBTDCDVRMYPHFG5SKYKGAMYU.jpg 1440w\">La derrota en algunos distritos insignias del peronismo obligan al Gobierno a hacerse fuerte en territorio bonaerense (REUTERS\/Mariana Nedelcu)<\/p>\n\n\n\n<p>En los videos oficializados a trav\u00e9s de la plataforma TikTok -la misma que hab\u00eda elegido&nbsp;<strong>Eduardo \u201cWado\u201d de Pedro&nbsp;<\/strong>para lanzar la pieza f\u00edlmica junto a&nbsp;<strong>Juan Manzur<\/strong>&nbsp;que nunca lleg\u00f3 a ser viralizada-, se lo ve t\u00edmidamente a Katopodis, solo de espalda, y se escucha por un momento su voz. Es el ministro que arm\u00f3 la visita y que, despu\u00e9s de una serie de trascendidos, no integr\u00f3 ninguna lista, seg\u00fan su entorno, porque no quiso. En su territorio, el intendente Fernando Moreira, del ri\u00f1\u00f3n del funcionario, deber\u00e1 sortear una de las primarias avaladas por el kirchnerismo, en este caso frente al Movimiento Evita.<\/p>\n\n\n\n<p>Massa hace su juego. Este lunes, flanqueado por decenas de intendentes en Misiones, par\u00f3 a su lado al canciller&nbsp;<strong>Santiago Cafiero<\/strong>, defenestrado por el kirchnerismo y, en especial, por La C\u00e1mpora. Hace dos lunes, el ministro de Econom\u00eda lo hab\u00eda llamado por tel\u00e9fono para contenerlo despu\u00e9s de los chispazos originados tras la desactivaci\u00f3n del proyecto&nbsp;<strong>Daniel Scioli<\/strong>, ahora sumado al equipo del precandidato presidencial.<\/p>\n\n\n\n<p>En la c\u00fapula de UP, a poco m\u00e1s de un mes y diez d\u00edas de las PASO, a\u00fan no se terminaron de definir todos los roles, tampoco se oficializaron a los jefes de la campa\u00f1a nacional y bonaerense. Pero en la cima de la coalici\u00f3n, adem\u00e1s de Cristina Kirchner, que monitorea cada movimiento, Massa, De Pedro y el multifac\u00e9tico&nbsp;<strong>Juan Manuel Olmos&nbsp;<\/strong>tienen la mayor injerencia.<\/p>\n\n\n\n<p>Massa ya hab\u00eda estado, a principios de la semana pasada, horas despu\u00e9s de ser oficializada la f\u00f3rmula junto a&nbsp;<strong>Agust\u00edn Rossi<\/strong>, en la presentaci\u00f3n de Federico Oterm\u00edn como el precandidato a intendente de Lomas de Zamora, una puesta en escena que cont\u00f3, adem\u00e1s de&nbsp;<strong>Mart\u00edn Insaurralde<\/strong>, con M\u00e1ximo Kirchner y el ministro del Interior. El jefe de Gabinete bonaerense se perfilaba para dirigir la campa\u00f1a bonaerense de De Pedro si el funcionario camporista finalmente terminaba ungido como el postulante. El rol de Insaurralde, primer candidato a concejal de Lomas de Zamora, es ahora un interrogante.<\/p>\n\n\n\n<p>Este martes, por caso, los intendentes de la primera y la tercera secci\u00f3n electoral bonaerense fueron convocados al mediod\u00eda a la gobernaci\u00f3n provincial por&nbsp;<strong>Axel Kicillof<\/strong>,para ordenarse puertas adentro.<\/p>\n\n\n\n<p>Es que, para la coalici\u00f3n peronista en general, y para Massa y Kicillof en particular, Buenos Aires se presenta como la posibilidad de torcer un rumbo electoral que, en buena parte del interior del pa\u00eds, empez\u00f3 a mostrar una direcci\u00f3n opuesta a la trazada por el peronismo kirchnerista.<\/p>\n\n\n\n<p>La derrota de la familia U\u00f1ac de este domingo en San Juan en manos del opositor&nbsp;<strong>Marcelo Orrego<\/strong>&nbsp;se sum\u00f3, por sorpresiva, a la de San Luis de mediados del mes pasado y la primaria de Chaco, que dej\u00f3 a&nbsp;<strong>Jorge \u201cCoqui\u201d Capitanich<\/strong>&nbsp;en una situaci\u00f3n muy comprometida de cara a las generales de septiembre despu\u00e9s de que la provincia quedara atravesada por la macabra desaparici\u00f3n de Cecilia Strzyzowski. Fueron, hasta ahora, provincias de corte netamente peronista.<\/p>\n\n\n\n<p>De cara a las PASO nacionales del 13 de agosto restan adem\u00e1s las primarias de Santa Fe, que tendr\u00e1n lugar dentro de dos fines de semana, y las elecciones generales de Chubut.<\/p>\n\n\n\n<p>En el primer caso se descuenta que la interna m\u00e1s atractiva y convocante ser\u00e1 la de la oposici\u00f3n, con&nbsp;<strong>Maximiliano Pullaro y Carolina Losada<\/strong>&nbsp;-un tanto m\u00e1s rezagada, pero clave por su caudal electoral de cara a la general,&nbsp;<strong>M\u00f3nica Fein<\/strong>&#8211; en paridad e inmersos en una puja cruenta. El peronismo, en ese contexto, corre serios riesgos de perder otra vez la provincia. Ofrece, para colmo, un panorama similar a Chaco y San Juan: un peronismo dividido. El resultado, se sabe, no fue el esperado en ambas provincias.<\/p>\n\n\n\n<p>En cuanto a Chubut, la sucesi\u00f3n del massista Mariano Arcioni entre&nbsp;<strong>Juan Pablo Luque<\/strong>, el candidato del oficialismo, e Ignacio Torres, de Juntos por el Cambio, se perfila tambi\u00e9n pareja, aunque el intendente de Comodoro Rivadavia tendr\u00eda una leve ventaja impulsada por los votos de su distrito, que concentran poco m\u00e1s del 30% del padr\u00f3n provincial. Torres, por caso, aventaja en Trelew y el valle chubutense. Puerto Madryn, de la familia Sastre, es la gran inc\u00f3gnita.<\/p>\n\n\n\n<p>Entre Santa Fe y Chubut aparece, en tanto, la elecci\u00f3n de la capital cordobesa tras el triunfo de&nbsp;<strong>Mart\u00edn Llaryora<\/strong>, mucho m\u00e1s ajustado de lo que se pronosticaba. En el comando de campa\u00f1a de Rodrigo de Loredo est\u00e1n convencidos de que el intendente de la capital y electo gobernador no se puede dar el lujo de perder su ciudad y asumir el gobierno provincial con esa derrota. Ser\u00e1, en ese caso, una guerra de aparatos.<\/p>\n\n\n\n<p><img decoding=\"async\" loading=\"lazy\" alt=\"La estrategia de Larreta busca contrarrestar el escenario instalado de disparidad en la interna del PRO \" height=\"1080\" width=\"1920\" class=\"\" src=\"https:\/\/www.infobae.com\/new-resizer\/ZTTkS1hZrMy9SdTjE_yBAHJG9EQ=\/1920x1080\/filters:format(webp):quality(85)\/cloudfront-us-east-1.images.arcpublishing.com\/infobae\/YKRRJKI5GJAYXCLUTYW3UF5IWI.png\" srcset=\"https:\/\/www.infobae.com\/new-resizer\/31KqmQyf9fhswAJo8NmmO-ALQ30=\/420x236\/filters:format(webp):quality(85)\/cloudfront-us-east-1.images.arcpublishing.com\/infobae\/YKRRJKI5GJAYXCLUTYW3UF5IWI.png 420w,https:\/\/www.infobae.com\/new-resizer\/aSPTRfOLC8awqfos9cpuBzGHX8E=\/768x432\/filters:format(webp):quality(85)\/cloudfront-us-east-1.images.arcpublishing.com\/infobae\/YKRRJKI5GJAYXCLUTYW3UF5IWI.png 768w,https:\/\/www.infobae.com\/new-resizer\/q5k_9OOlZqbwgJo-qoLvgG1xE6k=\/992x558\/filters:format(webp):quality(85)\/cloudfront-us-east-1.images.arcpublishing.com\/infobae\/YKRRJKI5GJAYXCLUTYW3UF5IWI.png 992w,https:\/\/www.infobae.com\/new-resizer\/skUgHqktwcQSnukkf8z2vX69e2M=\/1200x675\/filters:format(webp):quality(85)\/cloudfront-us-east-1.images.arcpublishing.com\/infobae\/YKRRJKI5GJAYXCLUTYW3UF5IWI.png 1200w,https:\/\/www.infobae.com\/new-resizer\/cuNokXqlICd5Q0FgiKayyp8-ihA=\/1440x810\/filters:format(webp):quality(85)\/cloudfront-us-east-1.images.arcpublishing.com\/infobae\/YKRRJKI5GJAYXCLUTYW3UF5IWI.png 1440w\">La estrategia de Larreta busca contrarrestar el escenario instalado de disparidad en la interna del PRO<\/p>\n\n\n\n<p>En ese contexto, asoma para el gobierno y para Massa otra vez con cierta ansiedad la figura de&nbsp;<strong>Horacio Rodr\u00edguez Larreta,<\/strong>&nbsp;que presta desde hace meses un servicio invaluable para la campa\u00f1a de De Loredo -el cordob\u00e9s tiene un v\u00ednculo muy fluido con Mart\u00edn Lousteau y Emiliano Yacobitti y el jefe de Gobierno prev\u00e9 capitalizar un eventual triunfo del radical si gana la intendencia, a pesar de que, en C\u00f3rdoba, predomina el voto halc\u00f3n-, que este fin de semana festej\u00f3 la victoria de Orrego, que ya hab\u00eda hecho lo propio con&nbsp;<strong>Claudio Poggi<\/strong>&nbsp;en San Luis y que promociona a Pullaro para tratar de ver si puede levantarle la mano dentro de dos domingos en Santa Fe.<\/p>\n\n\n\n<p>La estrategia del jefe de Gobierno porte\u00f1o busca contrarrestar el escenario instalado de disparidad en la interna del PRO en favor de&nbsp;<strong>Patricia Bullrich<\/strong>: la ex ministra se mantiene desde hace mucho tiempo en una posici\u00f3n de notable expectativa, acapar\u00f3 la atenci\u00f3n del c\u00edrculo rojo y de parte de la sociedad y tiene serias chances de ganar la interna.<\/p>\n\n\n\n<p>Una verdadera pesadilla para el jefe de la Ciudad, que pretende mostrarse rodeado de un armado pol\u00edtico mucho m\u00e1s robusto que el de su contrincante. Su hoja de ruta, por ejemplo, contiene adem\u00e1s la posibilidad de alzarse con un eventual triunfo de&nbsp;<strong>Rogelio Frigerio<\/strong>&nbsp;en Entre R\u00edos, que ir\u00e1 a las urnas el mismo domingo de las PASO nacionales, una movida que&nbsp;<strong>Gustavo Bordet<\/strong>&nbsp;impuls\u00f3 para tratar de torcer la balanza en favor de JxC con la promoci\u00f3n, no solo de la boleta entera -Massa no registra malas mediciones y el nombre del gobernador, que se postula al Congreso, tracciona votos-, si no tambi\u00e9n de la figura de&nbsp;<strong>Javier Milei<\/strong>.<\/p>\n\n\n\n<p>Entre R\u00edos, Santa Fe y C\u00f3rdoba son tres de las provincias con mayor peso electoral junto a la Ciudad, Mendoza y Tucum\u00e1n. El caso Tucum\u00e1n tambi\u00e9n arroja algunas inc\u00f3gnitas:&nbsp;<strong>\u00bfOsvaldo Jaldo y Juan Manzur mover\u00e1n en agosto todo el aparato del peronismo c\u00f3mo lo hicieron para el contundente triunfo local?&nbsp;<\/strong>Es una pregunta recurrente en el oficialismo, en especial despu\u00e9s del fallido lanzamiento del binomio De Pedro-Manzur, que no tuvo una buena aceptaci\u00f3n en el peronismo.&nbsp;<strong>Ra\u00fal Jalil<\/strong>&nbsp;fue uno de los que m\u00e1s insisti\u00f3 para voltearlo, seg\u00fan el gobernador, por escaso peso pol\u00edtico. Tiene l\u00f3gica: es, junto a la Ciudad, la Provincia, Santa Cruz y Entre R\u00edos, uno de los distritos que peg\u00f3 su cronograma al nacional.<\/p>\n\n\n\n<p>En ese sentido, la presentaci\u00f3n de Massa como el precandidato de UP renov\u00f3, en estos primeros d\u00edas de campa\u00f1a, las expectativas de un gobierno que necesita una buena performance en territorio bonaerense que depende, en parte, de la suerte de Bullrich, de Rodr\u00edguez Larreta y de Milei, pero fundamentalmente del voto de la sociedad bonaerense. Preocupan, por caso, la abstenci\u00f3n y la apat\u00eda del electorado:&nbsp;<strong>un intendente del Gran Buenos Aires le confi\u00f3 a este medio que hacer campa\u00f1a en este contexto, en el territorio m\u00e1s hist\u00f3ricamente af\u00edn al peronismo, es una tarea insalubre.<\/strong><\/p>\n\n\n\n<p>Es que el temor a una ola opositora como la del 2015 vuelve a llenar de zozobra la playa del peronismo kirchnerista, ahora atado a la suerte del jefe del Frente Renovador.<\/p>\n\n\n\n<p>Fuente: Infobae<\/p>\n","protected":false},"excerpt":{"rendered":"<div class=\"mh-excerpt\"><p>Con la derrota de San Juan de este domingo todav\u00eda fresca, y un cronograma de elecciones provinciales que presenta, en un buen n\u00famero, un panorama inquietante para el oficialismo, la coalici\u00f3n Uni\u00f3n por la Patria, con&nbsp;Sergio Massa&nbsp;como candidato de la unidad mayoritaria, se aferra de cara a las PASO del domingo 13 de agosto a la performance en la provincia de Buenos Aires, el distrito con mayor incidencia electoral y el territorio que marc\u00f3, puertas adentro del gobierno, una notoria puja facciosa por el cierre de listas de hace dos fines de semana. Con esa consigna como un eje central <a class=\"mh-excerpt-more\" href=\"http:\/\/dsrmedios.com.ar\/diario\/archivos\/36572\" title=\"Con un panorama que inquieta en el interior del pa\u00eds, el oficialismo se aferra cada vez m\u00e1s a la provincia de Buenos Aires\">[Leer m\u00e1s]<\/a><\/p>\n<\/div>","protected":false},"author":8,"featured_media":36573,"comment_status":"open","ping_status":"closed","sticky":false,"template":"","format":"standard","meta":{"_jetpack_newsletter_access":""},"categories":[6],"tags":[],"jetpack_featured_media_url":"http:\/\/dsrmedios.com.ar\/diario\/wp-content\/uploads\/2023\/07\/descarga-6.jpg","jetpack_sharing_enabled":true,"jetpack_shortlink":"https:\/\/wp.me\/p9fihK-9vS","_links":{"self":[{"href":"http:\/\/dsrmedios.com.ar\/diario\/wp-json\/wp\/v2\/posts\/36572"}],"collection":[{"href":"http:\/\/dsrmedios.com.ar\/diario\/wp-json\/wp\/v2\/posts"}],"about":[{"href":"http:\/\/dsrmedios.com.ar\/diario\/wp-json\/wp\/v2\/types\/post"}],"author":[{"embeddable":true,"href":"http:\/\/dsrmedios.com.ar\/diario\/wp-json\/wp\/v2\/users\/8"}],"replies":[{"embeddable":true,"href":"http:\/\/dsrmedios.com.ar\/diario\/wp-json\/wp\/v2\/comments?post=36572"}],"version-history":[{"count":1,"href":"http:\/\/dsrmedios.com.ar\/diario\/wp-json\/wp\/v2\/posts\/36572\/revisions"}],"predecessor-version":[{"id":36574,"href":"http:\/\/dsrmedios.com.ar\/diario\/wp-json\/wp\/v2\/posts\/36572\/revisions\/36574"}],"wp:featuredmedia":[{"embeddable":true,"href":"http:\/\/dsrmedios.com.ar\/diario\/wp-json\/wp\/v2\/media\/36573"}],"wp:attachment":[{"href":"http:\/\/dsrmedios.com.ar\/diario\/wp-json\/wp\/v2\/media?parent=36572"}],"wp:term":[{"taxonomy":"category","embeddable":true,"href":"http:\/\/dsrmedios.com.ar\/diario\/wp-json\/wp\/v2\/categories?post=36572"},{"taxonomy":"post_tag","embeddable":true,"href":"http:\/\/dsrmedios.com.ar\/diario\/wp-json\/wp\/v2\/tags?post=36572"}],"curies":[{"name":"wp","href":"https:\/\/api.w.org\/{rel}","templated":true}]}}