{"id":36569,"date":"2023-07-04T10:05:42","date_gmt":"2023-07-04T13:05:42","guid":{"rendered":"http:\/\/dsrmedios.com.ar\/diario\/?p=36569"},"modified":"2023-07-04T10:05:46","modified_gmt":"2023-07-04T13:05:46","slug":"se-filtro-la-que-seria-la-proxima-camiseta-de-boca-y-desperto-polemica-entre-los-hinchas","status":"publish","type":"post","link":"http:\/\/dsrmedios.com.ar\/diario\/archivos\/36569","title":{"rendered":"Se filtr\u00f3 la que ser\u00eda la pr\u00f3xima camiseta de Boca y despert\u00f3 pol\u00e9mica entre los hinchas"},"content":{"rendered":"\n<p>El hist\u00f3rico sitio&nbsp;<strong>Footy&nbsp;Headlines&nbsp;<\/strong>volvi\u00f3 a&nbsp;adelantar una camiseta de f\u00fatbol y gener\u00f3 un gran revuelo en las redes sociales.<\/p>\n\n\n\n<p>En este caso, el anticipo involucra a&nbsp;<a href=\"https:\/\/www.canal26.com\/tag\/boca-juniors--546\" target=\"_blank\" rel=\"noreferrer noopener\">Boca<\/a>&nbsp;y los hinchas no tardaron en dar su opini\u00f3n al respecto a la equipaci\u00f3n&nbsp;que&nbsp;<strong>tendr\u00e1 una notorias diferencias con respecto a la actual equipaci\u00f3n titular.<\/strong><\/p>\n\n\n\n<p>Se trata de una casaca que&nbsp;muestra una variaci\u00f3n de&nbsp;<strong>distintas tonalidades de azul,<\/strong>&nbsp;el color principal de la camiseta, con la cl\u00e1sica franja horizontal amarilla, aunque tambi\u00e9n tendr\u00eda unas l\u00edneas del mismo color que la franja a los costados de la casaca.&nbsp;<strong>El logo de&nbsp;<a href=\"https:\/\/www.canal26.com\/tag\/adidas--13779\" target=\"_blank\" rel=\"noreferrer noopener\">Adidas<\/a>&nbsp;y las tres tiras ser\u00e1n de color amarillo.<\/strong><\/p>\n\n\n\n<p><img decoding=\"async\" src=\"https:\/\/www.canal26.com\/media\/image\/2023\/07\/03\/550206.jpg\" alt=\"Posible nueva camiseta de Boca para la pr\u00f3xima temporada. Foto:  Footy Headlines.\"><strong><em>Posible nueva camiseta de Boca para la pr\u00f3xima temporada. Foto: Footy Headlines.<\/em><\/strong><\/p>\n\n\n\n<p>Tambi\u00e9n estar\u00edan presentes en el frente y la espalda los dos sponsors principales del club:&nbsp;<strong>Betsson<\/strong>, en el centro de la remera, y<strong>&nbsp;DirecTV<\/strong>&nbsp;en la parte baja de la espalda. Adem\u00e1s, la leyenda &#8220;<strong>Xeneize&#8221;<\/strong>&nbsp;se podr\u00e1 ver debajo de la nuca en un vivo color amarillo.<\/p>\n\n\n\n<h2>La opini\u00f3n de los hinchas<\/h2>\n\n\n\n<p>En las redes sociales, distintas cuentas se expresaron y&nbsp;<strong>generaron fuertes reacciones en los hinchas.<\/strong><\/p>\n\n\n\n<p><img decoding=\"async\" src=\"https:\/\/www.canal26.com\/media\/image\/2023\/07\/03\/550207.jpg\" alt=\"Posible nueva camiseta de Boca para la pr\u00f3xima temporada. Foto:  Footy Headlines.\"><strong><em>Posible nueva camiseta de Boca para la pr\u00f3xima temporada. Foto: Footy Headlines.<\/em><\/strong><\/p>\n\n\n\n<p>Comentarios como\u00a0<strong>\u201cMuy buena la versi\u00f3n trucha.<\/strong>\u00a0Ahora, \u00bfcu\u00e1l ser\u00eda la de verdad?\u201d,\u00a0<strong>\u201cSi es esa, hay que\u00a0rescindirles\u00a0el contrato ya mismo\u201d<\/strong>, \u201cAcorde a c\u00f3mo juega el equipo de Almir\u00f3n\u201d, \u201c<strong>Parece de entrenamiento<\/strong>\u201d y \u201cRara. No s\u00e9 si me gusta o no.\u00a0<strong>Voy a esperar a ver c\u00f3mo le queda a Marcos Rojo para decidir\u201d,<\/strong>\u00a0fueron los publicados por los hinchas de Boca en cuanto se filtr\u00f3 el posible modelo.<\/p>\n\n\n\n<p>Fuente: Cadena26<\/p>\n","protected":false},"excerpt":{"rendered":"<div class=\"mh-excerpt\"><p>El hist\u00f3rico sitio&nbsp;Footy&nbsp;Headlines&nbsp;volvi\u00f3 a&nbsp;adelantar una camiseta de f\u00fatbol y gener\u00f3 un gran revuelo en las redes sociales. En este caso, el anticipo involucra a&nbsp;Boca&nbsp;y los hinchas no tardaron en dar su opini\u00f3n al respecto a la equipaci\u00f3n&nbsp;que&nbsp;tendr\u00e1 una notorias diferencias con respecto a la actual equipaci\u00f3n titular. Se trata de una casaca que&nbsp;muestra una variaci\u00f3n de&nbsp;distintas tonalidades de azul,&nbsp;el color principal de la camiseta, con la cl\u00e1sica franja horizontal amarilla, aunque tambi\u00e9n tendr\u00eda unas l\u00edneas del mismo color que la franja a los costados de la casaca.&nbsp;El logo de&nbsp;Adidas&nbsp;y las tres tiras ser\u00e1n de color amarillo. Posible nueva camiseta de <a class=\"mh-excerpt-more\" href=\"http:\/\/dsrmedios.com.ar\/diario\/archivos\/36569\" title=\"Se filtr\u00f3 la que ser\u00eda la pr\u00f3xima camiseta de Boca y despert\u00f3 pol\u00e9mica entre los hinchas\">[Leer m\u00e1s]<\/a><\/p>\n<\/div>","protected":false},"author":8,"featured_media":36570,"comment_status":"open","ping_status":"closed","sticky":false,"template":"","format":"standard","meta":{"_jetpack_newsletter_access":""},"categories":[2],"tags":[],"jetpack_featured_media_url":"http:\/\/dsrmedios.com.ar\/diario\/wp-content\/uploads\/2023\/07\/f608x342-1435980_1465703_15.webp","jetpack_sharing_enabled":true,"jetpack_shortlink":"https:\/\/wp.me\/p9fihK-9vP","_links":{"self":[{"href":"http:\/\/dsrmedios.com.ar\/diario\/wp-json\/wp\/v2\/posts\/36569"}],"collection":[{"href":"http:\/\/dsrmedios.com.ar\/diario\/wp-json\/wp\/v2\/posts"}],"about":[{"href":"http:\/\/dsrmedios.com.ar\/diario\/wp-json\/wp\/v2\/types\/post"}],"author":[{"embeddable":true,"href":"http:\/\/dsrmedios.com.ar\/diario\/wp-json\/wp\/v2\/users\/8"}],"replies":[{"embeddable":true,"href":"http:\/\/dsrmedios.com.ar\/diario\/wp-json\/wp\/v2\/comments?post=36569"}],"version-history":[{"count":1,"href":"http:\/\/dsrmedios.com.ar\/diario\/wp-json\/wp\/v2\/posts\/36569\/revisions"}],"predecessor-version":[{"id":36571,"href":"http:\/\/dsrmedios.com.ar\/diario\/wp-json\/wp\/v2\/posts\/36569\/revisions\/36571"}],"wp:featuredmedia":[{"embeddable":true,"href":"http:\/\/dsrmedios.com.ar\/diario\/wp-json\/wp\/v2\/media\/36570"}],"wp:attachment":[{"href":"http:\/\/dsrmedios.com.ar\/diario\/wp-json\/wp\/v2\/media?parent=36569"}],"wp:term":[{"taxonomy":"category","embeddable":true,"href":"http:\/\/dsrmedios.com.ar\/diario\/wp-json\/wp\/v2\/categories?post=36569"},{"taxonomy":"post_tag","embeddable":true,"href":"http:\/\/dsrmedios.com.ar\/diario\/wp-json\/wp\/v2\/tags?post=36569"}],"curies":[{"name":"wp","href":"https:\/\/api.w.org\/{rel}","templated":true}]}}