{"id":36566,"date":"2023-07-04T10:03:59","date_gmt":"2023-07-04T13:03:59","guid":{"rendered":"http:\/\/dsrmedios.com.ar\/diario\/?p=36566"},"modified":"2023-07-04T10:04:02","modified_gmt":"2023-07-04T13:04:02","slug":"lula-da-silva-sanciono-una-ley-de-igualdad-salarial-para-hombres-y-mujeres-en-el-mismo-cargo","status":"publish","type":"post","link":"http:\/\/dsrmedios.com.ar\/diario\/archivos\/36566","title":{"rendered":"Lula da Silva sancion\u00f3 una ley de igualdad salarial para hombres y mujeres en el mismo cargo"},"content":{"rendered":"\n<p>El presidente brasile\u00f1o,&nbsp;<a href=\"https:\/\/www.canal26.com\/internacionales\/lula-da-silva-insto-a-dejar-la-arrogancia-de-lado-para-negociar-un-acuerdo-entre-el-mercosur-y-la-union-europea--345306\" target=\"_blank\" rel=\"noreferrer noopener\"><strong>Luiz In\u00e1cio Lula da Silva<\/strong><\/a>, sancion\u00f3 este lunes una ley que establece la&nbsp;<strong>igualdad salarial<\/strong>&nbsp;para&nbsp;<strong>hombres y mujeres<\/strong>&nbsp;que desempe\u00f1en las mismas funciones en&nbsp;<a href=\"https:\/\/www.canal26.com\/internacionales\/irremplazable-jair-bolsonaro-aseguro-que-todavia-no-hay-nadie-con-sello-para-sustituirlo-en-su-cargo--346020\" target=\"_blank\" rel=\"noreferrer noopener\"><strong>Brasil<\/strong><\/a>. Adem\u00e1s, asegur\u00f3 que el Gobierno garantizar\u00e1 que sea cumplida a &#8220;<strong>rajatabla<\/strong>&#8220;.<\/p>\n\n\n\n<p>El actual mandatario brasile\u00f1o reconoci\u00f3 que en algunos sectores empresariales existen ciertos recelos frente a la nueva legislaci\u00f3n, pero advirti\u00f3 de que, una vez que ya entr\u00f3 en vigor, la ley&nbsp;<strong>no podr\u00e1 ser &#8220;violada&#8221; ni &#8220;burlada&#8221;<\/strong>.<\/p>\n\n\n\n<blockquote class=\"wp-block-quote\">\n<p>&#8220;Sepan que este Gobierno har\u00e1 cumplir esa ley&#8221;, declar\u00f3 Lula da Silva, en un acto celebrado en Brasilia.<\/p>\n<\/blockquote>\n\n\n\n<p>Asimismo, pidi\u00f3 a hombres y mujeres denunciar todo incumplimiento de la legislaci\u00f3n y asegur\u00f3 que es preciso que &#8220;todos los seres humanos empiecen a indignarse frente a la desigualdad, porque&nbsp;<strong>la desigualdad no es normal<\/strong>&#8220;.<\/p>\n\n\n\n<p><img decoding=\"async\" src=\"https:\/\/www.canal26.com\/media\/image\/2023\/07\/03\/550186.jpg\" alt=\"Lula da Silva asegur\u00f3 que har\u00e1 cumplir a &quot;rajatabla&quot; la ley de igualdad salarial. Foto: Reuters.\"><em><strong><em>Lula da Silva asegur\u00f3 que har\u00e1 cumplir a &#8220;rajatabla&#8221; la ley de igualdad salarial. Foto: Reuters.<\/em><\/strong><\/em><\/p>\n\n\n\n<p>La nueva legislaci\u00f3n modifica la llamada &#8216;<strong>Consolidaci\u00f3n de las Leyes del Trabajo<\/strong>&#8216;, que data de&nbsp;<strong>1943<\/strong>&nbsp;y re\u00fane las normas laborales, para establecer definitivamente la obligatoriedad de la igualdad salarial entre hombres y mujeres que realizan las mismas funciones.<\/p>\n\n\n\n<p>El documento prev\u00e9 mecanismos de&nbsp;<strong>transparencia y remuneraci\u00f3n<\/strong>&nbsp;que deben ser seguidos por las empresas, crea diversas herramientas de fiscalizaci\u00f3n para garantizar su cumplimiento y establece pesadas&nbsp;<strong>multas administrativas para quien viole la ley<\/strong>.<\/p>\n\n\n\n<p>Seg\u00fan censos estatales, las mujeres representan el 51,1% de la poblaci\u00f3n brasile\u00f1a,\u00a0<strong>ganan en torno a un 22 % menos<\/strong>\u00a0y solo ocupan el\u00a0<strong>37% de los cargos directivos en las empresas<\/strong>.<\/p>\n\n\n\n<p>Fuente: Infobae<\/p>\n","protected":false},"excerpt":{"rendered":"<div class=\"mh-excerpt\"><p>El presidente brasile\u00f1o,&nbsp;Luiz In\u00e1cio Lula da Silva, sancion\u00f3 este lunes una ley que establece la&nbsp;igualdad salarial&nbsp;para&nbsp;hombres y mujeres&nbsp;que desempe\u00f1en las mismas funciones en&nbsp;Brasil. Adem\u00e1s, asegur\u00f3 que el Gobierno garantizar\u00e1 que sea cumplida a &#8220;rajatabla&#8220;. El actual mandatario brasile\u00f1o reconoci\u00f3 que en algunos sectores empresariales existen ciertos recelos frente a la nueva legislaci\u00f3n, pero advirti\u00f3 de que, una vez que ya entr\u00f3 en vigor, la ley&nbsp;no podr\u00e1 ser &#8220;violada&#8221; ni &#8220;burlada&#8221;. &#8220;Sepan que este Gobierno har\u00e1 cumplir esa ley&#8221;, declar\u00f3 Lula da Silva, en un acto celebrado en Brasilia. Asimismo, pidi\u00f3 a hombres y mujeres denunciar todo incumplimiento de la legislaci\u00f3n <a class=\"mh-excerpt-more\" href=\"http:\/\/dsrmedios.com.ar\/diario\/archivos\/36566\" title=\"Lula da Silva sancion\u00f3 una ley de igualdad salarial para hombres y mujeres en el mismo cargo\">[Leer m\u00e1s]<\/a><\/p>\n<\/div>","protected":false},"author":8,"featured_media":36567,"comment_status":"open","ping_status":"closed","sticky":false,"template":"","format":"standard","meta":{"_jetpack_newsletter_access":""},"categories":[6],"tags":[],"jetpack_featured_media_url":"http:\/\/dsrmedios.com.ar\/diario\/wp-content\/uploads\/2023\/07\/descarga-5.jpg","jetpack_sharing_enabled":true,"jetpack_shortlink":"https:\/\/wp.me\/p9fihK-9vM","_links":{"self":[{"href":"http:\/\/dsrmedios.com.ar\/diario\/wp-json\/wp\/v2\/posts\/36566"}],"collection":[{"href":"http:\/\/dsrmedios.com.ar\/diario\/wp-json\/wp\/v2\/posts"}],"about":[{"href":"http:\/\/dsrmedios.com.ar\/diario\/wp-json\/wp\/v2\/types\/post"}],"author":[{"embeddable":true,"href":"http:\/\/dsrmedios.com.ar\/diario\/wp-json\/wp\/v2\/users\/8"}],"replies":[{"embeddable":true,"href":"http:\/\/dsrmedios.com.ar\/diario\/wp-json\/wp\/v2\/comments?post=36566"}],"version-history":[{"count":1,"href":"http:\/\/dsrmedios.com.ar\/diario\/wp-json\/wp\/v2\/posts\/36566\/revisions"}],"predecessor-version":[{"id":36568,"href":"http:\/\/dsrmedios.com.ar\/diario\/wp-json\/wp\/v2\/posts\/36566\/revisions\/36568"}],"wp:featuredmedia":[{"embeddable":true,"href":"http:\/\/dsrmedios.com.ar\/diario\/wp-json\/wp\/v2\/media\/36567"}],"wp:attachment":[{"href":"http:\/\/dsrmedios.com.ar\/diario\/wp-json\/wp\/v2\/media?parent=36566"}],"wp:term":[{"taxonomy":"category","embeddable":true,"href":"http:\/\/dsrmedios.com.ar\/diario\/wp-json\/wp\/v2\/categories?post=36566"},{"taxonomy":"post_tag","embeddable":true,"href":"http:\/\/dsrmedios.com.ar\/diario\/wp-json\/wp\/v2\/tags?post=36566"}],"curies":[{"name":"wp","href":"https:\/\/api.w.org\/{rel}","templated":true}]}}