{"id":3653,"date":"2018-01-19T09:08:43","date_gmt":"2018-01-19T12:08:43","guid":{"rendered":"http:\/\/dsrmedios.com.ar\/diario\/?p=3653"},"modified":"2018-01-19T09:08:43","modified_gmt":"2018-01-19T12:08:43","slug":"oficializaron-el-aumento-de-la-energia-electrica-en-la-provincia-de-buenos-aires","status":"publish","type":"post","link":"http:\/\/dsrmedios.com.ar\/diario\/archivos\/3653","title":{"rendered":"Oficializaron el aumento de la energ\u00eda el\u00e9ctrica en la provincia de Buenos Aires"},"content":{"rendered":"<p>El gobierno bonaerense aprob\u00f3 hoy un aumento en las tarifas de electricidad que alcanzar\u00e1 al 32%, tras la modificaci\u00f3n del precio mayorista dispuesto por la Secretaria de Energ\u00eda El\u00e9ctrica de la Naci\u00f3n.<\/p>\n<p>La medida comprende las \u00e1reas R\u00edo de La Plata, \u00c1rea Atl\u00e1ntica, \u00c1rea Norte y \u00c1rea Sur, y fue dispuesta mediante la Resoluci\u00f3n 60\/2018 publicada hoy en el Bolet\u00edn Oficial bonaerense.<\/p>\n<p>La suba es en dos tramos: el aumento del 20% va a ser sobre los consumos de hoy al 31 de enero, y una alza del 10% ser\u00e1 para lo que los usuarios consuman entre el 1 de febrero y el 30 de abril.<\/p>\n<p>fuente:www.aninoticias.com<\/p>\n","protected":false},"excerpt":{"rendered":"<div class=\"mh-excerpt\"><p>El gobierno bonaerense aprob\u00f3 hoy un aumento en las tarifas de electricidad que alcanzar\u00e1 al 32%, tras la modificaci\u00f3n del precio mayorista dispuesto por la Secretaria de Energ\u00eda El\u00e9ctrica de la Naci\u00f3n. La medida comprende las \u00e1reas R\u00edo de La Plata, \u00c1rea Atl\u00e1ntica, \u00c1rea Norte y \u00c1rea Sur, y fue dispuesta mediante la Resoluci\u00f3n 60\/2018 publicada hoy en el Bolet\u00edn Oficial bonaerense. La suba es en dos tramos: el aumento del 20% va a ser sobre los consumos de hoy al 31 de enero, y una alza del 10% ser\u00e1 para lo que los usuarios consuman entre el 1 de <a class=\"mh-excerpt-more\" href=\"http:\/\/dsrmedios.com.ar\/diario\/archivos\/3653\" title=\"Oficializaron el aumento de la energ\u00eda el\u00e9ctrica en la provincia de Buenos Aires\">[Leer m\u00e1s]<\/a><\/p>\n<\/div>","protected":false},"author":5,"featured_media":3654,"comment_status":"open","ping_status":"closed","sticky":false,"template":"","format":"standard","meta":{"_jetpack_newsletter_access":""},"categories":[18,7],"tags":[],"jetpack_featured_media_url":"http:\/\/dsrmedios.com.ar\/diario\/wp-content\/uploads\/2018\/01\/luz_3.jpg","jetpack_sharing_enabled":true,"jetpack_shortlink":"https:\/\/wp.me\/p9fihK-WV","_links":{"self":[{"href":"http:\/\/dsrmedios.com.ar\/diario\/wp-json\/wp\/v2\/posts\/3653"}],"collection":[{"href":"http:\/\/dsrmedios.com.ar\/diario\/wp-json\/wp\/v2\/posts"}],"about":[{"href":"http:\/\/dsrmedios.com.ar\/diario\/wp-json\/wp\/v2\/types\/post"}],"author":[{"embeddable":true,"href":"http:\/\/dsrmedios.com.ar\/diario\/wp-json\/wp\/v2\/users\/5"}],"replies":[{"embeddable":true,"href":"http:\/\/dsrmedios.com.ar\/diario\/wp-json\/wp\/v2\/comments?post=3653"}],"version-history":[{"count":1,"href":"http:\/\/dsrmedios.com.ar\/diario\/wp-json\/wp\/v2\/posts\/3653\/revisions"}],"predecessor-version":[{"id":3655,"href":"http:\/\/dsrmedios.com.ar\/diario\/wp-json\/wp\/v2\/posts\/3653\/revisions\/3655"}],"wp:featuredmedia":[{"embeddable":true,"href":"http:\/\/dsrmedios.com.ar\/diario\/wp-json\/wp\/v2\/media\/3654"}],"wp:attachment":[{"href":"http:\/\/dsrmedios.com.ar\/diario\/wp-json\/wp\/v2\/media?parent=3653"}],"wp:term":[{"taxonomy":"category","embeddable":true,"href":"http:\/\/dsrmedios.com.ar\/diario\/wp-json\/wp\/v2\/categories?post=3653"},{"taxonomy":"post_tag","embeddable":true,"href":"http:\/\/dsrmedios.com.ar\/diario\/wp-json\/wp\/v2\/tags?post=3653"}],"curies":[{"name":"wp","href":"https:\/\/api.w.org\/{rel}","templated":true}]}}