{"id":36490,"date":"2023-07-03T09:44:40","date_gmt":"2023-07-03T12:44:40","guid":{"rendered":"http:\/\/dsrmedios.com.ar\/diario\/?p=36490"},"modified":"2023-07-03T09:44:44","modified_gmt":"2023-07-03T12:44:44","slug":"juntos-por-el-cambio-gano-las-elecciones-en-san-juan-y-termino-con-20-anos-de-hegemonia-peronista","status":"publish","type":"post","link":"http:\/\/dsrmedios.com.ar\/diario\/archivos\/36490","title":{"rendered":"Juntos por el Cambio gan\u00f3 las elecciones en San Juan y termin\u00f3 con 20 a\u00f1os de hegemon\u00eda peronista"},"content":{"rendered":"\n<p>La victoria del candidato de Juntos por el Cambio,&nbsp;<strong>Marcelo Orrego<\/strong>, en las elecciones a gobernador de San Juan represent\u00f3 un batacazo, por lo inesperado de la derrota de un peronismo que hac\u00eda 20 a\u00f1os controlaba la provincia, y por la distancia entre el ganador y sus competidores. Pero tambi\u00e9n represent\u00f3 la victoria de un formato de construcci\u00f3n pol\u00edtico-electoral que se proyecta a la interna nacional que protagonizan&nbsp;<strong>Horacio Rodr\u00edguez Larreta y Patricia Bullrich<\/strong>.<\/p>\n\n\n\n<p>Lo que pas\u00f3 anoche representa la victoria de la receta de apertura, moderaci\u00f3n y di\u00e1logo que expresa el jefe de gobierno porte\u00f1o y que \u00e9l mismo se encarg\u00f3 de resaltar en los discursos y en di\u00e1logo con&nbsp;<strong>Infobae<\/strong>. Tambi\u00e9n expone la derrota de un esquema de poder que ya ven\u00eda sufriendo rupturas, deserciones y una lucha intestina que termin\u00f3 siendo, en los hechos, fatal. Aunque se trate de un universo peque\u00f1o -600 mil electores, poco m\u00e1s de 1,6% del padr\u00f3n del pa\u00eds- reproduce a escala fen\u00f3menos que atraviesan la pol\u00edtica nacional.<\/p>\n\n\n\n<p>Se trata de una luz roja para el peronismo, en momentos en que las distintas l\u00edneas internas parecen confluir detr\u00e1s de la candidatura de unidad en Uni\u00f3n por la Patria de\u00a0<strong>Sergio Massa-Agust\u00edn Rossi\u00a0<\/strong>y un sector del ultracristinismo, de la que encabezan\u00a0<strong>Juan Grabois-Paula Abal Medina<\/strong>. Es que el gobernador\u00a0<strong>Sergio U\u00f1ac\u00a0<\/strong>no logr\u00f3 imponer a su hermano\u00a0<strong>Rub\u00e9n<\/strong>, y perdi\u00f3 ante su rival permanente, el diputado y ex mandatario Jos\u00e9 Luis Gioja.<\/p>\n\n\n\n<p><img decoding=\"async\" loading=\"lazy\" alt=\"San Juan: Marcelo Orrego, la cara de un batacazo pol\u00edtico con proyecci\u00f3n nacional\" height=\"1284\" width=\"1920\" class=\"\" src=\"https:\/\/www.infobae.com\/new-resizer\/TgtCMpeUpG9Pe-sIQZlpRj0SMr4=\/1920x1284\/filters:format(webp):quality(85)\/cloudfront-us-east-1.images.arcpublishing.com\/infobae\/BK3FKQIOW5HZLIPVGIYVVQST7Q.jpg\" srcset=\"https:\/\/www.infobae.com\/new-resizer\/Axv6FK8woDPsnRTny7EoVnUtwcM=\/420x280\/filters:format(webp):quality(85)\/cloudfront-us-east-1.images.arcpublishing.com\/infobae\/BK3FKQIOW5HZLIPVGIYVVQST7Q.jpg 420w,https:\/\/www.infobae.com\/new-resizer\/o2Cw6tdzKR9CnuQooOdzsrtIVtE=\/768x512\/filters:format(webp):quality(85)\/cloudfront-us-east-1.images.arcpublishing.com\/infobae\/BK3FKQIOW5HZLIPVGIYVVQST7Q.jpg 768w,https:\/\/www.infobae.com\/new-resizer\/NZm9AOrBvesmVKrpkyH4rRpserw=\/992x661\/filters:format(webp):quality(85)\/cloudfront-us-east-1.images.arcpublishing.com\/infobae\/BK3FKQIOW5HZLIPVGIYVVQST7Q.jpg 992w,https:\/\/www.infobae.com\/new-resizer\/nOndf66hagH1APnjRLRuvMLNM24=\/1200x800\/filters:format(webp):quality(85)\/cloudfront-us-east-1.images.arcpublishing.com\/infobae\/BK3FKQIOW5HZLIPVGIYVVQST7Q.jpg 1200w,https:\/\/www.infobae.com\/new-resizer\/uoOIV8Ob-j7u5HD_M4DvUjCW7nc=\/1440x960\/filters:format(webp):quality(85)\/cloudfront-us-east-1.images.arcpublishing.com\/infobae\/BK3FKQIOW5HZLIPVGIYVVQST7Q.jpg 1440w\">San Juan: Marcelo Orrego, la cara de un batacazo pol\u00edtico con proyecci\u00f3n nacional<\/p>\n\n\n\n<p>\u201cFue el derrumbe como un castillo de naipes del peronismo de San Juan\u201d, explic\u00f3 a este medio el consultor Carlos Fara, que trabaj\u00f3 en la campa\u00f1a de Orrego. Es que hace cuatro a\u00f1os, el actual gobernador hab\u00eda ganado la elecci\u00f3n por 55,84% de los votos (233.879 sufragios), frente al propio Orrego, que hab\u00eda cosechado el 33,91% (141.428 sufragios).&nbsp;<strong>22 puntos de diferencia.<\/strong><\/p>\n\n\n\n<p>En la elecci\u00f3n de anoche, apareci\u00f3 un escenario completamente nuevo. Con una Ley de Lemas con otro nombre, Jos\u00e9 Luis Gioja, logr\u00f3 algo m\u00e1s de 116 mil votos, mientras que s\u00f3lo 72 mil cosech\u00f3 Rub\u00e9n U\u00f1ac, que hab\u00eda llegado a esa postulaci\u00f3n por decisi\u00f3n de su hermano. El deslucido senador nacional qued\u00f3 al frente del binomio que formaba con Cristian Andino, despu\u00e9s de que la Corte Suprema, en mayo pasado, inhabilitara al gobernador para competir por un nuevo mandato, por considerar que hab\u00eda violado la Constituci\u00f3n provincial. A Orrego lo vot\u00f3 el 49% de los sanjuaninos y a Gioja el 27%.&nbsp;<strong>22 puntos de diferencia.<\/strong><\/p>\n\n\n\n<p><img decoding=\"async\" loading=\"lazy\" alt=\"Sergio U\u00f1ac llam\u00f3 a Marcelo Orrego para felicitarlo y admiti\u00f3 que el peronismo tiene que volver a discutirlo todo\" height=\"640\" width=\"1121\" class=\"\" src=\"https:\/\/www.infobae.com\/new-resizer\/CGe5sbTLtuJaaRAm3xA8uQqXp0A=\/1121x640\/filters:format(webp):quality(85)\/cloudfront-us-east-1.images.arcpublishing.com\/infobae\/PYJYPQX46BA2PG5L74L5V6QO4U.png\" srcset=\"https:\/\/www.infobae.com\/new-resizer\/ZnSItGfhFmM94IIgl4_MedtGcaQ=\/992x606\/filters:format(webp):quality(85)\/cloudfront-us-east-1.images.arcpublishing.com\/infobae\/PYJYPQX46BA2PG5L74L5V6QO4U.png 992w\">Sergio U\u00f1ac llam\u00f3 a Marcelo Orrego para felicitarlo y admiti\u00f3 que el peronismo tiene que volver a discutirlo todo<\/p>\n\n\n\n<p>U\u00f1ac perdi\u00f3 las elecciones m\u00e1s at\u00edpicas que registra la historia de San Juan, ya que s\u00f3lo se vot\u00f3 en la categor\u00eda gobernador. Es que despu\u00e9s del veto de la Corte Suprema, resolvi\u00f3 desdoblar los comicios y elegir el 14 de mayo todos los cargos, menos el del Ejecutivo. Con el resultado puesto, se trat\u00f3 de una mala decisi\u00f3n pol\u00edtica, ya que los intendentes, legisladores, concejales y el resto de integrantes del afiatado aparato peronista no tuvieron est\u00edmulos propios para buscar votos que no fueran suyos, sino de otro.<\/p>\n\n\n\n<p>De hecho, Orrego asumir\u00e1 el 10 de diciembre el gobierno de San Juan y tendr\u00e1 una Legislatura con mayor\u00eda agravada del peronismo. Es que en las elecciones del 14 de mayo, el PJ gan\u00f3 15 de 19 departamentos -salvo la capital provincial que la gan\u00f3 Susana Laciar, de JxC- y se qued\u00f3 con el 70% de las bancas del parlamento.<\/p>\n\n\n\n<h2>Con sello larretista<\/h2>\n\n\n\n<p>El formato larretista no s\u00f3lo fue en la construcci\u00f3n de una propuesta pol\u00edtica competitiva para enfrentar al peronismo \u2013tanto el oficial de U\u00f1ac, como el blue de Gioja- sino en la propia personalidad de Orrego, que se expres\u00f3 anoche en sus discursos. \u201cHay muchas cosas que se han hecho bien, pero hay muchas cosas que cambiar. Y a m\u00ed no me va a temblar las manos para hacer las cosas que hay que hacer. Los cambios que se vienen son cambios con certezas\u201d, dijo el futuro gobernador. Antes, hab\u00eda manifestado: \u201cSabemos que no nos regalaron la confianza, nos la prestaron. Este gobernador va a trabajar absolutamente con todos, sin distinci\u00f3n de ideolog\u00eda pol\u00edtica. He venido a la pol\u00edtica a trabajar, cumplir y hacer\u201d. Un mensaje que no apunt\u00f3 a la ruptura ni a la confrontaci\u00f3n y la disputa.<\/p>\n\n\n\n<p><img decoding=\"async\" loading=\"lazy\" alt=\"Gioja le gan\u00f3 la interna al gobernador U\u00f1ac, que qued\u00f3 tercero en la general\" height=\"957\" width=\"1439\" class=\"\" src=\"https:\/\/www.infobae.com\/new-resizer\/O1XZU0SIVpCuBmuA0on4FmfQ3vw=\/1439x957\/filters:format(webp):quality(85)\/cloudfront-us-east-1.images.arcpublishing.com\/infobae\/OU5WIOIPMNCYZKJBDOHFZMCVVA.jpeg\" srcset=\"https:\/\/www.infobae.com\/new-resizer\/8VY-95n8gySRZy5aKauN-DLZiF0=\/420x280\/filters:format(webp):quality(85)\/cloudfront-us-east-1.images.arcpublishing.com\/infobae\/OU5WIOIPMNCYZKJBDOHFZMCVVA.jpeg 420w,https:\/\/www.infobae.com\/new-resizer\/Itl050SIQjlRPMR826b-ewvD0wk=\/768x512\/filters:format(webp):quality(85)\/cloudfront-us-east-1.images.arcpublishing.com\/infobae\/OU5WIOIPMNCYZKJBDOHFZMCVVA.jpeg 768w,https:\/\/www.infobae.com\/new-resizer\/r5sB1mCYSWONQY9koBGccjEhbD8=\/992x661\/filters:format(webp):quality(85)\/cloudfront-us-east-1.images.arcpublishing.com\/infobae\/OU5WIOIPMNCYZKJBDOHFZMCVVA.jpeg 992w,https:\/\/www.infobae.com\/new-resizer\/9UBh6WtBHGQLnsloNUrhkmTAQ7I=\/1200x800\/filters:format(webp):quality(85)\/cloudfront-us-east-1.images.arcpublishing.com\/infobae\/OU5WIOIPMNCYZKJBDOHFZMCVVA.jpeg 1200w,https:\/\/www.infobae.com\/new-resizer\/lWwe-EVNCDJMrVhDeVx038T9H7g=\/1440x960\/filters:format(webp):quality(85)\/cloudfront-us-east-1.images.arcpublishing.com\/infobae\/OU5WIOIPMNCYZKJBDOHFZMCVVA.jpeg 1440w\">Gioja le gan\u00f3 la interna al gobernador U\u00f1ac, que qued\u00f3 tercero en la general<\/p>\n\n\n\n<p>\u201cEl de Marcelo Orrego es el triunfo del trabajo. Pero sobre todo es el triunfo del cambio, despu\u00e9s de 20 a\u00f1os de peronismo. Como ocurri\u00f3 en San Luis, ac\u00e1 tambi\u00e9n. Los sanjuaninos quieren un cambio y ya lo ven\u00edamos viendo. Trabajamos juntos hace varios a\u00f1os. Recorr\u00ed con Marcelo varias veces la provincia y lo not\u00e1bamos. El tercer factor es que se trat\u00f3 de un triunfo del concepto de sumar, de ampliarnos\u201d, dijo Larreta a&nbsp;<strong>Infobae<\/strong>.<\/p>\n\n\n\n<p>Es relevante lo que sugiere esa frase, como contracara de la estrategia que proponen Patricia Bullrich y Mauricio Macri \u2013que felicitaron por Twitter- quienes se opusieron a la ampliaci\u00f3n cuando apareci\u00f3 la posibilidad de confluir con el peronista cordob\u00e9s Juan Schiaretti.<\/p>\n\n\n\n<p>Para que no quedaran dudas, Larreta subi\u00f3 al escenario junto a todos sus candidatos que son, al mismo tiempo, presidentes de los partidos que integran Juntos por el Cambio. Miguel \u00c1ngel Pichetto, del peronismo republicano, Maximiliano Ferraro de la Coalici\u00f3n C\u00edvica, y Jos\u00e9 Luis Espert, fueron s\u00f3lo algunos. Pero la nota la dio el senador Mart\u00edn Lousteau, que enfrenta a Jorge Macri como el candidato a jefe de gobierno porte\u00f1o por el radicalismo.<\/p>\n\n\n\n<p><img decoding=\"async\" loading=\"lazy\" alt=\"El tuit de Lousteau que public\u00f3 con la foto que comparti\u00f3 con Larreta, Orrego y Espert\" height=\"768\" width=\"1024\" class=\"\" src=\"https:\/\/www.infobae.com\/new-resizer\/oja741SOj1pf-4pFsChs0cpeiig=\/1024x768\/filters:format(webp):quality(85)\/cloudfront-us-east-1.images.arcpublishing.com\/infobae\/JLLCCGM45NBQDCQORRDWN7ZHCE.jpg\" srcset=\"https:\/\/www.infobae.com\/new-resizer\/Dhb8Jo5j2e7GUTCh7oqFP4Rra4c=\/420x315\/filters:format(webp):quality(85)\/cloudfront-us-east-1.images.arcpublishing.com\/infobae\/JLLCCGM45NBQDCQORRDWN7ZHCE.jpg 420w,https:\/\/www.infobae.com\/new-resizer\/dqci3qb7IKwtaOsiZ1F2uMjX3ZQ=\/768x576\/filters:format(webp):quality(85)\/cloudfront-us-east-1.images.arcpublishing.com\/infobae\/JLLCCGM45NBQDCQORRDWN7ZHCE.jpg 768w,https:\/\/www.infobae.com\/new-resizer\/I7c6qNkmy6NE1APWYsVUVt5FFuc=\/992x744\/filters:format(webp):quality(85)\/cloudfront-us-east-1.images.arcpublishing.com\/infobae\/JLLCCGM45NBQDCQORRDWN7ZHCE.jpg 992w,https:\/\/www.infobae.com\/new-resizer\/jT-WcliF2mOsf6vCLmXirWSilPs=\/1200x900\/filters:format(webp):quality(85)\/cloudfront-us-east-1.images.arcpublishing.com\/infobae\/JLLCCGM45NBQDCQORRDWN7ZHCE.jpg 1200w,https:\/\/www.infobae.com\/new-resizer\/VoaR1llNw9Soke_gE8mL9ardQnQ=\/1440x1080\/filters:format(webp):quality(85)\/cloudfront-us-east-1.images.arcpublishing.com\/infobae\/JLLCCGM45NBQDCQORRDWN7ZHCE.jpg 1440w\">El tuit de Lousteau que public\u00f3 con la foto que comparti\u00f3 con Larreta, Orrego y Espert<\/p>\n\n\n\n<p>El batacazo de San Juan se anota en la misma l\u00ednea que el de Claudio Poggi en San Luis, que destron\u00f3 40 a\u00f1os de hegemon\u00eda del clan Rodr\u00edguez S\u00e1a, de Rodolfo \u201cRolo\u201d Figueroa, que hizo lo mismo con apoyo de Larreta \u2013tambi\u00e9n de sectores ligados al massismo y otros sectores minoritarios peronistas- en Neuqu\u00e9n. Y, hace pocas semanas, con la derrota en Chaco de Jorge Capitanich.<\/p>\n\n\n\n<p>Se trata de los \u00fanicos distritos donde hubo derrotas del oficialismo. La mayor\u00eda, del peronismo.<\/p>\n\n\n\n<p>Por delante se vienen dos elecciones clave para la interna de Juntos por el Cambio: el domingo 16 hay PASO en Santa Fe y all\u00ed la discusi\u00f3n central es entre Carolina Losada, que es apoyada por Patricia Bullrich, y Maximiliano Pullaro, que tiene el respaldo de Rodr\u00edguez Larreta. Y el 30, el senado Nacho Torres -que tiene aval de los dos- competir\u00e1 por la gobernaci\u00f3n de Chubut, con serias chances de \u00e9xito. San Juan, Santa Fe y Chubut puede ser una seguidilla a favor de la oposici\u00f3n, pero tambi\u00e9n que puede inclinar la balanza de manera decisiva en la puja de JxC.<\/p>\n\n\n\n<p>Y, el \u00faltimo dato: los candidatos de Javier Milei volvieron a decepcionar: los tres, sumados, sacaron apenas el 3%. La cara del precandidato presidencial en las boletas no los ayudaron a sumar voluntades. Apenas consiguieron 16 mil votos de 428 mil votos.<\/p>\n\n\n\n<figure class=\"wp-block-image\"><img decoding=\"async\" src=\"https:\/\/www.infobae.com\/new-resizer\/CAFUZ7HgcyWniiOUvYVq8OKTzU0=\/1920x1080\/filters:format(webp):quality(85)\/cloudfront-us-east-1.images.arcpublishing.com\/infobae\/TCU5LRPJV5HQZGQ6E34M4K3EWU.jpeg\" alt=\"infobae\"\/><\/figure>\n\n\n\n<p>Fuente: Infobae<\/p>\n","protected":false},"excerpt":{"rendered":"<div class=\"mh-excerpt\"><p>La victoria del candidato de Juntos por el Cambio,&nbsp;Marcelo Orrego, en las elecciones a gobernador de San Juan represent\u00f3 un batacazo, por lo inesperado de la derrota de un peronismo que hac\u00eda 20 a\u00f1os controlaba la provincia, y por la distancia entre el ganador y sus competidores. Pero tambi\u00e9n represent\u00f3 la victoria de un formato de construcci\u00f3n pol\u00edtico-electoral que se proyecta a la interna nacional que protagonizan&nbsp;Horacio Rodr\u00edguez Larreta y Patricia Bullrich. Lo que pas\u00f3 anoche representa la victoria de la receta de apertura, moderaci\u00f3n y di\u00e1logo que expresa el jefe de gobierno porte\u00f1o y que \u00e9l mismo se encarg\u00f3 <a class=\"mh-excerpt-more\" href=\"http:\/\/dsrmedios.com.ar\/diario\/archivos\/36490\" title=\"Juntos por el Cambio gan\u00f3 las elecciones en San Juan y termin\u00f3 con 20 a\u00f1os de hegemon\u00eda peronista\">[Leer m\u00e1s]<\/a><\/p>\n<\/div>","protected":false},"author":8,"featured_media":36491,"comment_status":"open","ping_status":"closed","sticky":false,"template":"","format":"standard","meta":{"_jetpack_newsletter_access":""},"categories":[6],"tags":[],"jetpack_featured_media_url":"http:\/\/dsrmedios.com.ar\/diario\/wp-content\/uploads\/2023\/07\/5O4QK7TOFVDRVOAQOZ6VXIUASQ.jpg","jetpack_sharing_enabled":true,"jetpack_shortlink":"https:\/\/wp.me\/p9fihK-9uy","_links":{"self":[{"href":"http:\/\/dsrmedios.com.ar\/diario\/wp-json\/wp\/v2\/posts\/36490"}],"collection":[{"href":"http:\/\/dsrmedios.com.ar\/diario\/wp-json\/wp\/v2\/posts"}],"about":[{"href":"http:\/\/dsrmedios.com.ar\/diario\/wp-json\/wp\/v2\/types\/post"}],"author":[{"embeddable":true,"href":"http:\/\/dsrmedios.com.ar\/diario\/wp-json\/wp\/v2\/users\/8"}],"replies":[{"embeddable":true,"href":"http:\/\/dsrmedios.com.ar\/diario\/wp-json\/wp\/v2\/comments?post=36490"}],"version-history":[{"count":1,"href":"http:\/\/dsrmedios.com.ar\/diario\/wp-json\/wp\/v2\/posts\/36490\/revisions"}],"predecessor-version":[{"id":36492,"href":"http:\/\/dsrmedios.com.ar\/diario\/wp-json\/wp\/v2\/posts\/36490\/revisions\/36492"}],"wp:featuredmedia":[{"embeddable":true,"href":"http:\/\/dsrmedios.com.ar\/diario\/wp-json\/wp\/v2\/media\/36491"}],"wp:attachment":[{"href":"http:\/\/dsrmedios.com.ar\/diario\/wp-json\/wp\/v2\/media?parent=36490"}],"wp:term":[{"taxonomy":"category","embeddable":true,"href":"http:\/\/dsrmedios.com.ar\/diario\/wp-json\/wp\/v2\/categories?post=36490"},{"taxonomy":"post_tag","embeddable":true,"href":"http:\/\/dsrmedios.com.ar\/diario\/wp-json\/wp\/v2\/tags?post=36490"}],"curies":[{"name":"wp","href":"https:\/\/api.w.org\/{rel}","templated":true}]}}