{"id":3649,"date":"2018-01-19T09:06:37","date_gmt":"2018-01-19T12:06:37","guid":{"rendered":"http:\/\/dsrmedios.com.ar\/diario\/?p=3649"},"modified":"2018-01-19T09:06:37","modified_gmt":"2018-01-19T12:06:37","slug":"la-federacion-de-cooperativas-de-trabajo-pidio-una-reunion-con-la-gobernadora-vidal","status":"publish","type":"post","link":"http:\/\/dsrmedios.com.ar\/diario\/archivos\/3649","title":{"rendered":"La Federaci\u00f3n de Cooperativas de Trabajo pidi\u00f3 una reuni\u00f3n con la Gobernadora Vidal"},"content":{"rendered":"<p>La Federaci\u00f3n de Cooperativas de Trabajo de la Rep\u00fablica Argentina (Fecootra), integrante de Conarcoop, pidi\u00f3 audiencia con la gobernadora de la provincia de Buenos Aires, Mar\u00eda Eugenia Vidal, con el fin de poder informarla sobre la realidad de las cooperativas de trabajo de la provincia, en relaci\u00f3n al pago del impuesto de Ingresos Brutos.<\/p>\n<p>Seg\u00fan inform\u00f3 la Fecootra, el pedido se hizo a trav\u00e9s de su presidente, Cristian Horton, y su secretario de Integraci\u00f3n, Ramiro Mart\u00ednez, Fecootra en el marco de la reforma tributaria que modific\u00f3 un art\u00edculo del C\u00f3digo Fiscal, cambiando el car\u00e1cter de las cooperativas de \u201cno alcanzadas\u201d por el impuesto a los Ingresos Brutos, por el de \u201cexentas\u201d.<\/p>\n<p>En ese sentido, se plante\u00f3 que si bien los ingresos por la actividad desarrollada por sus asociados est\u00e1n exentos, \u201cno ocurre lo mismo con el resto de los ingresos obtenidos por las mismas por incorporaci\u00f3n de otros insumos, productos o servicios\u201d.<\/p>\n<p>Esta modificaci\u00f3n &#8220;afectar\u00eda el funcionamiento y desarrollo&#8221; de este sector &#8220;que emplea a cientos de miles de trabajadores&#8221; y que, &#8220;con una din\u00e1mica solidaria y asociativa, ha crecido y brindado fuentes de empleo a amplios sectores de la producci\u00f3n&#8221;, seg\u00fan indic\u00f3 la Fecootra.<\/p>\n<p>El pedido de reuni\u00f3n, respaldado por otras organizaciones del sector, como Cooperar, Coninagro y FACC, pretende dar &#8220;un claro panorama a la gobernadora de la situaci\u00f3n del cooperativismo de trabajadores bonaerenses&#8221;. &#8220;No se debe variar la situaci\u00f3n impositiva de las cooperativas que no deber\u00edan verse alcanzadas por el impuesto a los ingresos brutos\u201d, plantearon.<\/p>\n<p>La Confederaci\u00f3n Argentina de Trabajadores Cooperativos Asociados (Conarcoop) est\u00e1 integrada por 10 federaciones de cooperativas nacionales.<\/p>\n<p>fuente:www.aninoticias.com<\/p>\n","protected":false},"excerpt":{"rendered":"<div class=\"mh-excerpt\"><p>La Federaci\u00f3n de Cooperativas de Trabajo de la Rep\u00fablica Argentina (Fecootra), integrante de Conarcoop, pidi\u00f3 audiencia con la gobernadora de la provincia de Buenos Aires, Mar\u00eda Eugenia Vidal, con el fin de poder informarla sobre la realidad de las cooperativas de trabajo de la provincia, en relaci\u00f3n al pago del impuesto de Ingresos Brutos. Seg\u00fan inform\u00f3 la Fecootra, el pedido se hizo a trav\u00e9s de su presidente, Cristian Horton, y su secretario de Integraci\u00f3n, Ramiro Mart\u00ednez, Fecootra en el marco de la reforma tributaria que modific\u00f3 un art\u00edculo del C\u00f3digo Fiscal, cambiando el car\u00e1cter de las cooperativas de \u201cno alcanzadas\u201d <a class=\"mh-excerpt-more\" href=\"http:\/\/dsrmedios.com.ar\/diario\/archivos\/3649\" title=\"La Federaci\u00f3n de Cooperativas de Trabajo pidi\u00f3 una reuni\u00f3n con la Gobernadora Vidal\">[Leer m\u00e1s]<\/a><\/p>\n<\/div>","protected":false},"author":5,"featured_media":3651,"comment_status":"open","ping_status":"closed","sticky":false,"template":"","format":"standard","meta":{"_jetpack_newsletter_access":""},"categories":[18,7],"tags":[],"jetpack_featured_media_url":"http:\/\/dsrmedios.com.ar\/diario\/wp-content\/uploads\/2018\/01\/federaccoop.jpg","jetpack_sharing_enabled":true,"jetpack_shortlink":"https:\/\/wp.me\/p9fihK-WR","_links":{"self":[{"href":"http:\/\/dsrmedios.com.ar\/diario\/wp-json\/wp\/v2\/posts\/3649"}],"collection":[{"href":"http:\/\/dsrmedios.com.ar\/diario\/wp-json\/wp\/v2\/posts"}],"about":[{"href":"http:\/\/dsrmedios.com.ar\/diario\/wp-json\/wp\/v2\/types\/post"}],"author":[{"embeddable":true,"href":"http:\/\/dsrmedios.com.ar\/diario\/wp-json\/wp\/v2\/users\/5"}],"replies":[{"embeddable":true,"href":"http:\/\/dsrmedios.com.ar\/diario\/wp-json\/wp\/v2\/comments?post=3649"}],"version-history":[{"count":1,"href":"http:\/\/dsrmedios.com.ar\/diario\/wp-json\/wp\/v2\/posts\/3649\/revisions"}],"predecessor-version":[{"id":3652,"href":"http:\/\/dsrmedios.com.ar\/diario\/wp-json\/wp\/v2\/posts\/3649\/revisions\/3652"}],"wp:featuredmedia":[{"embeddable":true,"href":"http:\/\/dsrmedios.com.ar\/diario\/wp-json\/wp\/v2\/media\/3651"}],"wp:attachment":[{"href":"http:\/\/dsrmedios.com.ar\/diario\/wp-json\/wp\/v2\/media?parent=3649"}],"wp:term":[{"taxonomy":"category","embeddable":true,"href":"http:\/\/dsrmedios.com.ar\/diario\/wp-json\/wp\/v2\/categories?post=3649"},{"taxonomy":"post_tag","embeddable":true,"href":"http:\/\/dsrmedios.com.ar\/diario\/wp-json\/wp\/v2\/tags?post=3649"}],"curies":[{"name":"wp","href":"https:\/\/api.w.org\/{rel}","templated":true}]}}