{"id":3641,"date":"2018-01-18T10:27:26","date_gmt":"2018-01-18T13:27:26","guid":{"rendered":"http:\/\/dsrmedios.com.ar\/diario\/?p=3641"},"modified":"2018-01-18T10:27:26","modified_gmt":"2018-01-18T13:27:26","slug":"inauguran-la-muestra-epecuen-el-agua-revelada","status":"publish","type":"post","link":"http:\/\/dsrmedios.com.ar\/diario\/archivos\/3641","title":{"rendered":"Inauguran la muestra \u201cEpecu\u00e9n, el agua revelada\u201d"},"content":{"rendered":"<p>Luego se su presentaci\u00f3n en Quilmes, la Muestra fotogr\u00e1fica colectiva \u201cEpecu\u00e9n, el agua revelada\u201d llega a Carhu\u00e9 para que locales y turistas puedan apreciarla. Se inaugurar\u00e1 el viernes a las 20hs en la Casa de la Cultura.<br \/>\nLa muestra de varios autores est\u00e1 conformada por:Natalia Garc\u00eda, Mar\u00eda Alejandra D&#8217;Alessandria, Jhonatan Velasquez, Mar\u00eda Belen Doncel, Micaela Yurquina y Constanza Sansone en donde plasman su mirada en bellas fotograf\u00edas cada una particularmente diferente.<br \/>\n&#8220;Podemos ver a Villa Epecu\u00e9n como un pueblo en ruinas, que no escuch\u00f3 la brisa de la naturaleza o podemos ver a Epecu\u00e9n como un pueblo que despu\u00e9s de 30 a\u00f1os fue liberado por el agua para dejar al descubierto sus cimientos y de ah\u00ed devolverle el esp\u00edritu al pueblo.&#8221; expres\u00f3 en la primera presentaci\u00f3n Mar\u00eda Alejandra D&#8217;Alessandria<br \/>\nLa muestra combina el registro fotogr\u00e1fico con una breve rese\u00f1a en el que cada una de los autores expresa sensaciones y puntos de vista del momento.<br \/>\nLuego de su debut la prensa la calific\u00f3 como una \u201cmuestra at\u00edpica\u201d y destac\u00f3 que \u201cse aprecia desde lo abstracto hasta el mismo reflejo de los objetos en el agua d\u00e1ndoles as\u00ed un efecto cristal\u201d.<br \/>\nSe podr\u00e1 visitar este s\u00e1bado y domingo de 19 a 21hs en la Casa de la Cultura.<\/p>\n","protected":false},"excerpt":{"rendered":"<div class=\"mh-excerpt\"><p>Luego se su presentaci\u00f3n en Quilmes, la Muestra fotogr\u00e1fica colectiva \u201cEpecu\u00e9n, el agua revelada\u201d llega a Carhu\u00e9 para que locales y turistas puedan apreciarla. Se inaugurar\u00e1 el viernes a las 20hs en la Casa de la Cultura. La muestra de varios autores est\u00e1 conformada por:Natalia Garc\u00eda, Mar\u00eda Alejandra D&#8217;Alessandria, Jhonatan Velasquez, Mar\u00eda Belen Doncel, Micaela Yurquina y Constanza Sansone en donde plasman su mirada en bellas fotograf\u00edas cada una particularmente diferente. &#8220;Podemos ver a Villa Epecu\u00e9n como un pueblo en ruinas, que no escuch\u00f3 la brisa de la naturaleza o podemos ver a Epecu\u00e9n como un pueblo que despu\u00e9s de <a class=\"mh-excerpt-more\" href=\"http:\/\/dsrmedios.com.ar\/diario\/archivos\/3641\" title=\"Inauguran la muestra \u201cEpecu\u00e9n, el agua revelada\u201d\">[Leer m\u00e1s]<\/a><\/p>\n<\/div>","protected":false},"author":5,"featured_media":3642,"comment_status":"open","ping_status":"closed","sticky":false,"template":"","format":"standard","meta":{"_jetpack_newsletter_access":""},"categories":[18,5],"tags":[],"jetpack_featured_media_url":"http:\/\/dsrmedios.com.ar\/diario\/wp-content\/uploads\/2018\/01\/88c55474-e2be-4cb3-a4b7-96e0f3fe18b3.png","jetpack_sharing_enabled":true,"jetpack_shortlink":"https:\/\/wp.me\/p9fihK-WJ","_links":{"self":[{"href":"http:\/\/dsrmedios.com.ar\/diario\/wp-json\/wp\/v2\/posts\/3641"}],"collection":[{"href":"http:\/\/dsrmedios.com.ar\/diario\/wp-json\/wp\/v2\/posts"}],"about":[{"href":"http:\/\/dsrmedios.com.ar\/diario\/wp-json\/wp\/v2\/types\/post"}],"author":[{"embeddable":true,"href":"http:\/\/dsrmedios.com.ar\/diario\/wp-json\/wp\/v2\/users\/5"}],"replies":[{"embeddable":true,"href":"http:\/\/dsrmedios.com.ar\/diario\/wp-json\/wp\/v2\/comments?post=3641"}],"version-history":[{"count":1,"href":"http:\/\/dsrmedios.com.ar\/diario\/wp-json\/wp\/v2\/posts\/3641\/revisions"}],"predecessor-version":[{"id":3643,"href":"http:\/\/dsrmedios.com.ar\/diario\/wp-json\/wp\/v2\/posts\/3641\/revisions\/3643"}],"wp:featuredmedia":[{"embeddable":true,"href":"http:\/\/dsrmedios.com.ar\/diario\/wp-json\/wp\/v2\/media\/3642"}],"wp:attachment":[{"href":"http:\/\/dsrmedios.com.ar\/diario\/wp-json\/wp\/v2\/media?parent=3641"}],"wp:term":[{"taxonomy":"category","embeddable":true,"href":"http:\/\/dsrmedios.com.ar\/diario\/wp-json\/wp\/v2\/categories?post=3641"},{"taxonomy":"post_tag","embeddable":true,"href":"http:\/\/dsrmedios.com.ar\/diario\/wp-json\/wp\/v2\/tags?post=3641"}],"curies":[{"name":"wp","href":"https:\/\/api.w.org\/{rel}","templated":true}]}}