{"id":36348,"date":"2023-06-29T11:14:35","date_gmt":"2023-06-29T14:14:35","guid":{"rendered":"http:\/\/dsrmedios.com.ar\/diario\/?p=36348"},"modified":"2023-06-29T11:14:38","modified_gmt":"2023-06-29T14:14:38","slug":"massa-se-reunio-con-el-presidente-ejecutivo-de-caf-y-analizo-el-avance-del-programa-financiero-2023","status":"publish","type":"post","link":"http:\/\/dsrmedios.com.ar\/diario\/archivos\/36348","title":{"rendered":"Massa se reuni\u00f3 con el Presidente Ejecutivo de CAF y analiz\u00f3 el avance del Programa Financiero 2023"},"content":{"rendered":"\n<p>El ministro de Econom\u00eda,&nbsp;<a href=\"https:\/\/www.canal26.com\/politica\/fuerte-respaldo-de-berni-a-massa-el-pais-necesita-a-un-hombre-de-accion-de-coraje-y-de-decision--345609\" target=\"_blank\" rel=\"noreferrer noopener\">Sergio Massa<\/a>, recibi\u00f3 esta tarde en el&nbsp;<strong>Palacio de Hacienda&nbsp;<\/strong>al&nbsp;<strong>Presidente Ejecutivo de CAF<\/strong>, Sergio Diaz-Granados, con el objetivo de analizar el avance del programa financiero 2023 que Argentina mantiene con el organismo. Actualmente, ya&nbsp;<strong>se han aprobado operaciones por USD 840 millones de los USD 1.400 millones previstos<\/strong>, donde se destaca el inicio de la implementaci\u00f3n del proyecto de reversi\u00f3n del&nbsp;<strong>Gasoducto Norte<\/strong>.<\/p>\n\n\n\n<p>Asimismo, durante el encuentro destacaron que&nbsp;<strong>el pr\u00f3ximo 11 de julio<\/strong>&nbsp;se tratar\u00e1 en la reuni\u00f3n de Directorio de CAF el proyecto \u201cAcueducto para el Desarrollo Social y Productivo\u201d de la provincia de Formosa por USD 200 millones, que beneficiar\u00e1 a 50.000 formose\u00f1os y formose\u00f1as gracias al aumento de la provisi\u00f3n de agua potable, y permitir\u00e1 tambi\u00e9n el riego de 40.000 hect\u00e1reas, potenciando la producci\u00f3n hort\u00edcola, frut\u00edcola, agr\u00edcola y ganadera.<\/p>\n\n\n\n<h2>Nuevos anuncios<\/h2>\n\n\n\n<p>Por su parte,&nbsp;<strong>Massa anunci\u00f3<\/strong>&nbsp;la suscripci\u00f3n adicional de acciones en CAF que posibilitar\u00e1 una mayor participaci\u00f3n accionaria del pa\u00eds en este organismo estrat\u00e9gico para el desarrollo de la regi\u00f3n, al tiempo que se incrementar\u00eda el financiamiento neto para la Argentina hacia 2032 del orden del 8% anual.<\/p>\n\n\n\n<p><img decoding=\"async\" src=\"https:\/\/www.canal26.com\/media\/image\/2023\/06\/28\/549462.jpg\" alt=\"Sergio Massa junto al Presidente Ejecutivo de CAF. Foto: prensa\"><strong><em>Sergio Massa junto al Presidente Ejecutivo de CAF. Foto: prensa<\/em><\/strong><\/p>\n\n\n\n<p><strong>Participaron del encuentro\u00a0<\/strong>el Vicepresidente Corporativo de Programaci\u00f3n Estrat\u00e9gica, Christian Asinelli, la Representante de CAF en Argentina, Patricia Alborta, el Secretario de Asuntos Econ\u00f3micos y Financieros Internacionales, Marco Lavagna, y el Subsecretario de Relaciones Financieras Internacionales para el Desarrollo, Leandro Gorgal.<\/p>\n\n\n\n<p>Fuente: CADENA26<\/p>\n","protected":false},"excerpt":{"rendered":"<div class=\"mh-excerpt\"><p>El ministro de Econom\u00eda,&nbsp;Sergio Massa, recibi\u00f3 esta tarde en el&nbsp;Palacio de Hacienda&nbsp;al&nbsp;Presidente Ejecutivo de CAF, Sergio Diaz-Granados, con el objetivo de analizar el avance del programa financiero 2023 que Argentina mantiene con el organismo. Actualmente, ya&nbsp;se han aprobado operaciones por USD 840 millones de los USD 1.400 millones previstos, donde se destaca el inicio de la implementaci\u00f3n del proyecto de reversi\u00f3n del&nbsp;Gasoducto Norte. Asimismo, durante el encuentro destacaron que&nbsp;el pr\u00f3ximo 11 de julio&nbsp;se tratar\u00e1 en la reuni\u00f3n de Directorio de CAF el proyecto \u201cAcueducto para el Desarrollo Social y Productivo\u201d de la provincia de Formosa por USD 200 millones, que <a class=\"mh-excerpt-more\" href=\"http:\/\/dsrmedios.com.ar\/diario\/archivos\/36348\" title=\"Massa se reuni\u00f3 con el Presidente Ejecutivo de CAF y analiz\u00f3 el avance del Programa Financiero 2023\">[Leer m\u00e1s]<\/a><\/p>\n<\/div>","protected":false},"author":8,"featured_media":36349,"comment_status":"open","ping_status":"closed","sticky":false,"template":"","format":"standard","meta":{"_jetpack_newsletter_access":""},"categories":[6],"tags":[],"jetpack_featured_media_url":"http:\/\/dsrmedios.com.ar\/diario\/wp-content\/uploads\/2023\/06\/sergio-massa-caf.webp","jetpack_sharing_enabled":true,"jetpack_shortlink":"https:\/\/wp.me\/p9fihK-9sg","_links":{"self":[{"href":"http:\/\/dsrmedios.com.ar\/diario\/wp-json\/wp\/v2\/posts\/36348"}],"collection":[{"href":"http:\/\/dsrmedios.com.ar\/diario\/wp-json\/wp\/v2\/posts"}],"about":[{"href":"http:\/\/dsrmedios.com.ar\/diario\/wp-json\/wp\/v2\/types\/post"}],"author":[{"embeddable":true,"href":"http:\/\/dsrmedios.com.ar\/diario\/wp-json\/wp\/v2\/users\/8"}],"replies":[{"embeddable":true,"href":"http:\/\/dsrmedios.com.ar\/diario\/wp-json\/wp\/v2\/comments?post=36348"}],"version-history":[{"count":1,"href":"http:\/\/dsrmedios.com.ar\/diario\/wp-json\/wp\/v2\/posts\/36348\/revisions"}],"predecessor-version":[{"id":36350,"href":"http:\/\/dsrmedios.com.ar\/diario\/wp-json\/wp\/v2\/posts\/36348\/revisions\/36350"}],"wp:featuredmedia":[{"embeddable":true,"href":"http:\/\/dsrmedios.com.ar\/diario\/wp-json\/wp\/v2\/media\/36349"}],"wp:attachment":[{"href":"http:\/\/dsrmedios.com.ar\/diario\/wp-json\/wp\/v2\/media?parent=36348"}],"wp:term":[{"taxonomy":"category","embeddable":true,"href":"http:\/\/dsrmedios.com.ar\/diario\/wp-json\/wp\/v2\/categories?post=36348"},{"taxonomy":"post_tag","embeddable":true,"href":"http:\/\/dsrmedios.com.ar\/diario\/wp-json\/wp\/v2\/tags?post=36348"}],"curies":[{"name":"wp","href":"https:\/\/api.w.org\/{rel}","templated":true}]}}