{"id":36336,"date":"2023-06-29T11:01:20","date_gmt":"2023-06-29T14:01:20","guid":{"rendered":"http:\/\/dsrmedios.com.ar\/diario\/?p=36336"},"modified":"2023-06-29T11:01:24","modified_gmt":"2023-06-29T14:01:24","slug":"union-por-la-patria-disimula-las-internas-y-busca-unificar-una-agenda-de-campana-para-las-paso-a-pesar-del-fuego-cruzado","status":"publish","type":"post","link":"http:\/\/dsrmedios.com.ar\/diario\/archivos\/36336","title":{"rendered":"Uni\u00f3n por la Patria disimula las internas y busca unificar una agenda de campa\u00f1a para las PASO a pesar del fuego cruzado"},"content":{"rendered":"\n<p>Mientras sigue a flor de piel la interna en Uni\u00f3n por la Patria despu\u00e9s de la presentaci\u00f3n de las listas de precandidatos para las&nbsp;<strong>PASO<\/strong>, se multiplican las llamadas y reuniones entre los dirigentes de la c\u00fapula para intentar sanar heridas y empezar a sincronizar agendas en torno a una campa\u00f1a com\u00fan, que a\u00fan est\u00e1 muy distante de ser realidad.<\/p>\n\n\n\n<p>Para el pr\u00f3ximo viernes est\u00e1 prevista una&nbsp;<strong>cumbre de los equipos t\u00e9cnicos de cada sector, en el centro porte\u00f1o, para intentar alinear posiciones,&nbsp;<\/strong>dentro de lo posible, en el convulsionado contexto. No ser\u00e1 una tarea f\u00e1cil, admiten armadores de los distintos espacios. Las esquirlas del enfrentamiento p\u00fablico entre&nbsp;<strong>Cristina Kirchner&nbsp;<\/strong>y<strong>&nbsp;Victoria Tolosa Paz,<\/strong>&nbsp;por un lado, y entre dirigentes de La C\u00e1mpora y el cristinismo contra&nbsp;<strong>Santiago Cafiero,&nbsp;<\/strong>por el otro, siguen calientes. Y crecen los rumores sobre movimientos de la organizaci\u00f3n de&nbsp;<strong>M\u00e1ximo Kirchner&nbsp;<\/strong>para correr de la lista a los alfiles de<strong>&nbsp;Alberto Fern\u00e1ndez,&nbsp;<\/strong>que quedaron ubicados en los expectantes segundo y quinto lugar de la n\u00f3mina para la&nbsp;<strong>C\u00e1mara de Diputados.<\/strong><\/p>\n\n\n\n<p>Mientras tanto, a\u00fan hay ruidos en el kirchnerismo duro por el encumbramiento de Massa y muchos de los dirigentes que festejaron la candidatura de Wado (cuando a\u00fan estaba vigente) evitan siquiera mencionar al ministro de Hacienda.<\/p>\n\n\n\n<p><img decoding=\"async\" loading=\"lazy\" alt=\"Axel Kicillof, actor clave en la campa\u00f1a del oficialismo \" height=\"682\" width=\"1024\" class=\"\" src=\"https:\/\/www.infobae.com\/new-resizer\/gqhu4Ud7Vk9G7PK_JBugqBa7g7Y=\/1024x682\/filters:format(webp):quality(85)\/cloudfront-us-east-1.images.arcpublishing.com\/infobae\/VR32YW2JJND65JPTRTUCG7ILCA.jpeg\" srcset=\"https:\/\/www.infobae.com\/new-resizer\/yYe78yH-gIMw37-IBQpXugStJr4=\/420x280\/filters:format(webp):quality(85)\/cloudfront-us-east-1.images.arcpublishing.com\/infobae\/VR32YW2JJND65JPTRTUCG7ILCA.jpeg 420w,https:\/\/www.infobae.com\/new-resizer\/lfYt8JAap5llLxRYfpf_o7QDuK4=\/768x512\/filters:format(webp):quality(85)\/cloudfront-us-east-1.images.arcpublishing.com\/infobae\/VR32YW2JJND65JPTRTUCG7ILCA.jpeg 768w,https:\/\/www.infobae.com\/new-resizer\/vXIvZLJLHqZMwPtmB0tpqdQueeA=\/992x661\/filters:format(webp):quality(85)\/cloudfront-us-east-1.images.arcpublishing.com\/infobae\/VR32YW2JJND65JPTRTUCG7ILCA.jpeg 992w,https:\/\/www.infobae.com\/new-resizer\/kxxdDVnP9PfqRwtPyWYK-xs6msE=\/1200x800\/filters:format(webp):quality(85)\/cloudfront-us-east-1.images.arcpublishing.com\/infobae\/VR32YW2JJND65JPTRTUCG7ILCA.jpeg 1200w,https:\/\/www.infobae.com\/new-resizer\/E2NWA8CMtKApiGj0eiTwecrN1ks=\/1440x960\/filters:format(webp):quality(85)\/cloudfront-us-east-1.images.arcpublishing.com\/infobae\/VR32YW2JJND65JPTRTUCG7ILCA.jpeg 1440w\">Axel Kicillof, actor clave en la campa\u00f1a del oficialismo<\/p>\n\n\n\n<p>Una de las ambiciones de los encuentros y llamados, que se condensar\u00edan en la reuni\u00f3n del viernes, es organizar&nbsp;<strong>un acto de unidad para el pr\u00f3ximo s\u00e1bado<\/strong>&nbsp;en el conurbano. Se habla de Merlo como sede de un eventual c\u00f3nclave p\u00fablico entre los principales referentes del oficialismo en la provincia de Buenos Aires. Y la excusa ser\u00eda la presentaci\u00f3n de la lista de precandidatos que responden al liderazgo del intendente K,&nbsp;<strong>Gustavo Men\u00e9ndez.&nbsp;<\/strong>La aspiraci\u00f3n, de m\u00e1xima, es que participen los precandidatos de la f\u00f3rmula presidencial,&nbsp;<strong>Sergio Massa y Agust\u00edn Rossi;<\/strong>&nbsp;el gobernador,<strong>&nbsp;Axel Kicillof,<\/strong>&nbsp;que va por la reelecci\u00f3n; y las cabezas de las listas de Diputados y Senadores,&nbsp;<strong>M\u00e1ximo Kirchner y Eduardo de Pedro.&nbsp;<\/strong>Por ahora, en los respectivos entornos de los dirigentes, conscientes del pantanoso terreno que transitan, manten\u00edan la cautela y evitaban confirmar su participaci\u00f3n.<\/p>\n\n\n\n<p>Mientras intentan sanar heridas, durante los pr\u00f3ximos d\u00edas, cada uno de los actores mencionados tienen planeadas incipientes actividades de campa\u00f1a en PBA, por separado. Hoy a las 11.30 el ministro de Econom\u00edavisitar\u00e1&nbsp;<strong>San Andr\u00e9s de Giles&nbsp;<\/strong>con su tropa ministerial -la secretaria de Energ\u00eda, Flavia Roy\u00f3n; y su par de Producci\u00f3n, Ignacio de Mendiguren-. Aunque su plan de cara a las PASO ser\u00e1 fogonear el perfil de \u201cgestor econ\u00f3mico\u201d en la crisis, el ministro de Hacienda har\u00e1 inevitablemente espacio, una vez por semana, a los actos de corte n\u00edtidamente proselitista. En su c\u00edrculo todav\u00eda no definieron si privilegiar\u00e1 el terru\u00f1o bonaerense o equilibrar\u00e1 los recorridos en el distrito m\u00e1s poblado con las visitas al interior.<\/p>\n\n\n\n<p><strong>De Pedro<\/strong>, que mantuvo el perfil muy reservado despu\u00e9s del golpe que represent\u00f3 verse obligado a bajarse de la contienda por la Presidencia 24 horas despu\u00e9s de lanzarse, har\u00e1 su primera aparici\u00f3n como primer precandidato a senador en&nbsp;<strong>Mar del Plata&nbsp;<\/strong>el pr\u00f3ximo viernes por la tarde, en el cierrre de la semana social de la Pastoral Social, dedicada a los 10 a\u00f1os del pontificado de Francisco y a los 40 a\u00f1os de democracia. Su presencia ser\u00e1 una novedad despu\u00e9s de varios d\u00edas pr\u00e1cticamente sin mostrarse en p\u00fablico, durante los cuales se dedic\u00f3 a recalcular el curso de acci\u00f3n de su carrera.<\/p>\n\n\n\n<p><img decoding=\"async\" loading=\"lazy\" alt=\"La Vicepresidenta junto a Daniel Scioli\" height=\"1281\" width=\"1920\" class=\"\" src=\"https:\/\/www.infobae.com\/new-resizer\/sji8-1U_l6pVuohvAIHPHxWFmAs=\/1920x1281\/filters:format(webp):quality(85)\/cloudfront-us-east-1.images.arcpublishing.com\/infobae\/ZQWNKBMIMFHUPE2TER4HBN5X44.jpg\" srcset=\"https:\/\/www.infobae.com\/new-resizer\/t6fIEjIohX_km0st0Yhn6d_AaSg=\/420x280\/filters:format(webp):quality(85)\/cloudfront-us-east-1.images.arcpublishing.com\/infobae\/ZQWNKBMIMFHUPE2TER4HBN5X44.jpg 420w,https:\/\/www.infobae.com\/new-resizer\/7szX_qz_2dMZwcprlN_-cUASd-k=\/768x512\/filters:format(webp):quality(85)\/cloudfront-us-east-1.images.arcpublishing.com\/infobae\/ZQWNKBMIMFHUPE2TER4HBN5X44.jpg 768w,https:\/\/www.infobae.com\/new-resizer\/Fdrsw0a4E76KepvupyzeBJki2OA=\/992x661\/filters:format(webp):quality(85)\/cloudfront-us-east-1.images.arcpublishing.com\/infobae\/ZQWNKBMIMFHUPE2TER4HBN5X44.jpg 992w,https:\/\/www.infobae.com\/new-resizer\/9dCX9gmE0181W5vo7Oi3dTp19QM=\/1200x800\/filters:format(webp):quality(85)\/cloudfront-us-east-1.images.arcpublishing.com\/infobae\/ZQWNKBMIMFHUPE2TER4HBN5X44.jpg 1200w,https:\/\/www.infobae.com\/new-resizer\/UwHhFgOkCX8asUchIAhYilDFte4=\/1440x960\/filters:format(webp):quality(85)\/cloudfront-us-east-1.images.arcpublishing.com\/infobae\/ZQWNKBMIMFHUPE2TER4HBN5X44.jpg 1440w\">La Vicepresidenta junto a Daniel Scioli<\/p>\n\n\n\n<p>Por lo pronto, el ministro mantiene la din\u00e1mica de consulta con&nbsp;<strong>Cristina Kirchner,<\/strong>&nbsp;que el lunes de alguna manera lo reivindic\u00f3 al revelar, por primera vez p\u00fablicamente, con su propia voz -hasta ahora lo hab\u00eda dejado trascender por terceros- que \u201cWado\u201d era su candidato. Ayer, por caso, estuvo en el Senado reunido con la Vicepresidenta. Sin embargo, desde el lunes habl\u00f3 varias veces con Massa. Y en lo sucesivo se encargar\u00e1 de mostrar que los resquemores con el l\u00edder del&nbsp;<strong>Frente Renovador&nbsp;<\/strong>por su derrota pol\u00edtica interna quedaron atr\u00e1s.&nbsp;<strong>\u201cVamos a trabajar para que le vaya bien a Massa y al conjunto\u201d<\/strong>, dijeron desde su c\u00edrculo \u00edntimo.<\/p>\n\n\n\n<p>Los intentos de limar asperezas tuvieron cierto correlato en algunos gestos p\u00fablicos, aunque contados.&nbsp;<strong>Alberto Fern\u00e1ndez<\/strong>&nbsp;gest\u00f3 junto a&nbsp;<strong>Agust\u00edn Rossi,&nbsp;<\/strong>el flamante precandidato a vicepresidente, una reuni\u00f3n de Gabinete que se celebr\u00f3 ayer, de la cual, como pocas veces, participaron todos los ministros. Inclusive los funcionarios que protagonizaron la disputa interna &#8211;<strong>Massa, De Pedro, Tolosa Paz, Cafiero<\/strong>&#8211; que buscaron una foto de unidad a pesar del resquebrajamiento de hecho. Mientras tanto, el vicejefe de Gabinete, Juan Manuel Olmos, relativizaba las acusaciones del kirchnerismo contra Cafiero por el desenlace de las negociaciones sobre el lugar de Scioli. \u201cEn un cierre de listas siempre hay disconformes. Nadie le roba nada a nadie porque las candidaturas se construyen (&#8230;) la importancia fue el valor de la unidad, todos colaboraron para lograrla\u201d, dijo.<\/p>\n\n\n\n<p>Horas despu\u00e9s, Cristina Kirchner y Daniel Scioli sorprendieron al publicar una foto juntos, sonrientes, en la oficina de la vice en la C\u00e1mara alta. Hoy se ver\u00e1 algo similar, cuando el ex gobernador se vea la cara con su rival, Massa, en el Ministerio de Econom\u00eda. El d\u00eda previo, en una de las primeras se\u00f1ales de aparente unidad, los precandidatos bonaerenses del massismo y el kirchnerismo se mostraron juntos en Lomas de Zamora, para presentar la lista encabezada por el alfil de Mart\u00edn Insaurralde, Federico Oterm\u00edn, mientras evaluaban, a\u00fan c\u00f3mo avanzar despu\u00e9s del giro en la trama del vertiginoso cierre de listas que termin\u00f3 a favor de Massa y en desmedro de De Pedro y de Daniel Scioli.<\/p>\n\n\n\n<p><img decoding=\"async\" loading=\"lazy\" alt=\"Sergio Massa junto a Axel Kicillof y Mart\u00edn Insaurralde en la presentaci\u00f3n de listas de Uni\u00f3n por la Patria en Lomas de Zamora \" height=\"853\" width=\"1280\" class=\"\" src=\"https:\/\/www.infobae.com\/new-resizer\/Bmgt1JgbD-04e2IKpjTRgULLTSg=\/1280x853\/filters:format(webp):quality(85)\/cloudfront-us-east-1.images.arcpublishing.com\/infobae\/U3UMV2VPMRDLZBVASZROQXO574.jpeg\" srcset=\"https:\/\/www.infobae.com\/new-resizer\/8XvvKsWiNobjhHiufyyms-ljSEY=\/420x280\/filters:format(webp):quality(85)\/cloudfront-us-east-1.images.arcpublishing.com\/infobae\/U3UMV2VPMRDLZBVASZROQXO574.jpeg 420w,https:\/\/www.infobae.com\/new-resizer\/yvCJ6csiVlb72-rDLaU_ot3knj0=\/768x512\/filters:format(webp):quality(85)\/cloudfront-us-east-1.images.arcpublishing.com\/infobae\/U3UMV2VPMRDLZBVASZROQXO574.jpeg 768w,https:\/\/www.infobae.com\/new-resizer\/dw9jb8YnVd-OpA1vqTvZG1qlRqk=\/992x661\/filters:format(webp):quality(85)\/cloudfront-us-east-1.images.arcpublishing.com\/infobae\/U3UMV2VPMRDLZBVASZROQXO574.jpeg 992w,https:\/\/www.infobae.com\/new-resizer\/sSck7OsyScGhuvNUGy29s5hYec0=\/1200x800\/filters:format(webp):quality(85)\/cloudfront-us-east-1.images.arcpublishing.com\/infobae\/U3UMV2VPMRDLZBVASZROQXO574.jpeg 1200w,https:\/\/www.infobae.com\/new-resizer\/N_QJgbHZBzBUGVrl193U9J-W-zc=\/1440x960\/filters:format(webp):quality(85)\/cloudfront-us-east-1.images.arcpublishing.com\/infobae\/U3UMV2VPMRDLZBVASZROQXO574.jpeg 1440w\">Sergio Massa junto a Axel Kicillof y Mart\u00edn Insaurralde en la presentaci\u00f3n de listas de Uni\u00f3n por la Patria en Lomas de Zamora<\/p>\n\n\n\n<p>Una de las claves de la campa\u00f1a ser\u00e1 la articulaci\u00f3n en la provincia de Buenos Aires, donde tendr\u00e1 un rol importante el titular de Obra P\u00fablica, Gabriel Katopodis, que se qued\u00f3 afuera de las listas a pesar de las especulaciones que se dispararon a partir de que Cristina Kirchner lo ubicara a su lado en un acto una semana antes de la presentaci\u00f3n de las n\u00f3minas, en R\u00edo Gallegos, y lo llenara de elogios.<\/p>\n\n\n\n<p>\u201cKato\u201d, ex intendente de San Mart\u00edn que se esmera, a pesar de las rispideces, en mantener buen v\u00ednculo con todas las terminales, almorz\u00f3 el martes con&nbsp;<strong>Axel Kicillof<\/strong>; por la tarde habl\u00f3 en privado con Massa en la la convenci\u00f3n de la C\u00e1mara Argentina de la Construcci\u00f3n en La Rural; y ayer viaj\u00f3 a Formosa con&nbsp;<strong>Alberto Fern\u00e1ndez&nbsp;<\/strong>para felicitar por el triunfo en la elecci\u00f3n provincial al caudillo peronista k,&nbsp;<strong>Gildo Insfr\u00e1n.<\/strong>&nbsp;Adem\u00e1s, desde su cartera les proveer\u00e1 a los contendientes propios el insumo b\u00e1sico para cualquier campa\u00f1a del oficialismo: las inauguraciones de obras.<\/p>\n\n\n\n<p>Ayer, la mayor parte de los precandidatos fueron, uno por uno, organizados por turnos al\u00a0<strong>Complejo C,\u00a0<\/strong>la productora del empresario kirchnerista Ignacio Saavedra que funcion\u00f3 como bunker de campa\u00f1a en las \u00faltimas dos elecciones y fue la sede audiovisual donde De Pedro grab\u00f3, la semana pasada, su spot de lanzamiento como precandidato, que se vio frustrado 24 horas despu\u00e9s. El objetivo era tomarse fotos para ilustrar las boletas oficiales, un paso formal en medio de las dudas sobre el desenlace de la feroz pelea sobre la cual intentan poner pa\u00f1os fr\u00edos cuando resta s\u00f3lo un mes y medio para la elecci\u00f3n primaria.<\/p>\n\n\n\n<p>Fuente: Infobae<\/p>\n","protected":false},"excerpt":{"rendered":"<div class=\"mh-excerpt\"><p>Mientras sigue a flor de piel la interna en Uni\u00f3n por la Patria despu\u00e9s de la presentaci\u00f3n de las listas de precandidatos para las&nbsp;PASO, se multiplican las llamadas y reuniones entre los dirigentes de la c\u00fapula para intentar sanar heridas y empezar a sincronizar agendas en torno a una campa\u00f1a com\u00fan, que a\u00fan est\u00e1 muy distante de ser realidad. Para el pr\u00f3ximo viernes est\u00e1 prevista una&nbsp;cumbre de los equipos t\u00e9cnicos de cada sector, en el centro porte\u00f1o, para intentar alinear posiciones,&nbsp;dentro de lo posible, en el convulsionado contexto. No ser\u00e1 una tarea f\u00e1cil, admiten armadores de los distintos espacios. Las <a class=\"mh-excerpt-more\" href=\"http:\/\/dsrmedios.com.ar\/diario\/archivos\/36336\" title=\"Uni\u00f3n por la Patria disimula las internas y busca unificar una agenda de campa\u00f1a para las PASO a pesar del fuego cruzado\">[Leer m\u00e1s]<\/a><\/p>\n<\/div>","protected":false},"author":8,"featured_media":36337,"comment_status":"open","ping_status":"closed","sticky":false,"template":"","format":"standard","meta":{"_jetpack_newsletter_access":""},"categories":[6],"tags":[],"jetpack_featured_media_url":"http:\/\/dsrmedios.com.ar\/diario\/wp-content\/uploads\/2023\/06\/VR32YW2JJND65JPTRTUCG7ILCA.webp","jetpack_sharing_enabled":true,"jetpack_shortlink":"https:\/\/wp.me\/p9fihK-9s4","_links":{"self":[{"href":"http:\/\/dsrmedios.com.ar\/diario\/wp-json\/wp\/v2\/posts\/36336"}],"collection":[{"href":"http:\/\/dsrmedios.com.ar\/diario\/wp-json\/wp\/v2\/posts"}],"about":[{"href":"http:\/\/dsrmedios.com.ar\/diario\/wp-json\/wp\/v2\/types\/post"}],"author":[{"embeddable":true,"href":"http:\/\/dsrmedios.com.ar\/diario\/wp-json\/wp\/v2\/users\/8"}],"replies":[{"embeddable":true,"href":"http:\/\/dsrmedios.com.ar\/diario\/wp-json\/wp\/v2\/comments?post=36336"}],"version-history":[{"count":1,"href":"http:\/\/dsrmedios.com.ar\/diario\/wp-json\/wp\/v2\/posts\/36336\/revisions"}],"predecessor-version":[{"id":36338,"href":"http:\/\/dsrmedios.com.ar\/diario\/wp-json\/wp\/v2\/posts\/36336\/revisions\/36338"}],"wp:featuredmedia":[{"embeddable":true,"href":"http:\/\/dsrmedios.com.ar\/diario\/wp-json\/wp\/v2\/media\/36337"}],"wp:attachment":[{"href":"http:\/\/dsrmedios.com.ar\/diario\/wp-json\/wp\/v2\/media?parent=36336"}],"wp:term":[{"taxonomy":"category","embeddable":true,"href":"http:\/\/dsrmedios.com.ar\/diario\/wp-json\/wp\/v2\/categories?post=36336"},{"taxonomy":"post_tag","embeddable":true,"href":"http:\/\/dsrmedios.com.ar\/diario\/wp-json\/wp\/v2\/tags?post=36336"}],"curies":[{"name":"wp","href":"https:\/\/api.w.org\/{rel}","templated":true}]}}