{"id":36313,"date":"2023-06-29T10:30:35","date_gmt":"2023-06-29T13:30:35","guid":{"rendered":"http:\/\/dsrmedios.com.ar\/diario\/?p=36313"},"modified":"2023-06-29T10:30:38","modified_gmt":"2023-06-29T13:30:38","slug":"axel-kicillof-quiere-alejarse-de-las-internas-y-delinea-su-campana-los-municipios-clave-donde-buscara-la-reeleccion","status":"publish","type":"post","link":"http:\/\/dsrmedios.com.ar\/diario\/archivos\/36313","title":{"rendered":"Axel Kicillof quiere alejarse de las internas y delinea su campa\u00f1a: los municipios clave donde buscar\u00e1 la reelecci\u00f3n"},"content":{"rendered":"\n<p>Confirmada la f\u00f3rmula provincial que finalmente tendr\u00e1 a&nbsp;<strong>Ver\u00f3nica Magario<\/strong>&nbsp;como escolta, el gobernador bonaerense,&nbsp;<strong>Axel Kicillof, se prepara ahora para lo que ser\u00e1 la campa\u00f1a hacia la reelecci\u00f3n<\/strong>; una din\u00e1mica que por el momento est\u00e1 en gateras a la espera de la campana de largada.<strong>&nbsp;Lo \u00fanico que ten\u00eda preparado el gobierno provincial fue el lanzamiento de su primer spot una vez consumada la f\u00f3rmula<\/strong>: un video de cuatro minutos que sali\u00f3 a la luz en el mediod\u00eda del domingo donde se repasa, con un discurso de apertura de sesiones e im\u00e1genes de insert -m\u00e1s algunos extractos de discursos de Cristina y N\u00e9stor Kirchner- lo hecho por su gesti\u00f3n desde diciembre de 2019 a esta parte.<\/p>\n\n\n\n<p>En las pr\u00f3ximas semanas, Kicillof va a seguir en la misma l\u00f3gica que viene haciendo hasta el momento:&nbsp;<strong>dos recorridas semanales por el conurbano y dos por el interior bonaerense<\/strong>. Para el mes de julio, en el gobierno provincial esperan llegar a las 100 mil notebook entregadas bajo el programa Conectar Igualdad Bonaerense y la inauguraci\u00f3n de los 125 Centros de Atenci\u00f3n Primaria de Salud (CAPS). Hacia el mes octubre, o antes de las elecciones, en La Plata&nbsp;<strong>tienen como desaf\u00edo inaugurar los 200 edificios educativos en la provincia de Buenos Aires<\/strong>. Siempre, discursivamente, el ex ministro de Econom\u00eda recordar\u00e1 que en los cuatro a\u00f1os que gobern\u00f3 Cambiemos -es decir entre 2015 y 2019- la gesti\u00f3n de&nbsp;<strong>Mar\u00eda Eugenia Vidal&nbsp;<\/strong>inaugur\u00f3 65 escuelas y cerr\u00f3 otras tantas en las que hab\u00eda baja matr\u00edcula.<\/p>\n\n\n\n<p>Adem\u00e1s, seguir\u00e1 con la entrega de escrituras sociales, la terminaci\u00f3n de Casas de la Provincia y entrega de viviendas hechas por el ministerio de Vivienda y H\u00e1bitat. Todo esto ser\u00e1 hasta el 19 de julio cuando, por ley,&nbsp;<strong>se inicia \u201cla prohibici\u00f3n de actos p\u00fablicos susceptibles de romover la captaci\u00f3n del sufragio\u201d<\/strong>. Desde esa fecha hasta el inicio de la veda electoral -el 11 de agosto-, el gobernador enfatizar\u00e1 en charlas y actos en diferentes \u00e1mbitos como universidades o sindicatos.<\/p>\n\n\n\n<p>A\u00fan no est\u00e1 definido si habr\u00e1 \u201cmateadas\u201d como las que supo hacer durante la campa\u00f1a 2019. Por lo pronto, tambi\u00e9n sac\u00f3 un video en su cuenta de&nbsp;<em>TikTok&nbsp;<\/em>dando a entender que vuelve el Renault Clio de su jefe de asesores,&nbsp;<strong>Carlos Bianco;<\/strong>&nbsp;el veh\u00edculo con el que recorri\u00f3 la provincia en la campa\u00f1a que lo llev\u00f3 a la gobernaci\u00f3n.<\/p>\n\n\n\n<p><strong>\u201cCosechar lo sembrado\u201d, explican desde la gobernaci\u00f3n bonaerense, donde ya reina una especie de alivio<\/strong>&nbsp;tras lo que fue el cierre de lista. Finalmente, Kicillof se qued\u00f3 como candidato en la provincia de Buenos Aires y su compa\u00f1era de f\u00f3rmula ser\u00e1 Ver\u00f3nica Magario, qui\u00e9n \u00e9l hab\u00eda promovido.<\/p>\n\n\n\n<p><img decoding=\"async\" loading=\"lazy\" alt=\"El gobernador y Ver\u00f3nica Magario al momento de firmar sus candidaturas para la reelecci\u00f3n (Aglaplata)\" height=\"1077\" width=\"1914\" class=\"\" src=\"https:\/\/www.infobae.com\/new-resizer\/vV8U7hyI1rCiWM4oihdFz4wpYwE=\/1914x1077\/filters:format(webp):quality(85)\/cloudfront-us-east-1.images.arcpublishing.com\/infobae\/Q2YXMMSSNNBK7JH6DEKHSZEN4A.jpg\" srcset=\"https:\/\/www.infobae.com\/new-resizer\/cbd7z56G9OJ9nt0S02pa2rUJufY=\/420x236\/filters:format(webp):quality(85)\/cloudfront-us-east-1.images.arcpublishing.com\/infobae\/Q2YXMMSSNNBK7JH6DEKHSZEN4A.jpg 420w,https:\/\/www.infobae.com\/new-resizer\/m0hXiEAVg6-wIL1LmMkRWN4nCEE=\/768x432\/filters:format(webp):quality(85)\/cloudfront-us-east-1.images.arcpublishing.com\/infobae\/Q2YXMMSSNNBK7JH6DEKHSZEN4A.jpg 768w,https:\/\/www.infobae.com\/new-resizer\/6ghTdTZaOCDVvvvCN03gH7x9Dmg=\/992x558\/filters:format(webp):quality(85)\/cloudfront-us-east-1.images.arcpublishing.com\/infobae\/Q2YXMMSSNNBK7JH6DEKHSZEN4A.jpg 992w,https:\/\/www.infobae.com\/new-resizer\/gapFhB04AB3ajnVf9g1zKeHG-iE=\/1200x675\/filters:format(webp):quality(85)\/cloudfront-us-east-1.images.arcpublishing.com\/infobae\/Q2YXMMSSNNBK7JH6DEKHSZEN4A.jpg 1200w,https:\/\/www.infobae.com\/new-resizer\/DvwxRAmJR50A00RhkKCCw5x7Pvw=\/1440x810\/filters:format(webp):quality(85)\/cloudfront-us-east-1.images.arcpublishing.com\/infobae\/Q2YXMMSSNNBK7JH6DEKHSZEN4A.jpg 1440w\">El gobernador y Ver\u00f3nica Magario al momento de firmar sus candidaturas para la reelecci\u00f3n (Aglaplata)<\/p>\n\n\n\n<p>Tras posponer una agenda de trabajo en el municipio de Chivilcoy que ten\u00eda que realizarse este mi\u00e9rcoles, este jueves el gobernador estar\u00e1 en Vicente L\u00f3pez apoyando al referente local que disputar\u00e1 las PASO por Uni\u00f3n por la Patria. Se trata del concejal&nbsp;<strong>Lucas Boyanosvky,<\/strong>&nbsp;que competir\u00e1 contra la actual intendenta&nbsp;<strong>Soledad Martinez<\/strong>. Ser\u00e1 una elecci\u00f3n compleja para el peronismo en el \u00e1mbito local. Es que a diferencia de buena parte de sus colegas del PRO,<strong>&nbsp;la jefa comunal del distrito de la Primera secci\u00f3n electoral no tendr\u00e1 internas&nbsp;<\/strong>dentro de Juntos por el Cambio e ir\u00e1 con las dos boletas presidenciales<strong>: la de Patria Bullrich y la de Horacio Rodr\u00edguez Larreta.<\/strong><\/p>\n\n\n\n<p>Los municipios que gobierna la oposici\u00f3n tambi\u00e9n est\u00e1n dentro del radar de campa\u00f1a de Kicillof.<strong>&nbsp;Hay especial \u00e9nfasis en Mar del Plata, La Plata, Bah\u00eda Blanca, Olavarr\u00eda y Azul.<\/strong><\/p>\n\n\n\n<p>En La Plata, la apuesta desde la gobernaci\u00f3n es la precandidatura del actual ministro de Justicia y Derechos Humanos,&nbsp;<strong>Julio Alak<\/strong>, que buscar\u00e1 volver a la intendencia de la ciudad que gobern\u00f3 durante 16 a\u00f1os entre 1991 y 2007.<\/p>\n\n\n\n<p><strong>Con la situaci\u00f3n de Mar del Plata tambi\u00e9n hay sumo inter\u00e9s<\/strong>. Donde gobierna<strong>&nbsp;Guillermo Montenegro&nbsp;<\/strong>-del PRO y que ir\u00e1 por su reelecci\u00f3n- la candidata a intendenta de Uni\u00f3n por la Patria ser\u00e1 la titular de ANSES,&nbsp;<strong>Fernanda Raverta<\/strong>; que esta vez lleg\u00f3 a un acuerdo con el ex intendente,<strong>&nbsp;Gustavo Pulti<\/strong>, que encabezar\u00e1 la lista de senadores provinciales por la Quinta secci\u00f3n electoral y desde all\u00ed buscar\u00e1n darle volumen electoral. Se trata de un acuerdo al que no se pudo arribar en 2019. Incluso Raverta ir\u00e1 dentro de Uni\u00f3n por la Patria, pero Pulti puso a disposici\u00f3n su estructura partidaria de Acci\u00f3n Marplatense y la funcionaria competir\u00e1 desde ese sello. Ser\u00e1n varias las visitas que har\u00e1 Kicillof en el marco de la campa\u00f1a al municipio de General Pueyrred\u00f3n.<\/p>\n\n\n\n<p><img decoding=\"async\" loading=\"lazy\" alt=\"Fernanda Raverta junto a Axel Kicillof \" height=\"1080\" width=\"1920\" class=\"\" src=\"https:\/\/www.infobae.com\/new-resizer\/Sq8JvqI3gyu8Cjvu_NOvmW4qQkI=\/1920x1080\/filters:format(webp):quality(85)\/cloudfront-us-east-1.images.arcpublishing.com\/infobae\/5SWZWH7UJFDZZA5CJGQAB3WXBE.jpg\" srcset=\"https:\/\/www.infobae.com\/new-resizer\/34fePR6KAfZcL5Igefu3P2kSeFc=\/420x236\/filters:format(webp):quality(85)\/cloudfront-us-east-1.images.arcpublishing.com\/infobae\/5SWZWH7UJFDZZA5CJGQAB3WXBE.jpg 420w,https:\/\/www.infobae.com\/new-resizer\/eJs-IkxTe_oe-zkUxA2mv28v4Pg=\/768x432\/filters:format(webp):quality(85)\/cloudfront-us-east-1.images.arcpublishing.com\/infobae\/5SWZWH7UJFDZZA5CJGQAB3WXBE.jpg 768w,https:\/\/www.infobae.com\/new-resizer\/4SdAhUv7GspxrZSizM44BO5_PKA=\/992x558\/filters:format(webp):quality(85)\/cloudfront-us-east-1.images.arcpublishing.com\/infobae\/5SWZWH7UJFDZZA5CJGQAB3WXBE.jpg 992w,https:\/\/www.infobae.com\/new-resizer\/E00x9JuYqre1A3Ds2gs97JWR2Ro=\/1200x675\/filters:format(webp):quality(85)\/cloudfront-us-east-1.images.arcpublishing.com\/infobae\/5SWZWH7UJFDZZA5CJGQAB3WXBE.jpg 1200w,https:\/\/www.infobae.com\/new-resizer\/o3w0lBE4KLQpo_hMZT2fF_WCTWA=\/1440x810\/filters:format(webp):quality(85)\/cloudfront-us-east-1.images.arcpublishing.com\/infobae\/5SWZWH7UJFDZZA5CJGQAB3WXBE.jpg 1440w\">Fernanda Raverta junto a Axel Kicillof<\/p>\n\n\n\n<p>Por estos d\u00edas,<strong>&nbsp;a Kicillof tambi\u00e9n le llegan invitaciones varias a los lanzamientos de listas en municipios propios.<\/strong>&nbsp;El gobernador particip\u00f3 este lunes de lo que fue la presentaci\u00f3n de la candidatura de Federico Oterm\u00edn como postulante a la intendencia en Lomas de Zamora. Asisti\u00f3 por tratarse de un acto que emul\u00f3 la primera foto pol\u00edtica de los candidatos de UxP, ya que tambi\u00e9n participaron del evento,&nbsp;<strong>Sergio Massa, Eduardo \u201cWado\u201d de Pedro, M\u00e1ximo Kirchner<\/strong>&nbsp;y su jefe de Gabinete y jefe pol\u00edtico del distrito,<strong>&nbsp;Mart\u00edn Insaurralde<\/strong>. El fin de semana podr\u00eda repetirse con lo que ser\u00e1 la presentaci\u00f3n de la lista local de Uni\u00f3n por la Patria en Merlo, que lleva a&nbsp;<strong>Gustavo Men\u00e9ndez&nbsp;<\/strong>como candidato.<\/p>\n\n\n\n<h2>La mirada a la oposici\u00f3n<\/h2>\n\n\n\n<p>La decisi\u00f3n de un no desdoblamiento electoral en la provincia de Buenos Aires tambi\u00e9n tiene un impacto en el escenario de tercios al que se encamina la elecci\u00f3n y la participaci\u00f3n de la Libertad Avanza en el tramo bonaerense calza a los c\u00e1lculos de votos que hacen en La Plata, toda vez que&nbsp;<strong>la hip\u00f3tesis que se sostiene es que el economista liberal le saca m\u00e1s votos a Juntos que a Uni\u00f3n por la Patria y la elecci\u00f3n provincial se define por un voto, al no haber ballotage.<\/strong><\/p>\n\n\n\n<p>El espacio de&nbsp;<strong>Javier Milei&nbsp;<\/strong>llevar\u00e1 como candidata a la gobernaci\u00f3n por la provincia de Buenos Aires a la diputada nacional,&nbsp;<strong>Carolina Piparo<\/strong>. Platense, de pasado vidalista y con un paso por el gobierno de Julio Garro, la legisladora nacional lleg\u00f3 a la Libertad Avanza tras su alejamiento del PRO.<\/p>\n\n\n\n<p>La primera encuesta que circul\u00f3 tras la confirmaci\u00f3n de las f\u00f3rmulas en el \u00e1mbito provincial ubica a LLA en el tercer lugar con el 9,2%, detr\u00e1s de los 32,2 que acumula la interna de Juntos por el Cambio con la interna entre&nbsp;<strong>Diego Santilli&nbsp;<\/strong>y&nbsp;<strong>N\u00e9stor Grindetti.<\/strong>&nbsp;El que encabeza este sondeo es Kicillof con el 37,3 por ciento. El estudio de Opini\u00f3n es de Proyecci\u00f3n Consultores, fue realizado entre el 25 y el 27 de junio sobre 1160 casos efectivos, con un reclutamiento&nbsp;<em>online<\/em>&nbsp;mediante puntos de muestra geolocalizados a residentes mayores de 16 de la provincia. La particularidad es que la misma encuesta que tambi\u00e9n mide el escenario PASO presidencial sostiene que Milei tiene el doble de lo que muestra Piparo, es decir un 18,8. Se trata, tambi\u00e9n, de una consultora cuyos trabajos suelen ser observados por el gobierno provincial, pese a que Kicillof sea algo reticente a esta modalidad de medici\u00f3n.<\/p>\n\n\n\n<p>Lo que ocurra despu\u00e9s de las PASO es otro cap\u00edtulo, sobre todo<strong>\u00a0ante un eventual escenario de polarizaci\u00f3n en la provincia de Buenos Aires,<\/strong>\u00a0entre \u00e9l y la f\u00f3rmula que termine imponi\u00e9ndose en Juntos por el Cambio y ya conociendo la performance electoral que habr\u00e1 conseguido la f\u00f3rmula nacional de Uni\u00f3n por la Patria, con Massa como candidato presidencial.<\/p>\n\n\n\n<p>Fuente: Infobae<\/p>\n","protected":false},"excerpt":{"rendered":"<div class=\"mh-excerpt\"><p>Confirmada la f\u00f3rmula provincial que finalmente tendr\u00e1 a&nbsp;Ver\u00f3nica Magario&nbsp;como escolta, el gobernador bonaerense,&nbsp;Axel Kicillof, se prepara ahora para lo que ser\u00e1 la campa\u00f1a hacia la reelecci\u00f3n; una din\u00e1mica que por el momento est\u00e1 en gateras a la espera de la campana de largada.&nbsp;Lo \u00fanico que ten\u00eda preparado el gobierno provincial fue el lanzamiento de su primer spot una vez consumada la f\u00f3rmula: un video de cuatro minutos que sali\u00f3 a la luz en el mediod\u00eda del domingo donde se repasa, con un discurso de apertura de sesiones e im\u00e1genes de insert -m\u00e1s algunos extractos de discursos de Cristina y N\u00e9stor <a class=\"mh-excerpt-more\" href=\"http:\/\/dsrmedios.com.ar\/diario\/archivos\/36313\" title=\"Axel Kicillof quiere alejarse de las internas y delinea su campa\u00f1a: los municipios clave donde buscar\u00e1 la reelecci\u00f3n\">[Leer m\u00e1s]<\/a><\/p>\n<\/div>","protected":false},"author":8,"featured_media":33910,"comment_status":"open","ping_status":"closed","sticky":false,"template":"","format":"standard","meta":{"_jetpack_newsletter_access":""},"categories":[6],"tags":[],"jetpack_featured_media_url":"http:\/\/dsrmedios.com.ar\/diario\/wp-content\/uploads\/2023\/05\/p14-axel-kicillof-n_optjpeg.jpeg","jetpack_sharing_enabled":true,"jetpack_shortlink":"https:\/\/wp.me\/p9fihK-9rH","_links":{"self":[{"href":"http:\/\/dsrmedios.com.ar\/diario\/wp-json\/wp\/v2\/posts\/36313"}],"collection":[{"href":"http:\/\/dsrmedios.com.ar\/diario\/wp-json\/wp\/v2\/posts"}],"about":[{"href":"http:\/\/dsrmedios.com.ar\/diario\/wp-json\/wp\/v2\/types\/post"}],"author":[{"embeddable":true,"href":"http:\/\/dsrmedios.com.ar\/diario\/wp-json\/wp\/v2\/users\/8"}],"replies":[{"embeddable":true,"href":"http:\/\/dsrmedios.com.ar\/diario\/wp-json\/wp\/v2\/comments?post=36313"}],"version-history":[{"count":1,"href":"http:\/\/dsrmedios.com.ar\/diario\/wp-json\/wp\/v2\/posts\/36313\/revisions"}],"predecessor-version":[{"id":36314,"href":"http:\/\/dsrmedios.com.ar\/diario\/wp-json\/wp\/v2\/posts\/36313\/revisions\/36314"}],"wp:featuredmedia":[{"embeddable":true,"href":"http:\/\/dsrmedios.com.ar\/diario\/wp-json\/wp\/v2\/media\/33910"}],"wp:attachment":[{"href":"http:\/\/dsrmedios.com.ar\/diario\/wp-json\/wp\/v2\/media?parent=36313"}],"wp:term":[{"taxonomy":"category","embeddable":true,"href":"http:\/\/dsrmedios.com.ar\/diario\/wp-json\/wp\/v2\/categories?post=36313"},{"taxonomy":"post_tag","embeddable":true,"href":"http:\/\/dsrmedios.com.ar\/diario\/wp-json\/wp\/v2\/tags?post=36313"}],"curies":[{"name":"wp","href":"https:\/\/api.w.org\/{rel}","templated":true}]}}