{"id":36223,"date":"2023-06-27T10:10:44","date_gmt":"2023-06-27T13:10:44","guid":{"rendered":"http:\/\/dsrmedios.com.ar\/diario\/?p=36223"},"modified":"2023-06-27T10:10:47","modified_gmt":"2023-06-27T13:10:47","slug":"renuncio-el-dirigente-que-fue-visto-in-fraganti-en-boca","status":"publish","type":"post","link":"http:\/\/dsrmedios.com.ar\/diario\/archivos\/36223","title":{"rendered":"RENUNCI\u00d3 EL DIRIGENTE QUE FUE VISTO &#8220;IN FRAGANTI&#8221; EN BOCA"},"content":{"rendered":"\n<p>El f\u00fatbol argentino vivi\u00f3 una situaci\u00f3n especial este \u00faltimo fin de semana. En medio de la despedida de Juan Rom\u00e1n Riquelme, gente de\u00a0<a href=\"https:\/\/infocielo.com\/atletico-tucuman-a22674\">Atl\u00e9tico Tucum\u00e1n<\/a>\u00a0detect\u00f3 la presencia de uno de sus vocales y la pol\u00e9mica enseguida invadi\u00f3 la regi\u00f3n ya que al<strong>\u00a0<a href=\"https:\/\/infocielo.com\/dirigentes-a36792\">dirigente<\/a><\/strong>\u00a0Miguel Abbond\u00e1ndolo se lo vio flameando una bandera de<a href=\"https:\/\/infocielo.com\/boca-juniors-a39305\">\u00a0Boca<\/a>.<\/p>\n\n\n\n<p>La inc\u00f3moda situaci\u00f3n gener\u00f3 rechazo en la gente del Decano por lo que el ex vicepresidente del club no s\u00f3lo pidi\u00f3 disculpas y explic\u00f3 los motivos por los que estuvo presente en la Bombonera sino que tambi\u00e9n pidi\u00f3 disculpas a quienes se sintieron molestos para, horas m\u00e1s tarde, presentar la renuncia a su cargo.<\/p>\n\n\n\n<figure class=\"wp-block-image\"><img decoding=\"async\" src=\"https:\/\/media.infocielo.com\/p\/53b2f378c4a8a73ab45608cc5b969d10\/adjuntos\/299\/imagenes\/001\/665\/0001665610\/887x0\/smart\/720webp.png\" alt=\"\" title=\"\"\/><\/figure>\n\n\n\n<p>La presi\u00f3n lleg\u00f3 desde la masa societaria ya que uno de ellos fue quien pidi\u00f3 el derecho de admisi\u00f3n para Abbond\u00e1ndolo ya que en horario del cierre del homenaje en Buenos Aires, Atl\u00e9tico deb\u00eda presentarse en Jun\u00edn ante Sarmiento:&nbsp;<strong>&#8220;Yo no iba a ir a Jun\u00edn porque justo estaba sin veh\u00edculo y no ten\u00eda forma de ir. El partido de la despedida fue antes de que jugara Atl\u00e9tico. Me fui promediando el segundo tiempo y llegu\u00e9 para ver todo el partido<\/strong>&#8220;<\/p>\n\n\n\n<p>&#8220;<strong>&nbsp;Mi familia est\u00e1 radicada en Buenos Aires porque tengo un chiquito que es autista severo y mi se\u00f1ora ha tenido muchos problemas de salud tambi\u00e9n y entonces el d\u00eda a d\u00eda es complicado. Tengo dos hijas m\u00e1s chicas, una tiene 7 a\u00f1os y me hab\u00eda pedido verlo a Messi y quiz\u00e1s est\u00e1 era la \u00fanica oportunidad que ten\u00eda para poder llevarla, porque despu\u00e9s para las Eliminatorias es m\u00e1s dif\u00edcil. Pude conseguir las ubicaciones y fuimos<\/strong>&#8220;, cerr\u00f3 para LV12 de Tucum\u00e1n.<\/p>\n\n\n\n<h2>Qu\u00e9 dijo el dirigente de Atl\u00e9tico de su presencia en la cancha de Boca<\/h2>\n\n\n\n<ul>\n<li>&#8220;<strong>Tengo dos hijas chicas y la de 7 a\u00f1os y me hab\u00eda pedido verlo a Messi. Quiz\u00e1s est\u00e1 era la \u00fanica oportunidad que ten\u00eda para poder llevarla, porque despu\u00e9s para las Eliminatorias es m\u00e1s dif\u00edcil. Pude conseguir las ubicaciones y fuimos<\/strong>&#8220;<\/li>\n\n\n\n<li>&nbsp;&#8220;<strong>&nbsp;Estaban repartiendo banderas y ella quer\u00eda una. Como era muy pesada la agarr\u00e9 yo. Es todo lo que hicimos<\/strong>&nbsp;\u201d<\/li>\n\n\n\n<li>\u201c<strong>Le pido disculpas a todos los hinchas que se sintieron molestos, lo hice sin ninguna intenci\u00f3n. Simplemente era si pod\u00eda sacarle una sonrisa a mi hija y pasar un buen momento, bienvenido sea, y eso fue lo que pas\u00f3. Yo no soy hincha de Boca<\/strong>&#8220;<\/li>\n<\/ul>\n\n\n\n<figure class=\"wp-block-image\"><img decoding=\"async\" src=\"https:\/\/media.infocielo.com\/p\/1b1f19ae51b0c00050af106cae29129d\/adjuntos\/299\/imagenes\/001\/665\/0001665586\/887x0\/smart\/e3zm4fdwuaiopdnjpg.jpg\" alt=\"El dirigente, supo ser vice de Atl&eacute;tico y fue quien m&aacute;s pele&oacute; por el retorno del Pulga Rodr&iacute;guez al club.\" title=\"El dirigente, supo ser vice de Atl&eacute;tico y fue quien m&aacute;s pele&oacute; por el retorno del Pulga Rodr&iacute;guez al club.\"\/><\/figure>\n\n\n\n<p>El dirigente, supo ser vice de Atl\u00e9tico y fue quien m\u00e1s pele\u00f3 por el retorno del Pulga Rodr\u00edguez al club.<\/p>\n\n\n\n<h2>El comunicado oficial del Club Atl\u00e9tico Tucum\u00e1n.<\/h2>\n\n\n\n<p>&#8211; La Comisi\u00f3n Directiva del Club Atl\u00e9tico Tucum\u00e1n informa que en el d\u00eda de la fecha el Sr. Miguel Abbond\u00e1ndolo present\u00f3 su renuncia al cargo de Vocal Titular de nuestra instituci\u00f3n.<\/p>\n\n\n\n<h2>La presentaci\u00f3n oficial del socio pidiendo la suspensi\u00f3n y destituci\u00f3n del dirigente<\/h2>\n\n\n\n<figure class=\"wp-block-image\"><img decoding=\"async\" src=\"https:\/\/media.infocielo.com\/p\/a0a7db20fb78bff8caed21f8607ef605\/adjuntos\/299\/imagenes\/001\/665\/0001665607\/887x0\/smart\/socio-atletico-tucuman-hizo-presentacion-oficial-club-para-destituir-al-dirigente-estuvo-cancha-boca-996579-121259png.png\" alt=\"\" title=\"\"\/><\/figure>\n\n\n\n<figure class=\"wp-block-image\"><img decoding=\"async\" src=\"https:\/\/media.infocielo.com\/p\/301dfbcd32e81f12563f44bd6189c444\/adjuntos\/299\/imagenes\/001\/665\/0001665608\/887x0\/smart\/comunicado-completo-996579-121213png.png\" alt=\"\" title=\"\"\/><\/figure>\n\n\n\n<p>Fuente: Infocielo<\/p>\n","protected":false},"excerpt":{"rendered":"<div class=\"mh-excerpt\"><p>El f\u00fatbol argentino vivi\u00f3 una situaci\u00f3n especial este \u00faltimo fin de semana. En medio de la despedida de Juan Rom\u00e1n Riquelme, gente de\u00a0Atl\u00e9tico Tucum\u00e1n\u00a0detect\u00f3 la presencia de uno de sus vocales y la pol\u00e9mica enseguida invadi\u00f3 la regi\u00f3n ya que al\u00a0dirigente\u00a0Miguel Abbond\u00e1ndolo se lo vio flameando una bandera de\u00a0Boca. La inc\u00f3moda situaci\u00f3n gener\u00f3 rechazo en la gente del Decano por lo que el ex vicepresidente del club no s\u00f3lo pidi\u00f3 disculpas y explic\u00f3 los motivos por los que estuvo presente en la Bombonera sino que tambi\u00e9n pidi\u00f3 disculpas a quienes se sintieron molestos para, horas m\u00e1s tarde, presentar la renuncia <a class=\"mh-excerpt-more\" href=\"http:\/\/dsrmedios.com.ar\/diario\/archivos\/36223\" title=\"RENUNCI\u00d3 EL DIRIGENTE QUE FUE VISTO &#8220;IN FRAGANTI&#8221; EN BOCA\">[Leer m\u00e1s]<\/a><\/p>\n<\/div>","protected":false},"author":8,"featured_media":36224,"comment_status":"open","ping_status":"closed","sticky":false,"template":"","format":"standard","meta":{"_jetpack_newsletter_access":""},"categories":[2],"tags":[],"jetpack_featured_media_url":"http:\/\/dsrmedios.com.ar\/diario\/wp-content\/uploads\/2023\/06\/boca-3jpgwebp.webp","jetpack_sharing_enabled":true,"jetpack_shortlink":"https:\/\/wp.me\/p9fihK-9qf","_links":{"self":[{"href":"http:\/\/dsrmedios.com.ar\/diario\/wp-json\/wp\/v2\/posts\/36223"}],"collection":[{"href":"http:\/\/dsrmedios.com.ar\/diario\/wp-json\/wp\/v2\/posts"}],"about":[{"href":"http:\/\/dsrmedios.com.ar\/diario\/wp-json\/wp\/v2\/types\/post"}],"author":[{"embeddable":true,"href":"http:\/\/dsrmedios.com.ar\/diario\/wp-json\/wp\/v2\/users\/8"}],"replies":[{"embeddable":true,"href":"http:\/\/dsrmedios.com.ar\/diario\/wp-json\/wp\/v2\/comments?post=36223"}],"version-history":[{"count":1,"href":"http:\/\/dsrmedios.com.ar\/diario\/wp-json\/wp\/v2\/posts\/36223\/revisions"}],"predecessor-version":[{"id":36225,"href":"http:\/\/dsrmedios.com.ar\/diario\/wp-json\/wp\/v2\/posts\/36223\/revisions\/36225"}],"wp:featuredmedia":[{"embeddable":true,"href":"http:\/\/dsrmedios.com.ar\/diario\/wp-json\/wp\/v2\/media\/36224"}],"wp:attachment":[{"href":"http:\/\/dsrmedios.com.ar\/diario\/wp-json\/wp\/v2\/media?parent=36223"}],"wp:term":[{"taxonomy":"category","embeddable":true,"href":"http:\/\/dsrmedios.com.ar\/diario\/wp-json\/wp\/v2\/categories?post=36223"},{"taxonomy":"post_tag","embeddable":true,"href":"http:\/\/dsrmedios.com.ar\/diario\/wp-json\/wp\/v2\/tags?post=36223"}],"curies":[{"name":"wp","href":"https:\/\/api.w.org\/{rel}","templated":true}]}}