{"id":36212,"date":"2023-06-27T10:00:55","date_gmt":"2023-06-27T13:00:55","guid":{"rendered":"http:\/\/dsrmedios.com.ar\/diario\/?p=36212"},"modified":"2023-06-27T10:00:59","modified_gmt":"2023-06-27T13:00:59","slug":"kicillof-hablo-luego-del-acto-de-cristina-kirchner-con-sergio-massa-la-militancia-estaba-esperando-que-terminaramos-de-ordenar","status":"publish","type":"post","link":"http:\/\/dsrmedios.com.ar\/diario\/archivos\/36212","title":{"rendered":"Kicillof habl\u00f3 luego del acto de Cristina Kirchner con Sergio Massa: \u201cLa militancia estaba esperando que termin\u00e1ramos de ordenar\u201d"},"content":{"rendered":"\n<p>Luego de meses de cruentas internas, el Frente de Todos se reconvirti\u00f3 en&nbsp;<strong>Uni\u00f3n por la Patria<\/strong>&nbsp;y parece que encontr\u00f3 un orden para comenzar a transitar la campa\u00f1a electoral ya definida la f\u00f3rmula presidencial&nbsp;<strong>Sergio Massa &#8211; Agust\u00edn Rossi.<\/strong><\/p>\n\n\n\n<p>En este ensayo de unidad,&nbsp;<strong>Cristina Kirchner<\/strong>&nbsp;y el ministro de Econom\u00eda se mostraron juntos por primera vez tras el cierre de listas y luego del fallido intento de<strong>&nbsp;Eduardo \u201cWado\u201d de Pedro<\/strong>, el favorito del kirchnerismo.<\/p>\n\n\n\n<p>En este contexto habl\u00f3&nbsp;<strong>Axel Kicillof<\/strong>, el gobernador bonaerense que logr\u00f3 su cometido y competir\u00e1 por la reelecci\u00f3n en la provincia que define la elecci\u00f3n nacional.<strong>&nbsp;\u201cHac\u00eda falta terminar de dise\u00f1ar la estrategia electoral<\/strong>, Cristina lo dec\u00eda bien, no podemos discutir entre nosotros y tenemos un compromiso muy grande para hablar y discutir ante los que nos presenta la derecha y&nbsp;<strong>generar una propuesta que vuelva a presentar un entusiasmo\u201d<\/strong>, manifest\u00f3 este lunes por la noche luego del acto en el que la Vicepresidenta y Massa repudiaron los vuelos de la muerte ejecutados en la dictadura militar.<\/p>\n\n\n\n<p>\u201cLa militancia estaba esperando que termin\u00e1ramos de ordenar y creo que el discurso de Cristina aprovech\u00f3 el acto para bajar el bander\u00edn\u201d, consider\u00f3 Kicillof, quien record\u00f3 su paso por el Ministerio de Econom\u00eda para destacar el dif\u00edcil compromiso en el que se encuentra Massa: \u201cA m\u00ed me toc\u00f3 ser ministro en una situaci\u00f3n donde ten\u00edamos a los buitres (holdouts) y un poder econ\u00f3mico concentrado pero Cristina era la presidenta; Sergio est\u00e1 cumpliendo con su trabajo en una situaci\u00f3n muy comprometida en donde hay pandemia, sequ\u00eda y guerra que son condicionamiento muy grave\u201d.\u00a0<strong>\u201cTiene en su sangre la ampliaci\u00f3n de los derechos y la mejora distributiva, a pesar de estos condicionamientos\u201d<\/strong>, respald\u00f3 Kicillof al precandidato a presidente del oficialismo.<\/p>\n\n\n\n<p>El gobernador reconoce que&nbsp;<strong>\u201chay malestar\u201d en la sociedad \u201cpor la situaci\u00f3n econ\u00f3mica\u201d<\/strong>, pero enfatiza que \u201cde esto no se sale ni para atr\u00e1s ni para la derecha, se sale para adelante, para el futuro\u201d. \u201cA la derecha se le cay\u00f3 el maquillaje y hasta el decorado. Est\u00e1n diciendo lo que piensan hacer si ganan las elecciones\u201d, lanz\u00f3 apuntando hacia&nbsp;<strong>Juntos por el Cambio<\/strong>. En declaraciones a C5N, record\u00f3 que semanas atr\u00e1s \u201cla propia (Elisa)<strong>&nbsp;Carri\u00f3 dec\u00eda que si llevan adelante el programa que propone es con violencia, represi\u00f3n, muerte y violaci\u00f3n a los derechos humano<\/strong>s. Lo que tenemos en frente est\u00e1 m\u00e1s claro que nunca\u201d.<\/p>\n\n\n\n<p>En la construcci\u00f3n de su relato de campa\u00f1a, el mandatario provincial volvi\u00f3 a poner sobre la mesa que la Vicepresidenta \u201cest\u00e1 proscripta\u201d y puso el foco en que \u201ctenemos al Fondo Monetario Internacional haciendo revisiones peri\u00f3dicas de un acuerdo que firm\u00f3 (Mauricio) Macri\u201d. \u201cLos pagos que se est\u00e1n haciendo son los que hab\u00eda acordado Macri, el FMI nunca ech\u00f3 atr\u00e1s el desastre que hizo\u201d, agreg\u00f3.<\/p>\n\n\n\n<p>En este contexto carg\u00f3 contra el discurso de la oposici\u00f3n: \u201cHablan de cero obra p\u00fablica, bajar el empleo p\u00fablico, pero cuando recorr\u00e9s la provincia, los vecinos te piden m\u00e1s escuelas, hospitales y obras\u201d.<\/p>\n\n\n\n<p>\u201cLo que vimos con las discusiones de Juntos por el Cambio permite ver un plan de ajuste, pero dentro hay tanta ruptura que no se sabe c\u00f3mo se van a ordenar y no consiguen como expresar con claridad porque se sienten corridos por (Javier) Milei y entonces se los ve en la impostura\u201d, analiz\u00f3.<\/p>\n\n\n\n<p><strong>\u201cEllos dicen que no hay que hacer acuerdos con el kirchnerismo y que el peronismo es lo peor que pas\u00f3, pero la mayor\u00eda de sus dirigentes de la Provincia de Buenos Aires pasaron por el peronismo\u201d<\/strong>, visibiliz\u00f3 Kicillof. \u201cLa derecha tiene muchos candidatos, pero un solo proyecto que es ajustar\u201d, sentenci\u00f3 el precandidato a gobernador.<\/p>\n\n\n\n<p>Fuente: Infobae<\/p>\n","protected":false},"excerpt":{"rendered":"<div class=\"mh-excerpt\"><p>Luego de meses de cruentas internas, el Frente de Todos se reconvirti\u00f3 en&nbsp;Uni\u00f3n por la Patria&nbsp;y parece que encontr\u00f3 un orden para comenzar a transitar la campa\u00f1a electoral ya definida la f\u00f3rmula presidencial&nbsp;Sergio Massa &#8211; Agust\u00edn Rossi. En este ensayo de unidad,&nbsp;Cristina Kirchner&nbsp;y el ministro de Econom\u00eda se mostraron juntos por primera vez tras el cierre de listas y luego del fallido intento de&nbsp;Eduardo \u201cWado\u201d de Pedro, el favorito del kirchnerismo. En este contexto habl\u00f3&nbsp;Axel Kicillof, el gobernador bonaerense que logr\u00f3 su cometido y competir\u00e1 por la reelecci\u00f3n en la provincia que define la elecci\u00f3n nacional.&nbsp;\u201cHac\u00eda falta terminar de dise\u00f1ar <a class=\"mh-excerpt-more\" href=\"http:\/\/dsrmedios.com.ar\/diario\/archivos\/36212\" title=\"Kicillof habl\u00f3 luego del acto de Cristina Kirchner con Sergio Massa: \u201cLa militancia estaba esperando que termin\u00e1ramos de ordenar\u201d\">[Leer m\u00e1s]<\/a><\/p>\n<\/div>","protected":false},"author":8,"featured_media":33910,"comment_status":"open","ping_status":"closed","sticky":false,"template":"","format":"standard","meta":{"_jetpack_newsletter_access":""},"categories":[6],"tags":[],"jetpack_featured_media_url":"http:\/\/dsrmedios.com.ar\/diario\/wp-content\/uploads\/2023\/05\/p14-axel-kicillof-n_optjpeg.jpeg","jetpack_sharing_enabled":true,"jetpack_shortlink":"https:\/\/wp.me\/p9fihK-9q4","_links":{"self":[{"href":"http:\/\/dsrmedios.com.ar\/diario\/wp-json\/wp\/v2\/posts\/36212"}],"collection":[{"href":"http:\/\/dsrmedios.com.ar\/diario\/wp-json\/wp\/v2\/posts"}],"about":[{"href":"http:\/\/dsrmedios.com.ar\/diario\/wp-json\/wp\/v2\/types\/post"}],"author":[{"embeddable":true,"href":"http:\/\/dsrmedios.com.ar\/diario\/wp-json\/wp\/v2\/users\/8"}],"replies":[{"embeddable":true,"href":"http:\/\/dsrmedios.com.ar\/diario\/wp-json\/wp\/v2\/comments?post=36212"}],"version-history":[{"count":1,"href":"http:\/\/dsrmedios.com.ar\/diario\/wp-json\/wp\/v2\/posts\/36212\/revisions"}],"predecessor-version":[{"id":36213,"href":"http:\/\/dsrmedios.com.ar\/diario\/wp-json\/wp\/v2\/posts\/36212\/revisions\/36213"}],"wp:featuredmedia":[{"embeddable":true,"href":"http:\/\/dsrmedios.com.ar\/diario\/wp-json\/wp\/v2\/media\/33910"}],"wp:attachment":[{"href":"http:\/\/dsrmedios.com.ar\/diario\/wp-json\/wp\/v2\/media?parent=36212"}],"wp:term":[{"taxonomy":"category","embeddable":true,"href":"http:\/\/dsrmedios.com.ar\/diario\/wp-json\/wp\/v2\/categories?post=36212"},{"taxonomy":"post_tag","embeddable":true,"href":"http:\/\/dsrmedios.com.ar\/diario\/wp-json\/wp\/v2\/tags?post=36212"}],"curies":[{"name":"wp","href":"https:\/\/api.w.org\/{rel}","templated":true}]}}