{"id":36201,"date":"2023-06-27T09:53:23","date_gmt":"2023-06-27T12:53:23","guid":{"rendered":"http:\/\/dsrmedios.com.ar\/diario\/?p=36201"},"modified":"2023-06-27T09:53:26","modified_gmt":"2023-06-27T12:53:26","slug":"el-equipo-economico-asegura-que-la-candidatura-de-massa-favorece-la-negociacion-con-el-fondo-monetario","status":"publish","type":"post","link":"http:\/\/dsrmedios.com.ar\/diario\/archivos\/36201","title":{"rendered":"El equipo econ\u00f3mico asegura que la candidatura de Massa favorece la negociaci\u00f3n con el Fondo Monetario"},"content":{"rendered":"\n<p>Tras la definici\u00f3n de la candidatura presidencial del oficialismo en favor de Sergio Massa y una primera reuni\u00f3n de equipo para definir los ejes inmediatos de la gesti\u00f3n, varios funcionarios del equipo econ\u00f3mico salieron a dar declaraciones en distintos medios y a explicar las prioridades. Entre ellas, el cierre de las negociaciones con el Fondo Monetario Internacional (FMI) para destrabar los desembolsos que alivien la situaci\u00f3n de las reservas.<\/p>\n\n\n\n<p>La agenda prev\u00e9 un pago parcial y un viaje del Massa a Washington que puede concretarse en breve. El viceministro Gabriel Rubinstein, que encabez\u00f3 el contacto con los equipos t\u00e9cnicos del Fondo, enfatiz\u00f3 que esta semana habr\u00e1 importantes novedades en la negociaci\u00f3n que hasta ahora vino llev\u00e1ndose a cabo v\u00eda Zoom.<\/p>\n\n\n\n<p>Por su parte, el secretario de Industria Jos\u00e9 Ignacio de Mendiguren consider\u00f3 adem\u00e1s por FM Milenium que la designaci\u00f3n de Massa para competir en las presidenciales \u201cfavorece a las negociaciones con el Fondo, porque al ser un candidato de unidad tiene m\u00e1s poder para tomar decisiones\u201d.<\/p>\n\n\n\n<p>El funcionario, que es uno de los hombres de confianza del ministro de Econom\u00eda ven\u00eda insistiendo desde hace varias semanas con la posibilidad de que Massa pueda desarrollar su campa\u00f1a electoral y al mismo tiempo continuar en su puesto: \u201cQu\u00e9 mejor que ocuparse de la gesti\u00f3n y buscarle una soluci\u00f3n a los problemas\u201d, indic\u00f3.<\/p>\n\n\n\n<p>De esta forma, desde el entorno de Massa salieron a dar una se\u00f1al de optimismo respecto a la marcha de las negociaciones con el FMI, dejando trascender la posibilidad de un importante acercamiento para los pr\u00f3ximos d\u00edas. La urgencia por cerrar ese trato se vincula con las reservas. Ayer, a pesar de haber sido un d\u00eda positivo en el terreno cambiario con compras del BCRA en el mercado, las reservas brutas cayeron otros USD 120 millones.<\/p>\n\n\n\n<p>Por otra parte, De Mendiguren arriesg\u00f3 su visi\u00f3n sobre las restricciones cambiarias, un tema que seguramente ser\u00e1 discutido en la campa\u00f1a: \u201cEl objetivo es que Argentina vuelva a funcionar con normalidad y para eso tenemos que tener un solo tipo de cambio. El tema es hacerlo de manera ordenada para no tener que dar marcha atr\u00e1s\u201d.<\/p>\n\n\n\n<p>El secretario de Industria y Desarrollo Productivo asegur\u00f3 que hay que evitar caer en los errores de Mauricio Macri: \u201cSacaron el cepo y lo volvieron a poner, bajaron las retenciones y luego las aumentaron, arrancaron subiendo tarifas y despu\u00e9s las tuvieron que congelar\u201d.<\/p>\n\n\n\n<p>En relaci\u00f3n al cepo, Massa no dio un solo paso desde que es ministro de Econom\u00eda para desandar el camino de las restricciones cambiarias. Es m\u00e1s, las trabas se fueron profundizando a medida que se aceler\u00f3 la p\u00e9rdida de reservas. Por otra parte, tampoco estuvo dispuesto a sincerar el d\u00f3alr oficial, cuando la brecha ronda el 90%. Una unificaci\u00f3n cambiaria dif\u00edcilmente pueda lograrse sin un importante salto del tipo de cambio oficial.<\/p>\n\n\n\n<blockquote class=\"wp-block-quote\">\n<p>Seg\u00fan De Mendiguren, la designaci\u00f3n de Massa para competir en las presidenciales \u201cfavorece a las negociaciones con el Fondo, porque al ser un candidato de unidad tiene m\u00e1s poder para tomar decisiones\u201d<\/p>\n<\/blockquote>\n\n\n\n<p>Pero al mismo tiempo, tambi\u00e9n Massa y su equipo estar\u00e1n obligados a dar m\u00e1s definiciones sobre la econom\u00eda que viene. Por supuesto que el principal cuestionamiento es que arranquen ahora con lo que proponen, incluyendo la posibilidad unificar el tipo de cambio.<\/p>\n\n\n\n<p>En su momento, Rubinstein hab\u00eda casi congelado esa posibilidad. \u201cLa Argentina precisar\u00eda por lo menos USD 40.000 millones de reservas netas para unificar el tipo de cambio\u201d, se\u00f1al\u00f3 a fines del a\u00f1o pasado. Claro que ese n\u00famero actualmente es negativo y dif\u00edcilmente crezca significativamente cuando asuma la pr\u00f3xima administraci\u00f3n.<\/p>\n\n\n\n<p>En la oposici\u00f3n ya dejaron en claro que salir del cepo cambiario ser\u00e1 una de las prioridades, aunque no ser\u00eda el primer paso luego del 10 de diciembre. La prioridad pasar\u00eda por equilibrar las cuentas p\u00fablicas como un paso imprescindible para luego levantar las trabas cambiarias.<\/p>\n\n\n\n<p>El futuro del cepo y la unificaci\u00f3n del tipo de cambio ser\u00e1 sin lugar a dudas uno de los principales temas que deber\u00e1n contestar los distintos candidatos durante la campa\u00f1a. Pero mientras Javier Milei insiste con la posibilidad de ir a una dolarizaci\u00f3n, Patricia Bullrich habla de ir a un sistema bimonetario, donde el peso y el d\u00f3lar puedan circular libremente. Horacio Rodr\u00edguez Larreta tiene un enfoque m\u00e1s tradicional, con una primera etapa de consolidaci\u00f3n de las cuentas p\u00fablicas para luego dar lugar a la eliminaci\u00f3n de las barreras para acceder al mercado cambiario<\/p>\n\n\n\n<p>Fuente: Infobae<\/p>\n","protected":false},"excerpt":{"rendered":"<div class=\"mh-excerpt\"><p>Tras la definici\u00f3n de la candidatura presidencial del oficialismo en favor de Sergio Massa y una primera reuni\u00f3n de equipo para definir los ejes inmediatos de la gesti\u00f3n, varios funcionarios del equipo econ\u00f3mico salieron a dar declaraciones en distintos medios y a explicar las prioridades. Entre ellas, el cierre de las negociaciones con el Fondo Monetario Internacional (FMI) para destrabar los desembolsos que alivien la situaci\u00f3n de las reservas. La agenda prev\u00e9 un pago parcial y un viaje del Massa a Washington que puede concretarse en breve. El viceministro Gabriel Rubinstein, que encabez\u00f3 el contacto con los equipos t\u00e9cnicos del <a class=\"mh-excerpt-more\" href=\"http:\/\/dsrmedios.com.ar\/diario\/archivos\/36201\" title=\"El equipo econ\u00f3mico asegura que la candidatura de Massa favorece la negociaci\u00f3n con el Fondo Monetario\">[Leer m\u00e1s]<\/a><\/p>\n<\/div>","protected":false},"author":8,"featured_media":36202,"comment_status":"open","ping_status":"closed","sticky":false,"template":"","format":"standard","meta":{"_jetpack_newsletter_access":""},"categories":[6],"tags":[],"jetpack_featured_media_url":"http:\/\/dsrmedios.com.ar\/diario\/wp-content\/uploads\/2023\/06\/descarga-37.jpg","jetpack_sharing_enabled":true,"jetpack_shortlink":"https:\/\/wp.me\/p9fihK-9pT","_links":{"self":[{"href":"http:\/\/dsrmedios.com.ar\/diario\/wp-json\/wp\/v2\/posts\/36201"}],"collection":[{"href":"http:\/\/dsrmedios.com.ar\/diario\/wp-json\/wp\/v2\/posts"}],"about":[{"href":"http:\/\/dsrmedios.com.ar\/diario\/wp-json\/wp\/v2\/types\/post"}],"author":[{"embeddable":true,"href":"http:\/\/dsrmedios.com.ar\/diario\/wp-json\/wp\/v2\/users\/8"}],"replies":[{"embeddable":true,"href":"http:\/\/dsrmedios.com.ar\/diario\/wp-json\/wp\/v2\/comments?post=36201"}],"version-history":[{"count":1,"href":"http:\/\/dsrmedios.com.ar\/diario\/wp-json\/wp\/v2\/posts\/36201\/revisions"}],"predecessor-version":[{"id":36203,"href":"http:\/\/dsrmedios.com.ar\/diario\/wp-json\/wp\/v2\/posts\/36201\/revisions\/36203"}],"wp:featuredmedia":[{"embeddable":true,"href":"http:\/\/dsrmedios.com.ar\/diario\/wp-json\/wp\/v2\/media\/36202"}],"wp:attachment":[{"href":"http:\/\/dsrmedios.com.ar\/diario\/wp-json\/wp\/v2\/media?parent=36201"}],"wp:term":[{"taxonomy":"category","embeddable":true,"href":"http:\/\/dsrmedios.com.ar\/diario\/wp-json\/wp\/v2\/categories?post=36201"},{"taxonomy":"post_tag","embeddable":true,"href":"http:\/\/dsrmedios.com.ar\/diario\/wp-json\/wp\/v2\/tags?post=36201"}],"curies":[{"name":"wp","href":"https:\/\/api.w.org\/{rel}","templated":true}]}}