{"id":3620,"date":"2018-01-18T07:22:15","date_gmt":"2018-01-18T10:22:15","guid":{"rendered":"http:\/\/dsrmedios.com.ar\/diario\/?p=3620"},"modified":"2018-01-18T07:23:15","modified_gmt":"2018-01-18T10:23:15","slug":"3620","status":"publish","type":"post","link":"http:\/\/dsrmedios.com.ar\/diario\/archivos\/3620","title":{"rendered":"EL HCD de SU\u00e1rez decreto la emergencia laborar por la situaci\u00f3n en DASS"},"content":{"rendered":"<p>El Concejo Deliberante de Coronel Su\u00e1rez declar\u00f3 la Emergencia Laboral a partir de la grave situaci\u00f3n que atraviesa el distrito por la suspensi\u00f3n de unos 300 trabajadores de la f\u00e1brica de calzados DASS, que se suman a otros que 500 que pasaron a retiro voluntario.<\/p>\n<p>La normativa, aprobada por unanimidad, tendr\u00e1 una duraci\u00f3n de un a\u00f1o e insta al Ejecutivo a gestionar ante la provincia de Buenos Aires y la Naci\u00f3n la instrumentaci\u00f3n de medidas para evitar que se pierdan m\u00e1s fuentes laborales en el sector privado.<\/p>\n<p>Adem\u00e1s, convoca a evitar la ca\u00edda del empleo en dependencias locales de emprendimientos comerciales, industriales de todos los rubros y agropecuarios.<\/p>\n<p>A su vez, solicitan que el Municipio disponga de partidas del presupuesto de la secretar\u00eda de Producci\u00f3n para generar microemprendimientos y su sostenimiento a trav\u00e9s del pago de alquileres de los espacios f\u00edsicos, de servicios p\u00fablicos para el desarrollo de los referidos emprendimientos y la materia prima, entre otros.<\/p>\n","protected":false},"excerpt":{"rendered":"<div class=\"mh-excerpt\"><p>El Concejo Deliberante de Coronel Su\u00e1rez declar\u00f3 la Emergencia Laboral a partir de la grave situaci\u00f3n que atraviesa el distrito por la suspensi\u00f3n de unos 300 trabajadores de la f\u00e1brica de calzados DASS, que se suman a otros que 500 que pasaron a retiro voluntario. La normativa, aprobada por unanimidad, tendr\u00e1 una duraci\u00f3n de un a\u00f1o e insta al Ejecutivo a gestionar ante la provincia de Buenos Aires y la Naci\u00f3n la instrumentaci\u00f3n de medidas para evitar que se pierdan m\u00e1s fuentes laborales en el sector privado. Adem\u00e1s, convoca a evitar la ca\u00edda del empleo en dependencias locales de emprendimientos <a class=\"mh-excerpt-more\" href=\"http:\/\/dsrmedios.com.ar\/diario\/archivos\/3620\" title=\"EL HCD de SU\u00e1rez decreto la emergencia laborar por la situaci\u00f3n en DASS\">[Leer m\u00e1s]<\/a><\/p>\n<\/div>","protected":false},"author":5,"featured_media":3621,"comment_status":"open","ping_status":"closed","sticky":false,"template":"","format":"standard","meta":{"_jetpack_newsletter_access":""},"categories":[18,8],"tags":[],"jetpack_featured_media_url":"http:\/\/dsrmedios.com.ar\/diario\/wp-content\/uploads\/2018\/01\/SSIP-MOVILIZACION-A-PANGARE-EN-DASS-CORONEL-SUAREZ-5.jpg","jetpack_sharing_enabled":true,"jetpack_shortlink":"https:\/\/wp.me\/s9fihK-3620","_links":{"self":[{"href":"http:\/\/dsrmedios.com.ar\/diario\/wp-json\/wp\/v2\/posts\/3620"}],"collection":[{"href":"http:\/\/dsrmedios.com.ar\/diario\/wp-json\/wp\/v2\/posts"}],"about":[{"href":"http:\/\/dsrmedios.com.ar\/diario\/wp-json\/wp\/v2\/types\/post"}],"author":[{"embeddable":true,"href":"http:\/\/dsrmedios.com.ar\/diario\/wp-json\/wp\/v2\/users\/5"}],"replies":[{"embeddable":true,"href":"http:\/\/dsrmedios.com.ar\/diario\/wp-json\/wp\/v2\/comments?post=3620"}],"version-history":[{"count":2,"href":"http:\/\/dsrmedios.com.ar\/diario\/wp-json\/wp\/v2\/posts\/3620\/revisions"}],"predecessor-version":[{"id":3623,"href":"http:\/\/dsrmedios.com.ar\/diario\/wp-json\/wp\/v2\/posts\/3620\/revisions\/3623"}],"wp:featuredmedia":[{"embeddable":true,"href":"http:\/\/dsrmedios.com.ar\/diario\/wp-json\/wp\/v2\/media\/3621"}],"wp:attachment":[{"href":"http:\/\/dsrmedios.com.ar\/diario\/wp-json\/wp\/v2\/media?parent=3620"}],"wp:term":[{"taxonomy":"category","embeddable":true,"href":"http:\/\/dsrmedios.com.ar\/diario\/wp-json\/wp\/v2\/categories?post=3620"},{"taxonomy":"post_tag","embeddable":true,"href":"http:\/\/dsrmedios.com.ar\/diario\/wp-json\/wp\/v2\/tags?post=3620"}],"curies":[{"name":"wp","href":"https:\/\/api.w.org\/{rel}","templated":true}]}}