{"id":36118,"date":"2023-06-25T18:02:10","date_gmt":"2023-06-25T21:02:10","guid":{"rendered":"http:\/\/dsrmedios.com.ar\/diario\/?p=36118"},"modified":"2023-06-25T18:02:14","modified_gmt":"2023-06-25T21:02:14","slug":"el-profesor-roberto-fernandez-encabezara-la-lista-union-por-la-patria-adolfo-alsina","status":"publish","type":"post","link":"http:\/\/dsrmedios.com.ar\/diario\/archivos\/36118","title":{"rendered":"El profesor Roberto Fern\u00e1ndez encabezar\u00e1 la lista Uni\u00f3n por la Patria Adolfo Alsina"},"content":{"rendered":"\n<p>Es el acuerdo de varias corrientes internas del justicialismo local.<\/p>\n\n\n\n<figure class=\"wp-block-image size-full\"><a href=\"http:\/\/dsrmedios.com.ar\/diario\/wp-content\/uploads\/2023\/06\/roberto-fernandez-up.jpeg\"><img decoding=\"async\" loading=\"lazy\" width=\"720\" height=\"900\" src=\"http:\/\/dsrmedios.com.ar\/diario\/wp-content\/uploads\/2023\/06\/roberto-fernandez-up.jpeg\" alt=\"\" class=\"wp-image-36119\" srcset=\"http:\/\/dsrmedios.com.ar\/diario\/wp-content\/uploads\/2023\/06\/roberto-fernandez-up.jpeg 720w, http:\/\/dsrmedios.com.ar\/diario\/wp-content\/uploads\/2023\/06\/roberto-fernandez-up-240x300.jpeg 240w\" sizes=\"(max-width: 720px) 100vw, 720px\" \/><\/a><\/figure>\n","protected":false},"excerpt":{"rendered":"<div class=\"mh-excerpt\"><p>Es el acuerdo de varias corrientes internas del justicialismo local.<\/p>\n<\/div>","protected":false},"author":5,"featured_media":36120,"comment_status":"open","ping_status":"closed","sticky":false,"template":"","format":"standard","meta":{"_jetpack_newsletter_access":""},"categories":[18],"tags":[],"jetpack_featured_media_url":"http:\/\/dsrmedios.com.ar\/diario\/wp-content\/uploads\/2023\/06\/roberto-fernandez1.jpg","jetpack_sharing_enabled":true,"jetpack_shortlink":"https:\/\/wp.me\/p9fihK-9oy","_links":{"self":[{"href":"http:\/\/dsrmedios.com.ar\/diario\/wp-json\/wp\/v2\/posts\/36118"}],"collection":[{"href":"http:\/\/dsrmedios.com.ar\/diario\/wp-json\/wp\/v2\/posts"}],"about":[{"href":"http:\/\/dsrmedios.com.ar\/diario\/wp-json\/wp\/v2\/types\/post"}],"author":[{"embeddable":true,"href":"http:\/\/dsrmedios.com.ar\/diario\/wp-json\/wp\/v2\/users\/5"}],"replies":[{"embeddable":true,"href":"http:\/\/dsrmedios.com.ar\/diario\/wp-json\/wp\/v2\/comments?post=36118"}],"version-history":[{"count":1,"href":"http:\/\/dsrmedios.com.ar\/diario\/wp-json\/wp\/v2\/posts\/36118\/revisions"}],"predecessor-version":[{"id":36121,"href":"http:\/\/dsrmedios.com.ar\/diario\/wp-json\/wp\/v2\/posts\/36118\/revisions\/36121"}],"wp:featuredmedia":[{"embeddable":true,"href":"http:\/\/dsrmedios.com.ar\/diario\/wp-json\/wp\/v2\/media\/36120"}],"wp:attachment":[{"href":"http:\/\/dsrmedios.com.ar\/diario\/wp-json\/wp\/v2\/media?parent=36118"}],"wp:term":[{"taxonomy":"category","embeddable":true,"href":"http:\/\/dsrmedios.com.ar\/diario\/wp-json\/wp\/v2\/categories?post=36118"},{"taxonomy":"post_tag","embeddable":true,"href":"http:\/\/dsrmedios.com.ar\/diario\/wp-json\/wp\/v2\/tags?post=36118"}],"curies":[{"name":"wp","href":"https:\/\/api.w.org\/{rel}","templated":true}]}}