{"id":36110,"date":"2023-06-25T11:51:15","date_gmt":"2023-06-25T14:51:15","guid":{"rendered":"http:\/\/dsrmedios.com.ar\/diario\/?p=36110"},"modified":"2023-06-25T11:51:19","modified_gmt":"2023-06-25T14:51:19","slug":"elecciones-2023-argentina-estas-son-las-formulas-presidenciales-que-competiran-en-las-paso","status":"publish","type":"post","link":"http:\/\/dsrmedios.com.ar\/diario\/archivos\/36110","title":{"rendered":"Elecciones 2023 Argentina: estas son las f\u00f3rmulas presidenciales que competir\u00e1n en las PASO"},"content":{"rendered":"\n<p>Luego de meses de tensas negociaciones, fuertes internas y hasta cambios de \u00faltimo momento, finalmente este s\u00e1bado quedaron conformadas<strong>&nbsp;las listas con los candidatos&nbsp;<\/strong>de los principales frentes pol\u00edticos que&nbsp;<strong>competir\u00e1n en las Elecciones Primarias, Abiertas, Simult\u00e1neas y Obligatorias&nbsp;<\/strong>(PASO) del pr\u00f3ximo 13 de agosto.<\/p>\n\n\n\n<p>Se trat\u00f3 de un cierre fren\u00e9tico marcado por la incertidumbre dentro de algunos espacios que, hasta horas antes del l\u00edmite para la presentaci\u00f3n de los competidores, a\u00fan no hab\u00edan definido sus f\u00f3rmulas. Tambi\u00e9n con bajas que causaron sorpresa -como la de&nbsp;<strong>Eduardo \u201cWado\u201d de Pedro,<\/strong>&nbsp;cuya postulaci\u00f3n fue&nbsp;<a href=\"https:\/\/www.infobae.com\/politica\/2023\/06\/24\/el-mensaje-de-wado-de-pedro-luego-de-declinar-su-candidatura-y-la-respuesta-de-sergio-massa\/\" target=\"_blank\" rel=\"noreferrer noopener\">declinada en la noche del viernes<\/a>&#8211; y lanzamientos frustrados como el de Facundo Manes, que en menos de<a href=\"https:\/\/www.infobae.com\/politica\/2023\/06\/24\/a-menos-de-24-horas-de-lanzarse-facundo-manes-bajo-su-precandidatura-a-presidente\/\" target=\"_blank\" rel=\"noreferrer noopener\">&nbsp;un d\u00eda se present\u00f3 y se baj\u00f3 de la carrera.<\/a><\/p>\n\n\n\n<p>Ser\u00e1n&nbsp;<strong>catorce en total los partidos pol\u00edticos<\/strong>&nbsp;que competir\u00e1n:&nbsp;<strong>Uni\u00f3n por la Patria, Juntos por el Cambio, La Libertad Avanza, Hacemos por Nuestro Pa\u00eds, Frente de Izquierda, Nuevo M\u00e1s, Pol\u00edtica Obrera, Libres del Sur, Frente Patriota Federal, Principios y Valores, Demos, Frente Liber.Ar, Paz Democracia y Soberan\u00eda y Movimiento Izquierda Juventud Dignidad.<\/strong><\/p>\n\n\n\n<h2>Qui\u00e9nes son los candidatos<\/h2>\n\n\n\n<p>El oficialismo logr\u00f3 concretar, a contrarreloj, una lista de unidad nacional. El candidato a presidente por&nbsp;<strong>Uni\u00f3n por la Patria<\/strong>&nbsp;ser\u00e1 el actual ministro de Econom\u00eda,&nbsp;<strong>Sergio Massa<\/strong>, y su vice&nbsp;<strong>Agust\u00edn Rossi,<\/strong>&nbsp;jefe de Gabinete. El binomio fue confirmado pasadas las 20 del viernes: hasta ese momento, iban a ser el ministro del Interior, Eduardo \u201cWado\u201d de Pedro, y el gobernador de Tucum\u00e1n,&nbsp;<strong>Juan Manzur,<\/strong>&nbsp;quienes pelear\u00edan una interna contra&nbsp;<strong>Daniel Scioli<\/strong>, que tambi\u00e9n se presentaba como precandidato. Ambos desistieron a presentarse.<\/p>\n\n\n\n<p><img decoding=\"async\" loading=\"lazy\" alt=\"Sergio Massa y Agust\u00edn Rossi, candidatos del oficialismo\" height=\"1920\" width=\"1080\" class=\"\" src=\"https:\/\/cloudfront-us-east-1.images.arcpublishing.com\/infobae\/JW6MKBOHEJHMLK2RFSUFAGICV4.jpg\" srcset=\"https:\/\/www.infobae.com\/new-resizer\/78hz6WXFd9y_QSeyeWB_WC4L2vs=\/420x747\/filters:format(webp):quality(85)\/cloudfront-us-east-1.images.arcpublishing.com\/infobae\/JW6MKBOHEJHMLK2RFSUFAGICV4.jpg 420w,https:\/\/www.infobae.com\/new-resizer\/MrQoZz_PRX26HAAslKP8YU9JZ6k=\/768x1365\/filters:format(webp):quality(85)\/cloudfront-us-east-1.images.arcpublishing.com\/infobae\/JW6MKBOHEJHMLK2RFSUFAGICV4.jpg 768w,https:\/\/www.infobae.com\/new-resizer\/hKLuK6f9tRDwufz9YThpPiGhLJ4=\/992x1764\/filters:format(webp):quality(85)\/cloudfront-us-east-1.images.arcpublishing.com\/infobae\/JW6MKBOHEJHMLK2RFSUFAGICV4.jpg 992w,https:\/\/www.infobae.com\/new-resizer\/ENOVJm3ybShC71eniatSXvzOv6U=\/1200x2133\/filters:format(webp):quality(85)\/cloudfront-us-east-1.images.arcpublishing.com\/infobae\/JW6MKBOHEJHMLK2RFSUFAGICV4.jpg 1200w\">Sergio Massa y Agust\u00edn Rossi, candidatos del oficialismo<\/p>\n\n\n\n<p>En las \u00faltimas horas del s\u00e1bado,&nbsp;<strong>Juan Grabois<\/strong>&nbsp;confirm\u00f3 que consigui\u00f3 los avales para ser candidato y finalmente competir\u00e1 en las PASO contra Sergio Massa. El dirigente del Frente Patria Grande hab\u00eda criticado al ministro de Econom\u00eda y por eso, luego de declinar su postulaci\u00f3n, volvi\u00f3 a subirse a la competencia. A pesar de esto,&nbsp;<strong>habr\u00e1 lista de unidad en la categor\u00eda de diputados nacionales.<\/strong><\/p>\n\n\n\n<p><img decoding=\"async\" loading=\"lazy\" alt=\"Horacio Rodr\u00edguez Larreta y Gerardo Morales, una de las f\u00f3rmulas de Juntos por el Cambio \" height=\"1920\" width=\"1080\" class=\"\" src=\"https:\/\/cloudfront-us-east-1.images.arcpublishing.com\/infobae\/DBZ62U5PYRDOVFUMPRTQR4FB4E.jpg\" srcset=\"https:\/\/www.infobae.com\/new-resizer\/RSKWOFbJac8dIqH7k7YE-3GGz4s=\/420x747\/filters:format(webp):quality(85)\/cloudfront-us-east-1.images.arcpublishing.com\/infobae\/DBZ62U5PYRDOVFUMPRTQR4FB4E.jpg 420w,https:\/\/www.infobae.com\/new-resizer\/pTDIMLjIfGwPY0ZemcV_oGMh2EI=\/768x1365\/filters:format(webp):quality(85)\/cloudfront-us-east-1.images.arcpublishing.com\/infobae\/DBZ62U5PYRDOVFUMPRTQR4FB4E.jpg 768w,https:\/\/www.infobae.com\/new-resizer\/JQKhwO-YU1uUHE1pbb8d8XnkSYI=\/992x1764\/filters:format(webp):quality(85)\/cloudfront-us-east-1.images.arcpublishing.com\/infobae\/DBZ62U5PYRDOVFUMPRTQR4FB4E.jpg 992w,https:\/\/www.infobae.com\/new-resizer\/tiOfktu9ehgy12EgWaZ_VzSXpN4=\/1200x2133\/filters:format(webp):quality(85)\/cloudfront-us-east-1.images.arcpublishing.com\/infobae\/DBZ62U5PYRDOVFUMPRTQR4FB4E.jpg 1200w\">Horacio Rodr\u00edguez Larreta y Gerardo Morales, una de las f\u00f3rmulas de Juntos por el Cambio<\/p>\n\n\n\n<p>En&nbsp;<strong>Juntos por el Cambio<\/strong>, por su parte, habr\u00e1 interna. Por un lado, estar\u00e1<strong>&nbsp;Horacio Rodr\u00edguez Larreta<\/strong>, quien se presentar\u00e1 como precandidato a presidente acompa\u00f1ado por el gobernador de Jujuy<strong>&nbsp;Gerardo Morales<\/strong>, que ir\u00e1 como vice. En la otra boleta se ver\u00e1 la f\u00f3rmula presidencial encabezada por la dirigente del PRO,&nbsp;<strong>Patricia Bullrich,&nbsp;<\/strong>quien ser\u00e1 secundada por el diputado&nbsp;<strong>Luis Petri<\/strong>&nbsp;y competir\u00e1n para llegar a las elecciones de octubre.<\/p>\n\n\n\n<p><img decoding=\"async\" loading=\"lazy\" alt=\"Patricia Bullrich y Luis Petri, los otros postulantes de la oposici\u00f3n \" height=\"1920\" width=\"1080\" class=\"\" src=\"https:\/\/cloudfront-us-east-1.images.arcpublishing.com\/infobae\/BHJIVLV44RBU5K57BISL7VLLIQ.jpg\" srcset=\"https:\/\/www.infobae.com\/new-resizer\/iV2NUe2dgUeZ90dG3GwRW7PVpgU=\/420x747\/filters:format(webp):quality(85)\/cloudfront-us-east-1.images.arcpublishing.com\/infobae\/BHJIVLV44RBU5K57BISL7VLLIQ.jpg 420w,https:\/\/www.infobae.com\/new-resizer\/pLCdSXP3HeqQqg6tZceDXXZu9u4=\/768x1365\/filters:format(webp):quality(85)\/cloudfront-us-east-1.images.arcpublishing.com\/infobae\/BHJIVLV44RBU5K57BISL7VLLIQ.jpg 768w,https:\/\/www.infobae.com\/new-resizer\/zOPuHdG9JEDxxc6BWF3GouM5ZFU=\/992x1764\/filters:format(webp):quality(85)\/cloudfront-us-east-1.images.arcpublishing.com\/infobae\/BHJIVLV44RBU5K57BISL7VLLIQ.jpg 992w,https:\/\/www.infobae.com\/new-resizer\/6ximl01t15G056fdllIb3Ld-7Jw=\/1200x2133\/filters:format(webp):quality(85)\/cloudfront-us-east-1.images.arcpublishing.com\/infobae\/BHJIVLV44RBU5K57BISL7VLLIQ.jpg 1200w\">Patricia Bullrich y Luis Petri, los otros postulantes de la oposici\u00f3n<\/p>\n\n\n\n<p><strong>La Libertad Avanza<\/strong>\u00a0ir\u00e1 a las urnas con el diputado y fundador de partido,\u00a0<strong>Javier Milei\u00a0<\/strong>-que se postula para la presidencia- y la legisladora liberal\u00a0<strong>Victoria Villarruel<\/strong>, que lo acompa\u00f1ar\u00e1 como su precandidata a vicepresidenta. La dupla la confirmaron varias semanas antes del cierre de listas, a diferencia de sus competidores.<\/p>\n\n\n\n<p><img decoding=\"async\" loading=\"lazy\" alt=\"Juan Schiaretti y Florencio Randazzo \" height=\"1920\" width=\"1080\" class=\"\" src=\"https:\/\/cloudfront-us-east-1.images.arcpublishing.com\/infobae\/ZBC2BL2TMNCVZKNK2ERAPMCFRU.jpg\" srcset=\"https:\/\/www.infobae.com\/new-resizer\/BZHB5ofPOz4Hi0nI0XFOgBYagAE=\/420x747\/filters:format(webp):quality(85)\/cloudfront-us-east-1.images.arcpublishing.com\/infobae\/ZBC2BL2TMNCVZKNK2ERAPMCFRU.jpg 420w,https:\/\/www.infobae.com\/new-resizer\/7KQGwt4__7F2zNm60z8m9VGjGZg=\/768x1365\/filters:format(webp):quality(85)\/cloudfront-us-east-1.images.arcpublishing.com\/infobae\/ZBC2BL2TMNCVZKNK2ERAPMCFRU.jpg 768w,https:\/\/www.infobae.com\/new-resizer\/7Trzdab2AELOxZ9_sxjsluWYrs4=\/992x1764\/filters:format(webp):quality(85)\/cloudfront-us-east-1.images.arcpublishing.com\/infobae\/ZBC2BL2TMNCVZKNK2ERAPMCFRU.jpg 992w,https:\/\/www.infobae.com\/new-resizer\/i3gtDmMNbyjfZzZfxFV6kULkT-o=\/1200x2133\/filters:format(webp):quality(85)\/cloudfront-us-east-1.images.arcpublishing.com\/infobae\/ZBC2BL2TMNCVZKNK2ERAPMCFRU.jpg 1200w\">Juan Schiaretti y Florencio Randazzo<\/p>\n\n\n\n<p>El partido&nbsp;<strong>Hacemos por Nuestro Pa\u00eds<\/strong>&nbsp;se presentar\u00e1 en las PASO con el gobernador de C\u00f3rdoba<strong>&nbsp;Juan Schiaretti&nbsp;<\/strong>encabezando a f\u00f3rmula presidencial y el diputado&nbsp;<strong>Florencio Randazzo&nbsp;<\/strong>como su vice. La alianza que representan est\u00e1 integrada por el peronismo cordob\u00e9s, el Partido Socialista, el Partido Dem\u00f3crata Cristiano, el Partido Autonomista y otras fuerzas provinciales m\u00e1s peque\u00f1as.<\/p>\n\n\n\n<p><img decoding=\"async\" loading=\"lazy\" alt=\"Myriam Bregman y Nicol\u00e1s del Ca\u00f1o\" height=\"1920\" width=\"1080\" class=\"\" src=\"https:\/\/cloudfront-us-east-1.images.arcpublishing.com\/infobae\/5P3SKH3SOBBZVCOTTGWOU3XZEU.jpg\" srcset=\"https:\/\/www.infobae.com\/new-resizer\/0jJi8kRzd-OWqkhE0gM60oeQMdA=\/420x747\/filters:format(webp):quality(85)\/cloudfront-us-east-1.images.arcpublishing.com\/infobae\/5P3SKH3SOBBZVCOTTGWOU3XZEU.jpg 420w,https:\/\/www.infobae.com\/new-resizer\/aICieObOY6intBz22a43a9x22iE=\/768x1365\/filters:format(webp):quality(85)\/cloudfront-us-east-1.images.arcpublishing.com\/infobae\/5P3SKH3SOBBZVCOTTGWOU3XZEU.jpg 768w,https:\/\/www.infobae.com\/new-resizer\/gkdM554W55vI5eIHx7niFmy1AFc=\/992x1764\/filters:format(webp):quality(85)\/cloudfront-us-east-1.images.arcpublishing.com\/infobae\/5P3SKH3SOBBZVCOTTGWOU3XZEU.jpg 992w,https:\/\/www.infobae.com\/new-resizer\/SCpWrJ1YE4pIxauBD0lVhNaPif4=\/1200x2133\/filters:format(webp):quality(85)\/cloudfront-us-east-1.images.arcpublishing.com\/infobae\/5P3SKH3SOBBZVCOTTGWOU3XZEU.jpg 1200w\">Myriam Bregman y Nicol\u00e1s del Ca\u00f1o<\/p>\n\n\n\n<p>El&nbsp;<strong>Frente de Izquierda<\/strong>&nbsp;tambi\u00e9n tendr\u00e1 interna: de un lado se presentar\u00e1 la diputada&nbsp;<strong>Myriam Bregman<\/strong>&nbsp;junto al legislador&nbsp;<strong>Nicol\u00e1s del Ca\u00f1o<\/strong>, quienes se presentar\u00e1n como precandidato a presidente y vicepresidente, respectivamente. El otro bimonio ser\u00e1 el de&nbsp;<strong>Gabriel Solano y Vilma Ripoll<\/strong>, que representar\u00e1n la lista \u201cUnidad de luchadores y la izquierda\u201d, integrada por el Partido Obrero y MST.<\/p>\n\n\n\n<p><img decoding=\"async\" loading=\"lazy\" alt=\"Manuela Casta\u00f1eira ir\u00e1 con Lucas Ruiz \" height=\"1920\" width=\"1080\" class=\"\" src=\"https:\/\/cloudfront-us-east-1.images.arcpublishing.com\/infobae\/MRUWZLONHJH2PPHRYMUVQHID7Y.jpg\" srcset=\"https:\/\/www.infobae.com\/new-resizer\/2BEYxFrVLujMLr-maHDka2rjsO0=\/420x747\/filters:format(webp):quality(85)\/cloudfront-us-east-1.images.arcpublishing.com\/infobae\/MRUWZLONHJH2PPHRYMUVQHID7Y.jpg 420w,https:\/\/www.infobae.com\/new-resizer\/MwKPveMGe_zsDZNb4YrezOZf1ZA=\/768x1365\/filters:format(webp):quality(85)\/cloudfront-us-east-1.images.arcpublishing.com\/infobae\/MRUWZLONHJH2PPHRYMUVQHID7Y.jpg 768w,https:\/\/www.infobae.com\/new-resizer\/LwwnOIj7FSiZbdavjg6xrOgY8XY=\/992x1764\/filters:format(webp):quality(85)\/cloudfront-us-east-1.images.arcpublishing.com\/infobae\/MRUWZLONHJH2PPHRYMUVQHID7Y.jpg 992w,https:\/\/www.infobae.com\/new-resizer\/sqSEVokoZAJuJM6W8k2UVw104WM=\/1200x2133\/filters:format(webp):quality(85)\/cloudfront-us-east-1.images.arcpublishing.com\/infobae\/MRUWZLONHJH2PPHRYMUVQHID7Y.jpg 1200w\">Manuela Casta\u00f1eira ir\u00e1 con Lucas Ruiz<\/p>\n\n\n\n<p>Por&nbsp;<strong>Nuevo M\u00e1s&nbsp;<\/strong>se presentar\u00e1 para la presidencia&nbsp;<strong>Manuela Casta\u00f1eira<\/strong>&nbsp;junto a<strong>&nbsp;Lucas Ruiz,<\/strong>&nbsp;mientras que el partido de<strong>&nbsp;Pol\u00edtica Obrera&nbsp;<\/strong>presentar\u00e1 las precandidaturas de&nbsp;<strong>Marcelo Ramal y Patricia Urones<\/strong>&nbsp;para la f\u00f3rmula presidencial.<\/p>\n\n\n\n<p><img decoding=\"async\" loading=\"lazy\" alt=\" Bionini y Avenda\u00f1o\" height=\"1920\" width=\"1080\" class=\"\" src=\"https:\/\/cloudfront-us-east-1.images.arcpublishing.com\/infobae\/VIH6SGJBXVD3LPOPCSCA4U2FYU.jpg\" srcset=\"https:\/\/www.infobae.com\/new-resizer\/m7MspMGdDfZKFuuXpwedO55tjEM=\/420x747\/filters:format(webp):quality(85)\/cloudfront-us-east-1.images.arcpublishing.com\/infobae\/VIH6SGJBXVD3LPOPCSCA4U2FYU.jpg 420w,https:\/\/www.infobae.com\/new-resizer\/7wfFdB8gB0BJ7m62SAV6jKG30I8=\/768x1365\/filters:format(webp):quality(85)\/cloudfront-us-east-1.images.arcpublishing.com\/infobae\/VIH6SGJBXVD3LPOPCSCA4U2FYU.jpg 768w,https:\/\/www.infobae.com\/new-resizer\/7p2Dq7XduWwpwlPr7TnfclTwf_E=\/992x1764\/filters:format(webp):quality(85)\/cloudfront-us-east-1.images.arcpublishing.com\/infobae\/VIH6SGJBXVD3LPOPCSCA4U2FYU.jpg 992w,https:\/\/www.infobae.com\/new-resizer\/t-wHyvsVDzMkrgjUQglVZGACtj4=\/1200x2133\/filters:format(webp):quality(85)\/cloudfront-us-east-1.images.arcpublishing.com\/infobae\/VIH6SGJBXVD3LPOPCSCA4U2FYU.jpg 1200w\">Bionini y Avenda\u00f1o<\/p>\n\n\n\n<p>La f\u00f3rmula de la alianza&nbsp;<strong>Libres del Sur<\/strong>&nbsp;estar\u00e1 compuesta por&nbsp;<strong>Jes\u00fas Escobar y Marianella Lezama Hid.&nbsp;<\/strong>Finalmente, por el partido Principios y Valores, ser\u00e1<strong>&nbsp;Guillermo Moreno<\/strong>&nbsp;el precandidato a presidente y&nbsp;<strong>Leonardo Fabre&nbsp;<\/strong>a vicepresidente y por&nbsp;<strong>Frente Patriota Federal&nbsp;<\/strong>ir\u00e1 como precandidato a presidente C\u00e9sar Biondini y Mariel Avenda\u00f1o como su vice.<\/p>\n\n\n\n<p>Otra competencia interna es la que se dar\u00e1 dentro del&nbsp;<strong>Movimiento Izquierda Juventud Dignidad,&nbsp;<\/strong>entre la f\u00f3rmula que encabeza&nbsp;<strong>Santiago C\u00faneo,&nbsp;<\/strong>secundado por&nbsp;<strong>Gustavo Barranco<\/strong>&nbsp;y la que postula a<strong>&nbsp;Ra\u00fal Castells&nbsp;<\/strong>y<strong>&nbsp;Adriana Reinoso.<\/strong><\/p>\n\n\n\n<p><img decoding=\"async\" loading=\"lazy\" alt=\"Santiago C\u00faneo y Gustavo Barranco, precandidatos a presidente y vicepresidente por el Movimiento Izquierda Juventud Dignidad\" height=\"3075\" width=\"1920\" class=\"\" src=\"https:\/\/cloudfront-us-east-1.images.arcpublishing.com\/infobae\/TQMTN6RKRVDKVPW4HA5KMHKN2E.jpg\" srcset=\"https:\/\/www.infobae.com\/new-resizer\/rImRWmVkNu77uZGaz5NIim69jAo=\/420x630\/filters:format(webp):quality(85)\/cloudfront-us-east-1.images.arcpublishing.com\/infobae\/TQMTN6RKRVDKVPW4HA5KMHKN2E.jpg 420w,https:\/\/www.infobae.com\/new-resizer\/FQ9tAnuphyISeyh58fw1-Uehy9A=\/768x1152\/filters:format(webp):quality(85)\/cloudfront-us-east-1.images.arcpublishing.com\/infobae\/TQMTN6RKRVDKVPW4HA5KMHKN2E.jpg 768w,https:\/\/www.infobae.com\/new-resizer\/K9f9QNdyX1tmOszcOXhrV_FOEGo=\/992x1488\/filters:format(webp):quality(85)\/cloudfront-us-east-1.images.arcpublishing.com\/infobae\/TQMTN6RKRVDKVPW4HA5KMHKN2E.jpg 992w,https:\/\/www.infobae.com\/new-resizer\/jt4ark82gD405L1lTvoedX6FBZk=\/1200x1800\/filters:format(webp):quality(85)\/cloudfront-us-east-1.images.arcpublishing.com\/infobae\/TQMTN6RKRVDKVPW4HA5KMHKN2E.jpg 1200w\">Santiago C\u00faneo y Gustavo Barranco, precandidatos a presidente y vicepresidente por el Movimiento Izquierda Juventud Dignidad<\/p>\n\n\n\n<p>Dentro del frente<strong>\u00a0Demos,\u00a0<\/strong>competir\u00e1n por la candidatura presidencial\u00a0<strong>Julio B\u00e1rbaro\u00a0<\/strong>y<strong>\u00a0Nazareno Etchepare.\u00a0<\/strong>Adem\u00e1s, se postulan las f\u00f3rmulas<strong>\u00a0Pablo Gobbi &#8211; Julio Archet,\u00a0<\/strong>por el Frente\u00a0<strong>Liber.Ar<\/strong>, y\u00a0<strong>Mempo Giardinelli &#8211; B\u00e1rbara Solemou,<\/strong>\u00a0por el\u00a0<strong>Movimiento Paz Democracia y soberan\u00eda.<\/strong><\/p>\n\n\n\n<p>Fuente: Infobae<\/p>\n","protected":false},"excerpt":{"rendered":"<div class=\"mh-excerpt\"><p>Luego de meses de tensas negociaciones, fuertes internas y hasta cambios de \u00faltimo momento, finalmente este s\u00e1bado quedaron conformadas&nbsp;las listas con los candidatos&nbsp;de los principales frentes pol\u00edticos que&nbsp;competir\u00e1n en las Elecciones Primarias, Abiertas, Simult\u00e1neas y Obligatorias&nbsp;(PASO) del pr\u00f3ximo 13 de agosto. Se trat\u00f3 de un cierre fren\u00e9tico marcado por la incertidumbre dentro de algunos espacios que, hasta horas antes del l\u00edmite para la presentaci\u00f3n de los competidores, a\u00fan no hab\u00edan definido sus f\u00f3rmulas. Tambi\u00e9n con bajas que causaron sorpresa -como la de&nbsp;Eduardo \u201cWado\u201d de Pedro,&nbsp;cuya postulaci\u00f3n fue&nbsp;declinada en la noche del viernes&#8211; y lanzamientos frustrados como el de Facundo Manes, <a class=\"mh-excerpt-more\" href=\"http:\/\/dsrmedios.com.ar\/diario\/archivos\/36110\" title=\"Elecciones 2023 Argentina: estas son las f\u00f3rmulas presidenciales que competir\u00e1n en las PASO\">[Leer m\u00e1s]<\/a><\/p>\n<\/div>","protected":false},"author":8,"featured_media":36112,"comment_status":"open","ping_status":"closed","sticky":false,"template":"","format":"standard","meta":{"_jetpack_newsletter_access":""},"categories":[6],"tags":[],"jetpack_featured_media_url":"http:\/\/dsrmedios.com.ar\/diario\/wp-content\/uploads\/2023\/06\/PWJZTFJBWVHDDFAY2V3WHSBDH4.jpg","jetpack_sharing_enabled":true,"jetpack_shortlink":"https:\/\/wp.me\/p9fihK-9oq","_links":{"self":[{"href":"http:\/\/dsrmedios.com.ar\/diario\/wp-json\/wp\/v2\/posts\/36110"}],"collection":[{"href":"http:\/\/dsrmedios.com.ar\/diario\/wp-json\/wp\/v2\/posts"}],"about":[{"href":"http:\/\/dsrmedios.com.ar\/diario\/wp-json\/wp\/v2\/types\/post"}],"author":[{"embeddable":true,"href":"http:\/\/dsrmedios.com.ar\/diario\/wp-json\/wp\/v2\/users\/8"}],"replies":[{"embeddable":true,"href":"http:\/\/dsrmedios.com.ar\/diario\/wp-json\/wp\/v2\/comments?post=36110"}],"version-history":[{"count":1,"href":"http:\/\/dsrmedios.com.ar\/diario\/wp-json\/wp\/v2\/posts\/36110\/revisions"}],"predecessor-version":[{"id":36113,"href":"http:\/\/dsrmedios.com.ar\/diario\/wp-json\/wp\/v2\/posts\/36110\/revisions\/36113"}],"wp:featuredmedia":[{"embeddable":true,"href":"http:\/\/dsrmedios.com.ar\/diario\/wp-json\/wp\/v2\/media\/36112"}],"wp:attachment":[{"href":"http:\/\/dsrmedios.com.ar\/diario\/wp-json\/wp\/v2\/media?parent=36110"}],"wp:term":[{"taxonomy":"category","embeddable":true,"href":"http:\/\/dsrmedios.com.ar\/diario\/wp-json\/wp\/v2\/categories?post=36110"},{"taxonomy":"post_tag","embeddable":true,"href":"http:\/\/dsrmedios.com.ar\/diario\/wp-json\/wp\/v2\/tags?post=36110"}],"curies":[{"name":"wp","href":"https:\/\/api.w.org\/{rel}","templated":true}]}}