{"id":36100,"date":"2023-06-25T11:34:11","date_gmt":"2023-06-25T14:34:11","guid":{"rendered":"http:\/\/dsrmedios.com.ar\/diario\/?p=36100"},"modified":"2023-06-25T11:34:14","modified_gmt":"2023-06-25T14:34:14","slug":"wado-de-pedro-sera-candidato-a-senador-en-la-provincia-de-buenos-aires-y-maximo-kirchner-encabezara-la-lista-de-diputados","status":"publish","type":"post","link":"http:\/\/dsrmedios.com.ar\/diario\/archivos\/36100","title":{"rendered":"Wado de Pedro ser\u00e1 candidato a senador en la provincia de Buenos Aires y M\u00e1ximo Kirchner encabezar\u00e1 la lista de diputados"},"content":{"rendered":"\n<p>Tras la confirmaci\u00f3n de la f\u00f3rmula de Uni\u00f3n por la Patria que encabezar\u00e1 el ministro de Econom\u00eda,&nbsp;<strong>Sergio Massa<\/strong>, junto al Jefe de Gabinete,&nbsp;<strong>Agust\u00edn Rossi<\/strong>,La C\u00e1mpora finalmente se qued\u00f3 con los principales lugares de las listas legislativas:&nbsp;<strong>Wado De Pedro<\/strong>&nbsp;ser\u00e1 candidato a senador por la provincia de Buenos Aires, mientras que&nbsp;<strong>M\u00e1ximo Kirchner<\/strong>&nbsp;ir\u00e1 como primer diputado nacional.<\/p>\n\n\n\n<p>La ministra de Desarrollo Social,&nbsp;<strong>Victoria Tolosa Paz,<\/strong>&nbsp;por su parte, tambi\u00e9n integrar\u00e1 las listas para el Congreso: ir\u00e1 como la&nbsp;<strong>segunda diputada nacional detr\u00e1s de M\u00e1ximo Kirchner<\/strong>. En el segundo lugar de los senadores ir\u00e1&nbsp;<strong>Juliana Di Tullio.<\/strong><\/p>\n\n\n\n<p>La lista de candidatos a diputados se completa con Paco Manrique, que competir\u00e1 en el tercer puesto; Cecilia Moreau, y el canciller,<strong>&nbsp;Santiago Cafiero.&nbsp;<\/strong>El funcionario logr\u00f3 meterse quinto como parte de la negociaci\u00f3n de la c\u00fapula del nuevo Uni\u00f3n por la Patria.&nbsp;<strong>Luana Volnovich y Rodolfo Tahilade<\/strong>&nbsp;tambi\u00e9n competir\u00e1n por un lugar en la c\u00e1mara baja.<\/p>\n\n\n\n<p><img decoding=\"async\" loading=\"lazy\" alt=\"M\u00e1ximo Kirchner y Wado de Pedro ser\u00e1n cabezas de lista para Diputados y el Senado, respectivamente\n\" height=\"1080\" width=\"1920\" class=\"\" src=\"https:\/\/cloudfront-us-east-1.images.arcpublishing.com\/infobae\/DXOHH5DXK5G3DFZYFMCADYRKXY.jpg\" srcset=\"https:\/\/www.infobae.com\/new-resizer\/IAMDxRVeeBvQD7Io7U_pofRuPA0=\/420x236\/filters:format(webp):quality(85)\/cloudfront-us-east-1.images.arcpublishing.com\/infobae\/DXOHH5DXK5G3DFZYFMCADYRKXY.jpg 420w,https:\/\/www.infobae.com\/new-resizer\/Nrb5JHa-e264UCUwvFw_tiH0IDA=\/768x432\/filters:format(webp):quality(85)\/cloudfront-us-east-1.images.arcpublishing.com\/infobae\/DXOHH5DXK5G3DFZYFMCADYRKXY.jpg 768w,https:\/\/www.infobae.com\/new-resizer\/EJptmDiCm2WANYPqL7uwJ5iWf4U=\/992x558\/filters:format(webp):quality(85)\/cloudfront-us-east-1.images.arcpublishing.com\/infobae\/DXOHH5DXK5G3DFZYFMCADYRKXY.jpg 992w,https:\/\/www.infobae.com\/new-resizer\/cxui6CvWjmvUAbUyQEMcmAfLtQY=\/1200x675\/filters:format(webp):quality(85)\/cloudfront-us-east-1.images.arcpublishing.com\/infobae\/DXOHH5DXK5G3DFZYFMCADYRKXY.jpg 1200w,https:\/\/www.infobae.com\/new-resizer\/eoSZxizTukmqxuJzO99XS5VVxOM=\/1440x810\/filters:format(webp):quality(85)\/cloudfront-us-east-1.images.arcpublishing.com\/infobae\/DXOHH5DXK5G3DFZYFMCADYRKXY.jpg 1440w\">M\u00e1ximo Kirchner y Wado de Pedro ser\u00e1n cabezas de lista para Diputados y el Senado, respectivamente<\/p>\n\n\n\n<p>La oficializaci\u00f3n de sus candidaturas se dio en paralelo a que&nbsp;<strong>Axel Kicillof<\/strong>&nbsp;\u2014gobernador de la provincia de Buenos Aires\u2014 anunciara pasadas las 21:30 de este s\u00e1bado que ir\u00e1 por su reelecci\u00f3n en el territorio bonaerense. Fue a esa hora que el mandatario firm\u00f3 su precandidatura para pelear por su segunda gesti\u00f3n en PBA. Al igual que en 2019, su compa\u00f1era de f\u00f3rmula ser\u00e1&nbsp;<strong>Ver\u00f3nica Magario.<\/strong><\/p>\n\n\n\n<p><img decoding=\"async\" loading=\"lazy\" alt=\"M\u00e1ximo Kirchner junto a Victoria Tolosa Paz \" height=\"1002\" width=\"1002\" class=\"\" src=\"https:\/\/cloudfront-us-east-1.images.arcpublishing.com\/infobae\/PNGFFUSYDNH3DM5DGVW5FHTC3I.jpeg\" srcset=\"https:\/\/www.infobae.com\/new-resizer\/O9Cc43tGm-CJjS3LazUbdCOPTzQ=\/420x420\/filters:format(webp):quality(85)\/cloudfront-us-east-1.images.arcpublishing.com\/infobae\/PNGFFUSYDNH3DM5DGVW5FHTC3I.jpeg 420w,https:\/\/www.infobae.com\/new-resizer\/IZAb5KgogrAyRClgT5rc9nn9kfs=\/768x768\/filters:format(webp):quality(85)\/cloudfront-us-east-1.images.arcpublishing.com\/infobae\/PNGFFUSYDNH3DM5DGVW5FHTC3I.jpeg 768w,https:\/\/www.infobae.com\/new-resizer\/wN_f02sH2-pEQLWb2icWQEvIVRs=\/992x992\/filters:format(webp):quality(85)\/cloudfront-us-east-1.images.arcpublishing.com\/infobae\/PNGFFUSYDNH3DM5DGVW5FHTC3I.jpeg 992w,https:\/\/www.infobae.com\/new-resizer\/lPbk-wZXYj77STHaXYmPw20IzpE=\/1200x1200\/filters:format(webp):quality(85)\/cloudfront-us-east-1.images.arcpublishing.com\/infobae\/PNGFFUSYDNH3DM5DGVW5FHTC3I.jpeg 1200w,https:\/\/www.infobae.com\/new-resizer\/A84L7OQuhoTzZPSWRkfGS68MsWU=\/1440x1440\/filters:format(webp):quality(85)\/cloudfront-us-east-1.images.arcpublishing.com\/infobae\/PNGFFUSYDNH3DM5DGVW5FHTC3I.jpeg 1440w\">M\u00e1ximo Kirchner junto a Victoria Tolosa Paz<\/p>\n\n\n\n<p>Las candidaturas surgieron luego de intensas negociaciones que se dieron hasta \u00faltimo momento, las cuales comenzaron una vez que se confirm\u00f3 que De Pedro no ser\u00eda el candidato presidencial. Desde entonces, todo estaba dado para que el dirigente mercedino fuera<strong>\u00a0el n\u00famero uno en la lista a senadores nacionales por la provincia de Buenos Aires, como finalmente se concret\u00f3.<\/strong><\/p>\n\n\n\n<p>La provincia de Buenos Aires elije 35 lugares para la C\u00e1mara de Diputados de la Naci\u00f3n y dos senadores nacionales.&nbsp;<strong>Con una buena -tirando a muy buena- elecci\u00f3n, Uni\u00f3n por la Patria podr\u00eda conseguir 15 lugares<\/strong>. Por esto, apostaron a que en la lista con paridad de g\u00e9nero confluyan La C\u00e1mpora, los intendentes del PJ, el sindicalismo y los movimientos sociales, as\u00ed como tambi\u00e9n otras expresiones kirchneristas que hoy tienen representatividad.<\/p>\n\n\n\n<p>Adem\u00e1s de los ya mencionados, la estructura definitiva que competir\u00e1 en las PASO la completan Natalia Zaracho, Carlos Castagneto, Roxana Monz\u00f3n, Mat\u00edas Molle, Luciana Potenza, Ramiro Guti\u00e9rrez, Julia Strada, Juan Marino, Sabrina Selva, Juan Carlos Alderete, Mar\u00eda Arraigada, Edgardo De Petri, Fernanda Mi\u00f1o, Santiago Aparicio, Eugenia Meana, Jorge Rivas, Natalia Souto y Pablo Ayala.<\/p>\n\n\n\n<p>Durante el tenso cierre de listas \u2014seg\u00fan pudo reconstruir\u00a0<strong>Infobae<\/strong>\u2014 los \u00e1nimos con Axel Kicillof no fueron los mejores. Ocurre que un sector del camporismo a\u00fan le facturaban al gobernador que no quisiera ponerse al frente de la campa\u00f1a nacional. No obstante, \u00e9l se convirti\u00f3 en uno de los jefes provinciales que m\u00e1s trabaj\u00f3 para el proyecto \u201cMassa presidente\u201d. Se sum\u00f3 a los gobernadores\u00a0<strong>Ra\u00fal Jalil<\/strong>,\u00a0<strong>Gerardo Zamora<\/strong>\u00a0y\u00a0<strong>Ricardo Quintela<\/strong>, quienes entre jueves y viernes \u201crosquearon\u201d tanto con Alberto Fern\u00e1ndez como con Cristina Kirchner.<\/p>\n\n\n\n<p>A pesar de esto, en un contexto donde la vicegobernaci\u00f3n a\u00fan segu\u00eda vacante, se complicaron todas las negociaciones. El mandatario quer\u00eda como compa\u00f1era de f\u00f3rmula a Ver\u00f3nica Magario, actual vicegobernadora desde 2019, aunque otros actores quer\u00edan hacer pesar sus intereses. Finalmente Uni\u00f3n por la Patria buscar\u00e1 una reelecci\u00f3n en el territorio con la misma f\u00f3rmula que actualmente gestiona en el territorio.<\/p>\n\n\n\n<p>Fuente: INFOBAE<\/p>\n","protected":false},"excerpt":{"rendered":"<div class=\"mh-excerpt\"><p>Tras la confirmaci\u00f3n de la f\u00f3rmula de Uni\u00f3n por la Patria que encabezar\u00e1 el ministro de Econom\u00eda,&nbsp;Sergio Massa, junto al Jefe de Gabinete,&nbsp;Agust\u00edn Rossi,La C\u00e1mpora finalmente se qued\u00f3 con los principales lugares de las listas legislativas:&nbsp;Wado De Pedro&nbsp;ser\u00e1 candidato a senador por la provincia de Buenos Aires, mientras que&nbsp;M\u00e1ximo Kirchner&nbsp;ir\u00e1 como primer diputado nacional. La ministra de Desarrollo Social,&nbsp;Victoria Tolosa Paz,&nbsp;por su parte, tambi\u00e9n integrar\u00e1 las listas para el Congreso: ir\u00e1 como la&nbsp;segunda diputada nacional detr\u00e1s de M\u00e1ximo Kirchner. En el segundo lugar de los senadores ir\u00e1&nbsp;Juliana Di Tullio. La lista de candidatos a diputados se completa con Paco Manrique, <a class=\"mh-excerpt-more\" href=\"http:\/\/dsrmedios.com.ar\/diario\/archivos\/36100\" title=\"Wado de Pedro ser\u00e1 candidato a senador en la provincia de Buenos Aires y M\u00e1ximo Kirchner encabezar\u00e1 la lista de diputados\">[Leer m\u00e1s]<\/a><\/p>\n<\/div>","protected":false},"author":8,"featured_media":36101,"comment_status":"open","ping_status":"closed","sticky":false,"template":"","format":"standard","meta":{"_jetpack_newsletter_access":""},"categories":[6],"tags":[],"jetpack_featured_media_url":"http:\/\/dsrmedios.com.ar\/diario\/wp-content\/uploads\/2023\/06\/DXOHH5DXK5G3DFZYFMCADYRKXY.jpg","jetpack_sharing_enabled":true,"jetpack_shortlink":"https:\/\/wp.me\/p9fihK-9og","_links":{"self":[{"href":"http:\/\/dsrmedios.com.ar\/diario\/wp-json\/wp\/v2\/posts\/36100"}],"collection":[{"href":"http:\/\/dsrmedios.com.ar\/diario\/wp-json\/wp\/v2\/posts"}],"about":[{"href":"http:\/\/dsrmedios.com.ar\/diario\/wp-json\/wp\/v2\/types\/post"}],"author":[{"embeddable":true,"href":"http:\/\/dsrmedios.com.ar\/diario\/wp-json\/wp\/v2\/users\/8"}],"replies":[{"embeddable":true,"href":"http:\/\/dsrmedios.com.ar\/diario\/wp-json\/wp\/v2\/comments?post=36100"}],"version-history":[{"count":1,"href":"http:\/\/dsrmedios.com.ar\/diario\/wp-json\/wp\/v2\/posts\/36100\/revisions"}],"predecessor-version":[{"id":36102,"href":"http:\/\/dsrmedios.com.ar\/diario\/wp-json\/wp\/v2\/posts\/36100\/revisions\/36102"}],"wp:featuredmedia":[{"embeddable":true,"href":"http:\/\/dsrmedios.com.ar\/diario\/wp-json\/wp\/v2\/media\/36101"}],"wp:attachment":[{"href":"http:\/\/dsrmedios.com.ar\/diario\/wp-json\/wp\/v2\/media?parent=36100"}],"wp:term":[{"taxonomy":"category","embeddable":true,"href":"http:\/\/dsrmedios.com.ar\/diario\/wp-json\/wp\/v2\/categories?post=36100"},{"taxonomy":"post_tag","embeddable":true,"href":"http:\/\/dsrmedios.com.ar\/diario\/wp-json\/wp\/v2\/tags?post=36100"}],"curies":[{"name":"wp","href":"https:\/\/api.w.org\/{rel}","templated":true}]}}