{"id":36097,"date":"2023-06-25T11:31:22","date_gmt":"2023-06-25T14:31:22","guid":{"rendered":"http:\/\/dsrmedios.com.ar\/diario\/?p=36097"},"modified":"2023-06-25T11:31:25","modified_gmt":"2023-06-25T14:31:25","slug":"las-sorpresas-que-presento-javier-milei-en-el-cierre-de-listas-venimos-a-romper-el-statu-quo","status":"publish","type":"post","link":"http:\/\/dsrmedios.com.ar\/diario\/archivos\/36097","title":{"rendered":"Las sorpresas que present\u00f3 Javier Milei en el cierre de listas: \u201cVenimos a romper el statu quo\u201d"},"content":{"rendered":"\n<p>Luego de varias semanas agitadas en su armado nacional por espacios que se fueron del frente en medio de fuertes cr\u00edticas,<strong>&nbsp;Javier Milei&nbsp;<\/strong>present\u00f3 este s\u00e1bado las listas de precandidatos de La Libertad Avanza en casi todo el pa\u00eds, excepto en Santa Cruz, donde no podr\u00e1 tener boleta a diputados ni senadores por no haber alcanzado un acuerdo con ninguna agrupaci\u00f3n local que le permita competir en esa provincia en esas categor\u00edas.<\/p>\n\n\n\n<p>Si bien los principales lugares en las papeletas ya se hab\u00edan negociado y se terminaron de cerrar entre el jueves y el viernes pasado, hasta \u00faltimo momento continuaban las conversaciones por los puestos de m\u00e1s abajo, principalmente en los distritos del interior.<\/p>\n\n\n\n<p>Aunque el plazo legal para oficializar todas las listas ante la C\u00e1mara Nacional Electoral finalizar\u00e1 a las 24 de este s\u00e1bado, el economista liberal ya anticip\u00f3 algunas de las principales figuras que lo acompa\u00f1ar\u00e1n en su carrera por llegar a la Casa Rosada, algunas de las cuales ya hab\u00edan sido anunciadas y otras que sorprendieron.<\/p>\n\n\n\n<p>As\u00ed, entre los nombres m\u00e1s importantes aparecen, por ejemplo, el de su maquilladora y amiga,&nbsp;<strong>Lilia Lemoine<\/strong>, adem\u00e1s de el de algunos j\u00f3venes y dirigentes que en un momento sonaron como posibles aspirantes a la gobernaci\u00f3n en sus provincias, aunque tambi\u00e9n llam\u00f3 la atenci\u00f3n la ausencia de representantes del partido Renovador Federal, uno de los sellos que integran La Libertad Avanza.<\/p>\n\n\n\n<p><img decoding=\"async\" loading=\"lazy\" alt=\"Carolina P\u00edparo y Francisco Oneto es la f\u00f3rmula elegida por Milei para competir por la gobernaci\u00f3n bonaerense\" height=\"1024\" width=\"768\" class=\"\" src=\"https:\/\/cloudfront-us-east-1.images.arcpublishing.com\/infobae\/TKTKSOBFQZA6VIRYM3EFSW3OSE.jpg\" srcset=\"https:\/\/www.infobae.com\/new-resizer\/AL7oqf0l0GQFX1GcE23kEZsiiqQ=\/420x560\/filters:format(webp):quality(85)\/cloudfront-us-east-1.images.arcpublishing.com\/infobae\/TKTKSOBFQZA6VIRYM3EFSW3OSE.jpg 420w,https:\/\/www.infobae.com\/new-resizer\/IyFJiuZalIgnaQvJOs6dQMBG_5g=\/768x1024\/filters:format(webp):quality(85)\/cloudfront-us-east-1.images.arcpublishing.com\/infobae\/TKTKSOBFQZA6VIRYM3EFSW3OSE.jpg 768w,https:\/\/www.infobae.com\/new-resizer\/NBC1iIIWUft9YnIUch5CFgzMjPE=\/992x1323\/filters:format(webp):quality(85)\/cloudfront-us-east-1.images.arcpublishing.com\/infobae\/TKTKSOBFQZA6VIRYM3EFSW3OSE.jpg 992w,https:\/\/www.infobae.com\/new-resizer\/MK3V-P67xBQk4KmjBdamnurzRjI=\/1200x1600\/filters:format(webp):quality(85)\/cloudfront-us-east-1.images.arcpublishing.com\/infobae\/TKTKSOBFQZA6VIRYM3EFSW3OSE.jpg 1200w\">Carolina P\u00edparo y Francisco Oneto es la f\u00f3rmula elegida por Milei para competir por la gobernaci\u00f3n bonaerense<\/p>\n\n\n\n<p>De hecho, uno de los pocos integrantes de este espacio -que viene teniendo diferencias con el armado de Milei- que podr\u00eda figurar en una boleta es su apoderado nacional,&nbsp;<strong>Gustavo Cuervo<\/strong>, que presionaba para ir como precandidato a legislador bonaerense.<\/p>\n\n\n\n<p>En este territorio ya se confirm\u00f3 que el espacio competir\u00e1 por la gobernaci\u00f3n con la f\u00f3rmula integrada por la diputada nacional&nbsp;<strong>Carolina P\u00edparo<\/strong>&nbsp;y el abogado medi\u00e1tico<strong>&nbsp;Francisco Oneto<\/strong>.<\/p>\n\n\n\n<p>Adem\u00e1s, como ya se sab\u00eda, el presidente del Banco de Valores,&nbsp;<strong>Juan N\u00e1poli<\/strong>, encabezar\u00e1 la boleta a senadores, mientras que&nbsp;<strong>Alberto \u201cBertie\u201d Benegas Lynch<\/strong>, egresado de la universidad ESEADE de la Maestr\u00eda en Econom\u00eda y Administraci\u00f3n de Empresas, har\u00e1 lo propio en la de diputados.<\/p>\n\n\n\n<p>Asimismo, recientemente se confirm\u00f3 que el segundo lugar en la n\u00f3mina de aspirantes a la C\u00e1mara baja lo ocupar\u00e1 la periodista&nbsp;<strong>Marcela Pagano<\/strong>, por lo que la novedad viene con el tercer puesto, que fue para el abogado Guillermo Montenegro, secretario general del Partido Dem\u00f3crata de la provincia de Buenos Aires.<\/p>\n\n\n\n<p><img decoding=\"async\" loading=\"lazy\" alt=\"Marcela Pagano es una de las candidatas a diputada nacional\" height=\"1080\" width=\"1920\" class=\"\" src=\"https:\/\/cloudfront-us-east-1.images.arcpublishing.com\/infobae\/EAXFOOEK65A4LFXCRPJTMPZAZI.jpg\" srcset=\"https:\/\/www.infobae.com\/new-resizer\/5T8HLNyr8n8cAV0XFrXpRMyhGjs=\/420x236\/filters:format(webp):quality(85)\/cloudfront-us-east-1.images.arcpublishing.com\/infobae\/EAXFOOEK65A4LFXCRPJTMPZAZI.jpg 420w,https:\/\/www.infobae.com\/new-resizer\/r6jCx1rXGOWzWI2pkIZeOH6FifM=\/768x432\/filters:format(webp):quality(85)\/cloudfront-us-east-1.images.arcpublishing.com\/infobae\/EAXFOOEK65A4LFXCRPJTMPZAZI.jpg 768w,https:\/\/www.infobae.com\/new-resizer\/3SUFiBm4G5My0s93FNyraZuxVaM=\/992x558\/filters:format(webp):quality(85)\/cloudfront-us-east-1.images.arcpublishing.com\/infobae\/EAXFOOEK65A4LFXCRPJTMPZAZI.jpg 992w,https:\/\/www.infobae.com\/new-resizer\/vspdDnAUwtz3UtaSAGleq8Ubdqk=\/1200x675\/filters:format(webp):quality(85)\/cloudfront-us-east-1.images.arcpublishing.com\/infobae\/EAXFOOEK65A4LFXCRPJTMPZAZI.jpg 1200w,https:\/\/www.infobae.com\/new-resizer\/EOkMjNhwghr8tizJuMD79EklW8I=\/1440x810\/filters:format(webp):quality(85)\/cloudfront-us-east-1.images.arcpublishing.com\/infobae\/EAXFOOEK65A4LFXCRPJTMPZAZI.jpg 1440w\">Marcela Pagano es una de las candidatas a diputada nacional<\/p>\n\n\n\n<p>El cuarto sitio fue para<strong>\u00a0Mar\u00eda Lorena Macyszyn<\/strong>, licenciada en Administraci\u00f3n, egresada de la Facultad de Ciencias Econ\u00f3micas de la Universidad de Buenos Aires, y el quinto para el ex diputado nacional\u00a0<strong>Pablo Ansaloni<\/strong>, dirigente del Partido FE, un sello que se sum\u00f3 al frente en este mes, poco antes del cierre de alianzas.<\/p>\n\n\n\n<p>El sexto lugar fue otorgado a la referente de Milei en Mar del Plata,&nbsp;<strong>Juliana Santill\u00e1n<\/strong>&nbsp;y el s\u00e9ptimo, a<strong>&nbsp;Eduardo Falcone<\/strong>, uno de los referentes del Movimiento de Integraci\u00f3n y Desarrollo (MID).<\/p>\n\n\n\n<p>En tanto, Lemoine, amiga personal del economista, que adem\u00e1s es su maquilladora y \u201cla \u00fanica que le puede arreglar el pelo\u201d, seg\u00fan \u00e9l mismo cont\u00f3, estar\u00e1 en el octavo sitio de la lista. Adem\u00e1s de ser conocida por hacer\u00a0<em>cosplay<\/em>\u00a0(personificar a figuras del c\u00f3mic y el anim\u00e9), es especialista en sistemas, artista pl\u00e1stica e influencer.<\/p>\n\n\n\n<p>A ella le sigue&nbsp;<strong>Santiago Santurio<\/strong>, un fil\u00f3sofo y profesor universitario que es presidente del partido Ciudadanos y uno de los que maneja la escuela de conducci\u00f3n pol\u00edtica, un organismo que busca formar a los militantes libertarios y atraer a m\u00e1s gente interesada en el espacio.<\/p>\n\n\n\n<p>En la ciudad de Buenos Aires, donde&nbsp;<strong>Ramiro Marra&nbsp;<\/strong>competir\u00e1 para jefe de Gobierno,&nbsp;<strong>Diana Mondino&nbsp;<\/strong>encabezar\u00e1 la lista a diputados, seguida del actual legislador porte\u00f1o,&nbsp;<strong>Oscar Zago<\/strong>, que adem\u00e1s es empresario hotelero.<\/p>\n\n\n\n<p>En tercer lugar estar\u00e1<strong>&nbsp;Sandra Pettovello<\/strong>, quien en el \u00faltimo tiempo se mostr\u00f3 junto a Milei en varias entrevistas y suena como su eventual ministra de Capital Humano, una nueva cartera que, en caso de que el economista llegue a la Presidencia, englobar\u00eda las \u00e1reas de ni\u00f1ez, salud, trabajo y desarrollo social.<\/p>\n\n\n\n<p>Pettovello es licenciada en Ciencias de la Familia por la Universidad Austral, con un postgrado en Pol\u00edticas Familiares en la Universitat Internacional de Catalunya, y en periodismo en la Universidad de Belgrano. Actualmente se desempe\u00f1a como consultora en orientaci\u00f3n laboral y vocacional. Fue miembro de los equipos de investigaci\u00f3n del IAE Business School y de la Universidad Austral.<\/p>\n\n\n\n<p>En Santa Fe, La Libertad Avanza ir\u00e1 con una de sus m\u00e1ximas referentes locales,<strong>&nbsp;Romina Diez<\/strong>, como primera precandidata a diputada nacional: la economista estuvo al frente de un acto de militantes durante una de las visitas de la hermana del l\u00edder del espacio, Karina Milei. Ser\u00e1 secundada por el legislador&nbsp;<strong>Nicol\u00e1s Mayoraz<\/strong>.<\/p>\n\n\n\n<p><img decoding=\"async\" loading=\"lazy\" alt=\"Karina Milei junto a Romina Diez\" height=\"684\" width=\"1024\" class=\"\" src=\"https:\/\/cloudfront-us-east-1.images.arcpublishing.com\/infobae\/I7WETF5X3JHDZNXSTX74A3DA7E.jpeg\" srcset=\"https:\/\/www.infobae.com\/new-resizer\/zpgCoL_Mnxs7okN5pB4OgqwsvRE=\/420x280\/filters:format(webp):quality(85)\/cloudfront-us-east-1.images.arcpublishing.com\/infobae\/I7WETF5X3JHDZNXSTX74A3DA7E.jpeg 420w,https:\/\/www.infobae.com\/new-resizer\/uXqcRJw4Tpmz26yD40eYepIDC1c=\/768x512\/filters:format(webp):quality(85)\/cloudfront-us-east-1.images.arcpublishing.com\/infobae\/I7WETF5X3JHDZNXSTX74A3DA7E.jpeg 768w,https:\/\/www.infobae.com\/new-resizer\/AOUGzc78baHy5UYyZ48tQ9ghlbg=\/992x661\/filters:format(webp):quality(85)\/cloudfront-us-east-1.images.arcpublishing.com\/infobae\/I7WETF5X3JHDZNXSTX74A3DA7E.jpeg 992w,https:\/\/www.infobae.com\/new-resizer\/Bzhkr6j1g5-2k5mJVChBXYoORTk=\/1200x800\/filters:format(webp):quality(85)\/cloudfront-us-east-1.images.arcpublishing.com\/infobae\/I7WETF5X3JHDZNXSTX74A3DA7E.jpeg 1200w,https:\/\/www.infobae.com\/new-resizer\/zQSBUtp6z4RliJ_FXmni6ePT67o=\/1440x960\/filters:format(webp):quality(85)\/cloudfront-us-east-1.images.arcpublishing.com\/infobae\/I7WETF5X3JHDZNXSTX74A3DA7E.jpeg 1440w\">Karina Milei junto a Romina Diez<\/p>\n\n\n\n<p>En C\u00f3rdoba, la fundadora de la agrupaci\u00f3n militante Pumas Libertarios,&nbsp;<strong>Mar\u00eda Celeste Ponce<\/strong>, ser\u00e1 la encargada de liderar la boleta. Estudi\u00f3 Derecho en la UNC y est\u00e1 finalizando la carrera en la Siglo 21. Incursion\u00f3 en la industria del conocimiento. Actualmente, se enfoca en proyectos de software y aplicaciones m\u00f3viles.<\/p>\n\n\n\n<p>En segundo lugar apareci\u00f3 el titular de la Confederaci\u00f3n de Entidades del Comercio de Hidrocarburos de la Rep\u00fablica Argentina (Cecha) y de la Federaci\u00f3n de Entidades de Expendedores de Combustibles y Afines (Fecac),<strong>&nbsp;Gabriel Bornorini<\/strong>.<\/p>\n\n\n\n<p>El empresario figur\u00f3 tiempo atr\u00e1s como posible aspirante a la gobernaci\u00f3n, pero la falta de acuerdo con el Partido Dem\u00f3crata, que postul\u00f3 a Rodolfo Eiben, hizo que Milei optara por no presentar a nadie para esa categor\u00eda en la provincia y finalmente Bornorini ir\u00e1 para diputado.<\/p>\n\n\n\n<p>Por \u00faltimo, en Mendoza ya se defini\u00f3 que la boleta sea encabezada por la actual legisladora Mercedes Llano, hija del hist\u00f3rico dirigente del Partido Dem\u00f3crata de esta provincia, Gabriel Llano, quien ocup\u00f3 una banca en el Congreso y fue Convencional Constituyente.<\/p>\n\n\n\n<p>El segundo puesto fue para&nbsp;<strong>Facundo Correa Llano<\/strong>, sobrino del referente del PD, que actualmente se desenvuelve en la actividad privada en el \u00e1mbito del sector inmobiliario.<\/p>\n\n\n\n<p>Adem\u00e1s de los dos primeros nombres en Mendoza, provincia en la que tienen m\u00e1s peso, los dem\u00f3cratas fueron uno de los m\u00e1s beneficiados con el reparto de sitios, ya que tambi\u00e9n ocuparon el segundo lugar en C\u00f3rdoba y en Santa Fe, con Mayoraz y Bornorini, y el titular de la Convenci\u00f3n Nacional del espacio,&nbsp;<strong>Patricio Villegas<\/strong>, ser\u00e1 la cabeza para el Parlasur.<\/p>\n\n\n\n<p>\u201cLos argentinos tenemos una oportunidad hist\u00f3rica. Despu\u00e9s de d\u00e9cadas de fracasos en las que los mismos de siempre se repartieron el poder, hoy tenemos la oportunidad de hacer algo distinto. Dar vuelta esta triste p\u00e1gina de nuestra historia\u201d, sostuvo Milei este s\u00e1bado.<\/p>\n\n\n\n<p>En un mensaje que public\u00f3 en su cuenta de Twitter en pleno cierre de listas, el dirigente opositor sostuvo que \u201ctodos nuestros problemas tienen la misma ra\u00edz: una clase pol\u00edtica que solo se preocupa por sus propios intereses\u201d.<\/p>\n\n\n\n<p>\u201cNosotros venimos a romper ese statu quo. Venimos a terminar con este modelo que solo beneficia a los pol\u00edticos y sus amigos. Venimos a defender las ideas de la libertad que son las \u00fanicas que pueden traer prosperidad a nuestro pa\u00eds. Venimos a cambiar las cosas en serio\u201d, asegur\u00f3.<\/p>\n\n\n\n<p>Fuente: Infobae<\/p>\n","protected":false},"excerpt":{"rendered":"<div class=\"mh-excerpt\"><p>Luego de varias semanas agitadas en su armado nacional por espacios que se fueron del frente en medio de fuertes cr\u00edticas,&nbsp;Javier Milei&nbsp;present\u00f3 este s\u00e1bado las listas de precandidatos de La Libertad Avanza en casi todo el pa\u00eds, excepto en Santa Cruz, donde no podr\u00e1 tener boleta a diputados ni senadores por no haber alcanzado un acuerdo con ninguna agrupaci\u00f3n local que le permita competir en esa provincia en esas categor\u00edas. Si bien los principales lugares en las papeletas ya se hab\u00edan negociado y se terminaron de cerrar entre el jueves y el viernes pasado, hasta \u00faltimo momento continuaban las conversaciones <a class=\"mh-excerpt-more\" href=\"http:\/\/dsrmedios.com.ar\/diario\/archivos\/36097\" title=\"Las sorpresas que present\u00f3 Javier Milei en el cierre de listas: \u201cVenimos a romper el statu quo\u201d\">[Leer m\u00e1s]<\/a><\/p>\n<\/div>","protected":false},"author":8,"featured_media":32063,"comment_status":"open","ping_status":"closed","sticky":false,"template":"","format":"standard","meta":{"_jetpack_newsletter_access":""},"categories":[6],"tags":[],"jetpack_featured_media_url":"http:\/\/dsrmedios.com.ar\/diario\/wp-content\/uploads\/2023\/04\/javier-mileijpg-1.jpg","jetpack_sharing_enabled":true,"jetpack_shortlink":"https:\/\/wp.me\/p9fihK-9od","_links":{"self":[{"href":"http:\/\/dsrmedios.com.ar\/diario\/wp-json\/wp\/v2\/posts\/36097"}],"collection":[{"href":"http:\/\/dsrmedios.com.ar\/diario\/wp-json\/wp\/v2\/posts"}],"about":[{"href":"http:\/\/dsrmedios.com.ar\/diario\/wp-json\/wp\/v2\/types\/post"}],"author":[{"embeddable":true,"href":"http:\/\/dsrmedios.com.ar\/diario\/wp-json\/wp\/v2\/users\/8"}],"replies":[{"embeddable":true,"href":"http:\/\/dsrmedios.com.ar\/diario\/wp-json\/wp\/v2\/comments?post=36097"}],"version-history":[{"count":1,"href":"http:\/\/dsrmedios.com.ar\/diario\/wp-json\/wp\/v2\/posts\/36097\/revisions"}],"predecessor-version":[{"id":36099,"href":"http:\/\/dsrmedios.com.ar\/diario\/wp-json\/wp\/v2\/posts\/36097\/revisions\/36099"}],"wp:featuredmedia":[{"embeddable":true,"href":"http:\/\/dsrmedios.com.ar\/diario\/wp-json\/wp\/v2\/media\/32063"}],"wp:attachment":[{"href":"http:\/\/dsrmedios.com.ar\/diario\/wp-json\/wp\/v2\/media?parent=36097"}],"wp:term":[{"taxonomy":"category","embeddable":true,"href":"http:\/\/dsrmedios.com.ar\/diario\/wp-json\/wp\/v2\/categories?post=36097"},{"taxonomy":"post_tag","embeddable":true,"href":"http:\/\/dsrmedios.com.ar\/diario\/wp-json\/wp\/v2\/tags?post=36097"}],"curies":[{"name":"wp","href":"https:\/\/api.w.org\/{rel}","templated":true}]}}