{"id":36093,"date":"2023-06-25T11:29:31","date_gmt":"2023-06-25T14:29:31","guid":{"rendered":"http:\/\/dsrmedios.com.ar\/diario\/?p=36093"},"modified":"2023-06-25T11:29:35","modified_gmt":"2023-06-25T14:29:35","slug":"ganadores-y-perdedores-de-un-cierre-de-listas-traumatico-y-dominado-por-los-desacuerdos-y-las-sorpresas","status":"publish","type":"post","link":"http:\/\/dsrmedios.com.ar\/diario\/archivos\/36093","title":{"rendered":"Ganadores y perdedores de un cierre de listas traum\u00e1tico y dominado por los desacuerdos y las sorpresas"},"content":{"rendered":"\n<p>Fue una semana que no reconoce antecedentes inmediatos. En 48 horas, las dos coaliciones pol\u00edticas mayoritarias de la Argentina pasaron del desorden y la multiplicaci\u00f3n de candidatos a forzar la unidad de intereses y expectativas. La oficialista Uni\u00f3n por la Patria present\u00f3 una lista de unidad, mientras que Juntos por el Cambio tendr\u00e1 dos listas con reales chances de \u00e9xito. M\u00e1s all\u00e1 de ese trazo grueso -al que debe sumarse el libertario<strong>&nbsp;Javier Milei<\/strong>&#8211; el cierre de listas dej\u00f3 ganadores y perdedores y una inc\u00f3gnita central que, por ahora, no tiene respuesta: \u00bf<strong>Cristina Kirchner&nbsp;<\/strong>est\u00e1 entre los vencedores o los vencidos de este proceso traum\u00e1tico y dominado por los desacuerdos y la sorpresa?<\/p>\n\n\n\n<p>Antes de analizar los nombres de los pol\u00edticos que avanzaron y los que retrocedieron en esta definici\u00f3n infartante de las listas, es importante destacar un dato central: es la primera vez desde el a\u00f1o 2003 que los nombres de&nbsp;<strong>CFK&nbsp;<\/strong>y de&nbsp;<strong>Mauricio Macri&nbsp;<\/strong>estar\u00e1n, al mismo tiempo, ausentes de las boletas.<\/p>\n\n\n\n<p>Lo cierto es que\u00a0<strong>Sergio Massa y Agust\u00edn Rossi<\/strong>\u00a0integran la f\u00f3rmula de unidad que present\u00f3 el peronismo, tras un acuerdo en el que intervinieron la vicepresidenta,\u00a0<strong>Alberto Fern\u00e1ndez, La C\u00e1mpora<\/strong>, gobernadores e intendentes. Se anunci\u00f3 despu\u00e9s de que se diera por cierto que los precandidatos ser\u00edan\u00a0<strong>Eduardo \u201cWado\u201d De Pedro y Juan Manzur\u00a0<\/strong>y que habr\u00eda PASO con\u00a0<strong>Daniel Scioli<\/strong>, quien s\u00f3lo hab\u00eda podido mostrar en su acto de lanzamiento el apoyo de\u00a0<strong>Hugo Moyano<\/strong>.<\/p>\n\n\n\n<p><img decoding=\"async\" loading=\"lazy\" alt=\"Massa-Rossi es la f\u00f3rmula de consenso que anunci\u00f3 Uni\u00f3n por la Patria, con acuerdo de Cristina Kirchner, La C\u00e1mpora, gobernadores e intendentes \" height=\"1080\" width=\"1920\" class=\"\" src=\"https:\/\/cloudfront-us-east-1.images.arcpublishing.com\/infobae\/7EGEW6DCMZEIBBWKWULQEYDKSQ.jpg\" srcset=\"https:\/\/www.infobae.com\/new-resizer\/twMB1ZbRfqFOMX8UuvQiBnP0mhg=\/420x236\/filters:format(webp):quality(85)\/cloudfront-us-east-1.images.arcpublishing.com\/infobae\/7EGEW6DCMZEIBBWKWULQEYDKSQ.jpg 420w,https:\/\/www.infobae.com\/new-resizer\/4O3NjbG_R9CsoCFZ-8C8YMME4As=\/768x432\/filters:format(webp):quality(85)\/cloudfront-us-east-1.images.arcpublishing.com\/infobae\/7EGEW6DCMZEIBBWKWULQEYDKSQ.jpg 768w,https:\/\/www.infobae.com\/new-resizer\/IQbLanzrUJ9WBUEcYFzc5VFgrYg=\/992x558\/filters:format(webp):quality(85)\/cloudfront-us-east-1.images.arcpublishing.com\/infobae\/7EGEW6DCMZEIBBWKWULQEYDKSQ.jpg 992w,https:\/\/www.infobae.com\/new-resizer\/-DIz_1GZiga67ATG5S66whdVj_g=\/1200x675\/filters:format(webp):quality(85)\/cloudfront-us-east-1.images.arcpublishing.com\/infobae\/7EGEW6DCMZEIBBWKWULQEYDKSQ.jpg 1200w,https:\/\/www.infobae.com\/new-resizer\/R-81_7WswBPXwLGDu9ETm65SF3Y=\/1440x810\/filters:format(webp):quality(85)\/cloudfront-us-east-1.images.arcpublishing.com\/infobae\/7EGEW6DCMZEIBBWKWULQEYDKSQ.jpg 1440w\">Massa-Rossi es la f\u00f3rmula de consenso que anunci\u00f3 Uni\u00f3n por la Patria, con acuerdo de Cristina Kirchner, La C\u00e1mpora, gobernadores e intendentes<\/p>\n\n\n\n<p><a href=\"https:\/\/www.infobae.com\/politica\/2023\/06\/24\/la-vuelta-al-dialogo-entre-alberto-fernandez-y-cfk-y-una-cena-hasta-la-madrugada-como-se-gesto-la-formula-massa-rossi\/\" target=\"_blank\" rel=\"noreferrer noopener\">Como revel\u00f3&nbsp;<strong>Infobae<\/strong><\/a>, todo se resolvi\u00f3 en una cena larga, conversaciones y chateos entre el mi\u00e9rcoles y el jueves de los accionistas principales de la coalici\u00f3n de gobierno. Todos coincidieron en que una interna podr\u00eda tener un final incierto y peligroso, que el binomio Wado-Manzur hab\u00eda generado escaso entusiasmo y que deb\u00eda evitarse a toda costa una cat\u00e1strofe electoral.<\/p>\n\n\n\n<p>En este punto est\u00e1 la duda central: \u00bfla vicepresidenta \u201centreg\u00f3\u201d la f\u00f3rmula presidencial para retener las listas nacionales y replegarse en la provincia de Buenos Aires? Se trata de una inc\u00f3gnita que no se disipa y que se acrecienta ante el sugestivo silencio de la vicepresidenta. Las cuentas de las redes sociales de Uni\u00f3n por la Patria, que es el&nbsp;<em>rebranding&nbsp;<\/em>que la vicepresidenta promovi\u00f3 para dejar atr\u00e1s el Frente de Todos, se encargaron de difundir los nombres de los candidatos, pero las de CFK -lejos del \u201ctuitazo\u201d de hace 4 a\u00f1os- se manten\u00edan todav\u00eda inactivas.<\/p>\n\n\n\n<p>Lo cierto es que Massa-Rossi es una f\u00f3rmula ajena al cristinismo. Es lo contrario de la marca de cristinismo que irradian&nbsp;<strong>Wado De Pedro y Juliana Di Tullio<\/strong>, como senadores, y&nbsp;<strong>M\u00e1ximo Kirchner<\/strong>, primer diputado. Al igual que&nbsp;<strong>Axel Kicillof&nbsp;<\/strong>como gobernador y la matancera&nbsp;<strong>Ver\u00f3nica Magario<\/strong>&nbsp;como vice. En las listas nacionales, se mantienen estas proporciones: m\u00e1s kirchnerismo, algo de massismo y poco para Alberto Fern\u00e1ndez, los gremios, los gobernadores y los intendentes.<\/p>\n\n\n\n<p>Entre los ganadores del oficialismo es inevitable mencionar en primer lugar a\u00a0<strong>Sergio Massa<\/strong>, que fue ungido y aceptado por todos los sectores como el candidato presidencial de s\u00edntesis para enfrentar a quien gane la interna de Juntos por el Cambio y a\u00a0<strong>Javier Milei<\/strong>, que se descuenta que pasar\u00e1 con \u00e9xito las PASO y podr\u00eda amenazar el bicoalicionismo. Tambi\u00e9n el jefe de Gabinete Rossi, que hab\u00eda expresado su vocaci\u00f3n presidencial, termin\u00f3 incluido en la f\u00f3rmula por impulso de Alberto Fern\u00e1ndez. De hecho, el primer mandatario tambi\u00e9n figura entre los que terminaron mejor parados despu\u00e9s del cierre de listas porque pudo incorporar tambi\u00e9n a\u00a0<strong>Victoria Tolosa Paz y Santiago Cafiero, dos ministros m\u00e1s que pueden celebrar.<\/strong><\/p>\n\n\n\n<p>M\u00e1ximo Kirchner tambi\u00e9n est\u00e1 entre los ganadores, no s\u00f3lo porque qued\u00f3 como cabeza de la lista de Diputados de Uni\u00f3n por la Patria, sino porque puso a prueba con \u00e9xito la alianza que mantiene desde antes del 2019 con Sergio Massa. \u201cHab\u00eda una muy buena relaci\u00f3n entre M\u00e1ximo y Sergio, hablaban mucho en la C\u00e1mara de Diputados.&nbsp;<strong>Yo creo que M\u00e1ximo fue el gran art\u00edfice del acercamiento de Sergio<\/strong>\u201d, cont\u00f3 la vicepresidenta semanas atr\u00e1s en C5N.<\/p>\n\n\n\n<p>Tambi\u00e9n les corresponde este lugar a los gobernadores e intendentes, que luego de anunciarse la f\u00f3rmula Wado-Manzur pusieron en duda su eficacia electoral y reclamaron a Alberto Fern\u00e1ndez y Cristina Kirchner que retomaran el di\u00e1logo para desactivar la interna, cambiar la f\u00f3rmula y generar una propuesta de unidad que termin\u00f3 ocurriendo sobre el filo de la inscripci\u00f3n de los candidatos.<\/p>\n\n\n\n<p>Por \u00faltimo,&nbsp;<strong>Leandro Santoro<\/strong>&nbsp;finalmente competir\u00e1 como candidato \u00fanico a jefe de gobierno porte\u00f1o por Uni\u00f3n por la Patria, tras quedar desactivadas las posibles candidaturas de Pedro Rosemblat, Elizabeth G\u00f3mez Alcorta y Mariano Recalde.<\/p>\n\n\n\n<p><img decoding=\"async\" loading=\"lazy\" alt=\"Moyano, Scioli, Mayra Arena y Victoria Tolosa Paz, en el acto de lanzamiento, cuando nada hac\u00eda presagiar el final de &quot;unidad&quot; el oficialismo\" height=\"1365\" width=\"2048\" class=\"\" src=\"https:\/\/cloudfront-us-east-1.images.arcpublishing.com\/infobae\/CU4FKBYOKVEXDADYKMEN6JUBD4.jpg\" srcset=\"https:\/\/www.infobae.com\/new-resizer\/kKZBPs3TGodxstbiO1M1mKylf94=\/420x280\/filters:format(webp):quality(85)\/cloudfront-us-east-1.images.arcpublishing.com\/infobae\/CU4FKBYOKVEXDADYKMEN6JUBD4.jpg 420w,https:\/\/www.infobae.com\/new-resizer\/dxGqmOYE-eK-aB5zEGzKZIcg_W4=\/768x512\/filters:format(webp):quality(85)\/cloudfront-us-east-1.images.arcpublishing.com\/infobae\/CU4FKBYOKVEXDADYKMEN6JUBD4.jpg 768w,https:\/\/www.infobae.com\/new-resizer\/gWqmyG7auDlsZaHLL4eBh2GzZlY=\/992x661\/filters:format(webp):quality(85)\/cloudfront-us-east-1.images.arcpublishing.com\/infobae\/CU4FKBYOKVEXDADYKMEN6JUBD4.jpg 992w,https:\/\/www.infobae.com\/new-resizer\/oBGER2RoDOPtZ40lb8VFeinriPY=\/1200x800\/filters:format(webp):quality(85)\/cloudfront-us-east-1.images.arcpublishing.com\/infobae\/CU4FKBYOKVEXDADYKMEN6JUBD4.jpg 1200w,https:\/\/www.infobae.com\/new-resizer\/DNXI9e8f7ZdZD_rg-SWUkJFSATY=\/1440x960\/filters:format(webp):quality(85)\/cloudfront-us-east-1.images.arcpublishing.com\/infobae\/CU4FKBYOKVEXDADYKMEN6JUBD4.jpg 1440w\">Moyano, Scioli, Mayra Arena y Victoria Tolosa Paz, en el acto de lanzamiento, cuando nada hac\u00eda presagiar el final de &#8220;unidad&#8221; el oficialismo<\/p>\n\n\n\n<p>Entre los perdedores est\u00e1 indudablemente Scioli, que durante cerca de un mes apur\u00f3 una postulaci\u00f3n que crey\u00f3 posible frente a los desacuerdos y el desorden pol\u00edtico reinante. Insisti\u00f3 con competir en unas PASO y, si bien asegur\u00f3 no ser auspiciado por Alberto Fern\u00e1ndez, la negociaci\u00f3n del presidente con CFK y Massa lo dej\u00f3 sin su principal sost\u00e9n pol\u00edtico. Decidi\u00f3 retirarse y volver a Brasil a cumplir sus \u00faltimos meses como embajador.<\/p>\n\n\n\n<p>Manzur tambi\u00e9n dej\u00f3 Buenos Aires y volvi\u00f3 a Tucum\u00e1n cuando recibi\u00f3 la confirmaci\u00f3n de que no ser\u00eda compa\u00f1ero de f\u00f3rmula de Wado De Pedro. Se hab\u00eda mostrado junto a gobernadores del norte del pa\u00eds como un&nbsp;<em>primus inter pares<\/em>, y crey\u00f3 que la victoria que obtuvo como jefe de campa\u00f1a en las elecciones en su provincia -logr\u00f3 que el peronismo gane la gobernaci\u00f3n y le arrebate la capital a la oposici\u00f3n- lo hab\u00edan dotado de una fortaleza que, finalmente, no alcanz\u00f3.<\/p>\n\n\n\n<p>Movimientos sociales, como el Evita e incluso el de Juan Grabois -que present\u00f3 una precandidatura m\u00e1s bien testimonial- quedaron relegados como as\u00ed tambi\u00e9n los sindicatos. De todos modos, el metal\u00fargico Mario \u201cPaco\u201d Manrique fue ubicado en un lugar destacado en la lista de Diputados.<\/p>\n\n\n\n<h2>Balance en Juntos por el Cambio<\/h2>\n\n\n\n<p><img decoding=\"async\" loading=\"lazy\" alt=\"Rodr\u00edguez Larreta, Gerardo Morales, Espert, Santilli, Pichetto, Patricia Bullrich, Petri, Maxi Aad, Grindetti, Cristian Ritondo\" height=\"1080\" width=\"1920\" class=\"\" src=\"https:\/\/cloudfront-us-east-1.images.arcpublishing.com\/infobae\/LPN4FJ6TPRHGLBZUSZRIG3UQCY.jpg\" srcset=\"https:\/\/www.infobae.com\/new-resizer\/2LTex8q10nPouf46z84iV-l_9Ig=\/420x236\/filters:format(webp):quality(85)\/cloudfront-us-east-1.images.arcpublishing.com\/infobae\/LPN4FJ6TPRHGLBZUSZRIG3UQCY.jpg 420w,https:\/\/www.infobae.com\/new-resizer\/7H_uMIOJqqOhaLnrnO8b06kEWQw=\/768x432\/filters:format(webp):quality(85)\/cloudfront-us-east-1.images.arcpublishing.com\/infobae\/LPN4FJ6TPRHGLBZUSZRIG3UQCY.jpg 768w,https:\/\/www.infobae.com\/new-resizer\/D1_wYndtnmTUQhikmjTMLlp2ETM=\/992x558\/filters:format(webp):quality(85)\/cloudfront-us-east-1.images.arcpublishing.com\/infobae\/LPN4FJ6TPRHGLBZUSZRIG3UQCY.jpg 992w,https:\/\/www.infobae.com\/new-resizer\/7KPgKqYvRZd86TKuevRNB41Ev5o=\/1200x675\/filters:format(webp):quality(85)\/cloudfront-us-east-1.images.arcpublishing.com\/infobae\/LPN4FJ6TPRHGLBZUSZRIG3UQCY.jpg 1200w,https:\/\/www.infobae.com\/new-resizer\/TJczp3SYxfcs1Sx9fpSEnWyPLx8=\/1440x810\/filters:format(webp):quality(85)\/cloudfront-us-east-1.images.arcpublishing.com\/infobae\/LPN4FJ6TPRHGLBZUSZRIG3UQCY.jpg 1440w\">Rodr\u00edguez Larreta, Gerardo Morales, Espert, Santilli, Pichetto, Patricia Bullrich, Petri, Maxi Aad, Grindetti, Cristian Ritondo<\/p>\n\n\n\n<p>En la oposici\u00f3n la complejidad para definir ganadores y perdedores es mayor.\u00a0<strong>Horacio Rodr\u00edguez Larreta\u00a0<\/strong>conform\u00f3 una propuesta electoral que consolid\u00f3 todo lo que ven\u00eda gestando. Incorpor\u00f3 a las autoridades y l\u00edderes principales de todas las fuerzas pol\u00edticas que integran Juntos por el Cambio. Mientras tanto,\u00a0<strong>Patricia Bullrich<\/strong>\u00a0ratific\u00f3 un formato diferente: una apuesta a la renovaci\u00f3n, a figuras populares y a la consolidaci\u00f3n de un liderazgo vertical y m\u00e1s de confrontaci\u00f3n.<\/p>\n\n\n\n<p>Larreta incorpor\u00f3 en las listas al presidente de la Uni\u00f3n C\u00edvica Radical, Gerardo Morales, como su compa\u00f1ero de f\u00f3rmula. A Miguel Pichetto, que lidera el Encuentro Republicano Federal -una fracci\u00f3n del peronismo anti K- como primer candidato a diputado nacional; a Elisa Carri\u00f3 y Maximiliano Ferraro, l\u00edder y presidente de la Coalici\u00f3n C\u00edvica, respectivamente; y al liberal Jos\u00e9 Luis Espert y la evangelista Cynthia Hotton, como candidatos a senadores.<\/p>\n\n\n\n<p>Se trata de una conformaci\u00f3n horizontal y diversa, que supone matices y acuerdos para darle una solidez apta para encarar un proyecto de gobierno. A estos nombres hay que sumarles los que compiten por cargos provinciales o en la ciudad de Buenos Aires. La divergencia clave es por su sucesi\u00f3n, ya que si bien dijo que apoya al precandidato del PRO, tuvo gestos claros de respaldo a Mart\u00edn Lousteau, que present\u00f3 candidatos locales con radicales, socialistas y Graciela Oca\u00f1a como cabeza de la lista de legisladores.<\/p>\n\n\n\n<p>Rodr\u00edguez Larreta tambi\u00e9n reconoce como referentes propios en las provincias a Maximiliano Pullaro (en Santa Fe); Nacho Torres (Chubut), Leticia Esteves (Neuqu\u00e9n); Claudio Poggi (San Luis), \u00c1ngel Rozas (Chaco); Ricardo Bruyaile y Gabriela Neme (Formosa); Rodrigo De Loredo (C\u00f3rdoba) y Roberto R\u00edos (Mendoza), entre otros.<\/p>\n\n\n\n<p>En cambio, Patricia Bullrich opt\u00f3 por proponer personalidades populares, como Maximiliano Guerra, Luis Brandoni y Federico Andahazi, la periodista Rosario Agostini, en Jujuy, o dirigentes que se presentar\u00e1n por primer vez a cargos electivos, como Daiana Molero y Dami\u00e1n Arabia, en la Capital Federal; o la experta en la lucha contra la corrupci\u00f3n y lavado de activos, Mar\u00eda Eugenia Talerico, como candidata a senadora nacional. Incorpor\u00f3 a Maximiliano Abad, que preside la UCR bonaerense, como primer candidato a senador y futuro presidente provisional de la C\u00e1mara alta, si gana la interna. O a la tambi\u00e9n radical Silvana Giudici para Diputados<\/p>\n\n\n\n<p>M\u00e1s all\u00e1 de esos \u201cganadores\u201d, en la lista de los que quedaron en el camino es inevitable mencionar a&nbsp;<strong>Facundo Manes<\/strong>, el neurocient\u00edfico que decidi\u00f3 bajar su precandidatura presidencial y rechazar el ofrecimiento para que sea precandidato a senador en las listas de Larreta. Tambi\u00e9n est\u00e1 Carri\u00f3, que hab\u00eda dicho que se presentar\u00eda como precandidata a presidenta, finalmente acept\u00f3 competir por una banca en el Parlasur. Su presencia, igual, es estrat\u00e9gica porque la secci\u00f3n de la boleta est\u00e1 pegada a Larreta y tiene gran visibilidad.<\/p>\n\n\n\n<p>Aunque podr\u00edan sumarse eventualmente a cargos ejecutivos en caso de ganar las primarias, Soledad Acu\u00f1a, que hab\u00eda sonado primero como precandidata a jefa de gobierno, luego a vicejefa, finalmente, termin\u00f3 en la lista del Parlasur. Tambi\u00e9n fueron all\u00ed Mart\u00edn Tetaz y Waldo Wolff, mientras que del lado del bullrichismo, ni Rodolfo Su\u00e1rez ni Luis Naidenoff, que hab\u00edan sido mencionados como posibles compa\u00f1eros de f\u00f3rmulas, quedaron en el camino, debido a la elecci\u00f3n del mendocino Luis Petri como vice. Y Joaqu\u00edn de la Torre, uno de los que primero se anot\u00f3 como precandidato a gobernador bonaerense, de Patricia, tampoco tuvo un rol destacado en las listas.<\/p>\n\n\n\n<p><img decoding=\"async\" loading=\"lazy\" alt=\"Franco Rinaldi encabezar\u00e1 la lista de legisladores porte\u00f1os de Jorge Macri\" height=\"953\" width=\"953\" class=\"\" src=\"https:\/\/cloudfront-us-east-1.images.arcpublishing.com\/infobae\/IPKMJWX2O5CAVODGOOP2XK4S64.jpg\" srcset=\"https:\/\/www.infobae.com\/new-resizer\/k_ZKNxEETFiJPy3FWZh06EabAFA=\/420x420\/filters:format(webp):quality(85)\/cloudfront-us-east-1.images.arcpublishing.com\/infobae\/IPKMJWX2O5CAVODGOOP2XK4S64.jpg 420w,https:\/\/www.infobae.com\/new-resizer\/-cikGUVgBlngFVsVkzjw6GWmK20=\/768x768\/filters:format(webp):quality(85)\/cloudfront-us-east-1.images.arcpublishing.com\/infobae\/IPKMJWX2O5CAVODGOOP2XK4S64.jpg 768w,https:\/\/www.infobae.com\/new-resizer\/wn-kPzwOC356lpXROtnfUi_TGq8=\/992x992\/filters:format(webp):quality(85)\/cloudfront-us-east-1.images.arcpublishing.com\/infobae\/IPKMJWX2O5CAVODGOOP2XK4S64.jpg 992w,https:\/\/www.infobae.com\/new-resizer\/bDeV3mFEkye0DmuMbzpBYm_TsOI=\/1200x1200\/filters:format(webp):quality(85)\/cloudfront-us-east-1.images.arcpublishing.com\/infobae\/IPKMJWX2O5CAVODGOOP2XK4S64.jpg 1200w,https:\/\/www.infobae.com\/new-resizer\/93SzBQKpMdaB8uWkwngNIC4fsd0=\/1440x1440\/filters:format(webp):quality(85)\/cloudfront-us-east-1.images.arcpublishing.com\/infobae\/IPKMJWX2O5CAVODGOOP2XK4S64.jpg 1440w\">Franco Rinaldi encabezar\u00e1 la lista de legisladores porte\u00f1os de Jorge Macri<\/p>\n\n\n\n<p>Finalmente, un p\u00e1rrafo aparte le corresponde a Mauricio Macri, que durante la previa tuvo una fuerte incidencia en el entorno de Patricia Bullrich, con el acercamiento de dirigentes clave, como Hern\u00e1n Lombardi, que actu\u00f3 como virtual jefe de campa\u00f1a. El ex presidente, que cumpli\u00f3 su palabra de no ser candidato a nada, se ocup\u00f3 sobre todo de empujar la candidatura de su primo Jorge para la sucesi\u00f3n porte\u00f1a. Ricardo L\u00f3pez Murphy, que primero amag\u00f3 con ser candidato a presidente y luego se baj\u00f3 a jefe de gobierno, decidi\u00f3 correrse de las PASO para evitar restarle votos a Jorge Macri, quien en respuesta, llevar\u00e1 como cabeza de los candidatos a legisladores a Franco Rinaldi, un hombre alineado con el \u201cbulldog\u201d.<\/p>\n\n\n\n<h2>Los libertarios de Milei<\/h2>\n\n\n\n<p>En el caso de Javier Milei, el tercero que disputa con chances ciertas las PASO, las listas no guardaron mayores sorpresas, m\u00e1s que la confirmaci\u00f3n de los nombres previamente conocidos. Efectivamente, no incorpor\u00f3 ninguna figura de la pol\u00edtica tradicional. A excepci\u00f3n de una y muy pol\u00e9mica:&nbsp;<strong>Pablo Ansaloni<\/strong>, un dirigente del Partido FE, que fund\u00f3 el hist\u00f3rico sindicalista de los peones rurales, Ger\u00f3nimo \u201cMomo\u201d Venegas. Fue diputado nacional entre 2017 y 2021 y termin\u00f3 con un esc\u00e1ndalo por declaraciones antisemitas.<\/p>\n\n\n\n<p>En la ciudad de Buenos Aires ir\u00e1 con Ramiro Marra como jefe de gobierno, la reconocida economista Diana Mondino como primera candidata a Diputados, y segundo Oscar Zago, un empresario hotelero, con pasado macrista. En la provincia de Buenos Aires, donde competir\u00e1 para la gobernaci\u00f3n con Carolina P\u00edparo y el abogado Francisco Onetto como vice, la lista del senado la lidera el banquero Juan N\u00e1poli, mientras que los diputados est\u00e1n el economista Alberto&nbsp;<em>Bertie&nbsp;<\/em>Benegas Lynch y la periodista Marcela Pagano.<\/p>\n\n\n\n<p>\u00bfQui\u00e9n gan\u00f3 y qui\u00e9n perdi\u00f3 en La Libertad Avanza? La presentaci\u00f3n de listas de candidatos en todas las provincias -sobre todo en la gobernaci\u00f3n bonaerense- y la postulaci\u00f3n del propio Milei, que hace s\u00f3lo dos a\u00f1os accedi\u00f3 a una banca de diputados despu\u00e9s de obtener el 17% de los votos en la ciudad de Buenos Aires, lo definen como un fen\u00f3meno pol\u00edtico in\u00e9dito en los 40 a\u00f1os de democracia.<\/p>\n\n\n\n<p>Fuente: Infobae<\/p>\n","protected":false},"excerpt":{"rendered":"<div class=\"mh-excerpt\"><p>Fue una semana que no reconoce antecedentes inmediatos. En 48 horas, las dos coaliciones pol\u00edticas mayoritarias de la Argentina pasaron del desorden y la multiplicaci\u00f3n de candidatos a forzar la unidad de intereses y expectativas. La oficialista Uni\u00f3n por la Patria present\u00f3 una lista de unidad, mientras que Juntos por el Cambio tendr\u00e1 dos listas con reales chances de \u00e9xito. M\u00e1s all\u00e1 de ese trazo grueso -al que debe sumarse el libertario&nbsp;Javier Milei&#8211; el cierre de listas dej\u00f3 ganadores y perdedores y una inc\u00f3gnita central que, por ahora, no tiene respuesta: \u00bfCristina Kirchner&nbsp;est\u00e1 entre los vencedores o los vencidos de <a class=\"mh-excerpt-more\" href=\"http:\/\/dsrmedios.com.ar\/diario\/archivos\/36093\" title=\"Ganadores y perdedores de un cierre de listas traum\u00e1tico y dominado por los desacuerdos y las sorpresas\">[Leer m\u00e1s]<\/a><\/p>\n<\/div>","protected":false},"author":8,"featured_media":36095,"comment_status":"open","ping_status":"closed","sticky":false,"template":"","format":"standard","meta":{"_jetpack_newsletter_access":""},"categories":[6],"tags":[],"jetpack_featured_media_url":"http:\/\/dsrmedios.com.ar\/diario\/wp-content\/uploads\/2023\/06\/descarga-12-1.jpg","jetpack_sharing_enabled":true,"jetpack_shortlink":"https:\/\/wp.me\/p9fihK-9o9","_links":{"self":[{"href":"http:\/\/dsrmedios.com.ar\/diario\/wp-json\/wp\/v2\/posts\/36093"}],"collection":[{"href":"http:\/\/dsrmedios.com.ar\/diario\/wp-json\/wp\/v2\/posts"}],"about":[{"href":"http:\/\/dsrmedios.com.ar\/diario\/wp-json\/wp\/v2\/types\/post"}],"author":[{"embeddable":true,"href":"http:\/\/dsrmedios.com.ar\/diario\/wp-json\/wp\/v2\/users\/8"}],"replies":[{"embeddable":true,"href":"http:\/\/dsrmedios.com.ar\/diario\/wp-json\/wp\/v2\/comments?post=36093"}],"version-history":[{"count":1,"href":"http:\/\/dsrmedios.com.ar\/diario\/wp-json\/wp\/v2\/posts\/36093\/revisions"}],"predecessor-version":[{"id":36096,"href":"http:\/\/dsrmedios.com.ar\/diario\/wp-json\/wp\/v2\/posts\/36093\/revisions\/36096"}],"wp:featuredmedia":[{"embeddable":true,"href":"http:\/\/dsrmedios.com.ar\/diario\/wp-json\/wp\/v2\/media\/36095"}],"wp:attachment":[{"href":"http:\/\/dsrmedios.com.ar\/diario\/wp-json\/wp\/v2\/media?parent=36093"}],"wp:term":[{"taxonomy":"category","embeddable":true,"href":"http:\/\/dsrmedios.com.ar\/diario\/wp-json\/wp\/v2\/categories?post=36093"},{"taxonomy":"post_tag","embeddable":true,"href":"http:\/\/dsrmedios.com.ar\/diario\/wp-json\/wp\/v2\/tags?post=36093"}],"curies":[{"name":"wp","href":"https:\/\/api.w.org\/{rel}","templated":true}]}}