{"id":36080,"date":"2023-06-25T11:09:18","date_gmt":"2023-06-25T14:09:18","guid":{"rendered":"http:\/\/dsrmedios.com.ar\/diario\/?p=36080"},"modified":"2023-06-25T11:09:22","modified_gmt":"2023-06-25T14:09:22","slug":"el-intendente-publico-anoche-la-lista-que-lo-acompanara-en-la-reeleccion","status":"publish","type":"post","link":"http:\/\/dsrmedios.com.ar\/diario\/archivos\/36080","title":{"rendered":"El Intendente public\u00f3 anoche la lista que lo acompa\u00f1ar\u00e1 en la reelecci\u00f3n"},"content":{"rendered":"\n<p>\u00a1Hola! Quiero compartir con ustedes el equipo que me acompa\u00f1ar\u00e1 para representar a los vecinos de Adolfo Alsina en el Concejo Deliberante y en el Consejo Escolar.<\/p>\n\n\n\n<p>Esta es una lista federal, encabezada por personas con experiencia y con muchas que se suman por primera vez a la pol\u00edtica.<\/p>\n\n\n\n<p>A todas las personas que integran esta lista les agradezco la confianza y sus ganas de dar lo mejor por Adolfo Alsina.<\/p>\n\n\n\n<p>Para hacer hay que estar. Esa es nuestra premisa.<\/p>\n\n\n\n<p>Estamos juntos<\/p>\n\n\n\n<p><a><\/a>Concejales Titulares<\/p>\n\n\n\n<p><img decoding=\"async\" loading=\"lazy\" height=\"16\" width=\"16\" alt=\"&#x1f538;\" src=\"https:\/\/static.xx.fbcdn.net\/images\/emoji.php\/v9\/tcb\/1.5\/16\/1f538.png\">Jorge Apud (Rivera)<\/p>\n\n\n\n<p><img decoding=\"async\" loading=\"lazy\" height=\"16\" width=\"16\" alt=\"&#x1f538;\" src=\"https:\/\/static.xx.fbcdn.net\/images\/emoji.php\/v9\/tcb\/1.5\/16\/1f538.png\">Graciela Rodriguez (Carhu\u00e9)<\/p>\n\n\n\n<p><img decoding=\"async\" loading=\"lazy\" height=\"16\" width=\"16\" alt=\"&#x1f538;\" src=\"https:\/\/static.xx.fbcdn.net\/images\/emoji.php\/v9\/tcb\/1.5\/16\/1f538.png\">Lucas Moggia (Villa Maza)<\/p>\n\n\n\n<p><img decoding=\"async\" loading=\"lazy\" height=\"16\" width=\"16\" alt=\"&#x1f538;\" src=\"https:\/\/static.xx.fbcdn.net\/images\/emoji.php\/v9\/tcb\/1.5\/16\/1f538.png\">Cecilia Audisio (Carhu\u00e9)<\/p>\n\n\n\n<p><img decoding=\"async\" loading=\"lazy\" height=\"16\" width=\"16\" alt=\"&#x1f538;\" src=\"https:\/\/static.xx.fbcdn.net\/images\/emoji.php\/v9\/tcb\/1.5\/16\/1f538.png\">Gerardo Acevedo (Rivera)<\/p>\n\n\n\n<p><img decoding=\"async\" loading=\"lazy\" height=\"16\" width=\"16\" alt=\"&#x1f538;\" src=\"https:\/\/static.xx.fbcdn.net\/images\/emoji.php\/v9\/tcb\/1.5\/16\/1f538.png\">Sandra Blanco (San Miguel Arc\u00e1ngel)<\/p>\n\n\n\n<p>Concejales Suplentes<\/p>\n\n\n\n<p><img decoding=\"async\" loading=\"lazy\" height=\"16\" width=\"16\" alt=\"&#x1f538;\" src=\"https:\/\/static.xx.fbcdn.net\/images\/emoji.php\/v9\/tcb\/1.5\/16\/1f538.png\">Ariel Barreiro (Carhu\u00e9)<\/p>\n\n\n\n<p><img decoding=\"async\" loading=\"lazy\" height=\"16\" width=\"16\" alt=\"&#x1f538;\" src=\"https:\/\/static.xx.fbcdn.net\/images\/emoji.php\/v9\/tcb\/1.5\/16\/1f538.png\">Ana Monta\u00f1o (Rivera)<\/p>\n\n\n\n<p><img decoding=\"async\" loading=\"lazy\" height=\"16\" width=\"16\" alt=\"&#x1f538;\" src=\"https:\/\/static.xx.fbcdn.net\/images\/emoji.php\/v9\/tcb\/1.5\/16\/1f538.png\">Osvaldo Boccalari (Carhu\u00e9)<\/p>\n\n\n\n<p><img decoding=\"async\" loading=\"lazy\" height=\"16\" width=\"16\" alt=\"&#x1f538;\" src=\"https:\/\/static.xx.fbcdn.net\/images\/emoji.php\/v9\/tcb\/1.5\/16\/1f538.png\">Laura Cameselle (Carhu\u00e9)<\/p>\n\n\n\n<p>Consejeros Escolares Titulares<\/p>\n\n\n\n<p><img decoding=\"async\" loading=\"lazy\" height=\"16\" width=\"16\" alt=\"&#x1f538;\" src=\"https:\/\/static.xx.fbcdn.net\/images\/emoji.php\/v9\/tcb\/1.5\/16\/1f538.png\">Marcela Uthurralt (Rivera)<\/p>\n\n\n\n<p><img decoding=\"async\" loading=\"lazy\" height=\"16\" width=\"16\" alt=\"&#x1f538;\" src=\"https:\/\/static.xx.fbcdn.net\/images\/emoji.php\/v9\/tcb\/1.5\/16\/1f538.png\">Mariano Osar\u00e1n (Carhu\u00e9)<\/p>\n\n\n\n<p><img decoding=\"async\" loading=\"lazy\" height=\"16\" width=\"16\" alt=\"&#x1f538;\" src=\"https:\/\/static.xx.fbcdn.net\/images\/emoji.php\/v9\/tcb\/1.5\/16\/1f538.png\">Natalia Vidal (Carhu\u00e9)<\/p>\n\n\n\n<p>Consejeros Escolares Suplentes<\/p>\n\n\n\n<p><img decoding=\"async\" loading=\"lazy\" height=\"16\" width=\"16\" alt=\"&#x1f538;\" src=\"https:\/\/static.xx.fbcdn.net\/images\/emoji.php\/v9\/tcb\/1.5\/16\/1f538.png\">Luciano Blanco (Carhu\u00e9)<\/p>\n\n\n\n<p><img decoding=\"async\" loading=\"lazy\" height=\"16\" width=\"16\" alt=\"&#x1f538;\" src=\"https:\/\/static.xx.fbcdn.net\/images\/emoji.php\/v9\/tcb\/1.5\/16\/1f538.png\">Yanina Rubio (Villa Maza)<\/p>\n\n\n\n<p><img decoding=\"async\" loading=\"lazy\" height=\"16\" width=\"16\" alt=\"&#x1f538;\" src=\"https:\/\/static.xx.fbcdn.net\/images\/emoji.php\/v9\/tcb\/1.5\/16\/1f538.png\">Juli\u00e1n Echaide (Carhu\u00e9)<\/p>\n","protected":false},"excerpt":{"rendered":"<div class=\"mh-excerpt\"><p>\u00a1Hola! Quiero compartir con ustedes el equipo que me acompa\u00f1ar\u00e1 para representar a los vecinos de Adolfo Alsina en el Concejo Deliberante y en el Consejo Escolar. Esta es una lista federal, encabezada por personas con experiencia y con muchas que se suman por primera vez a la pol\u00edtica. A todas las personas que integran esta lista les agradezco la confianza y sus ganas de dar lo mejor por Adolfo Alsina. Para hacer hay que estar. Esa es nuestra premisa. Estamos juntos Concejales Titulares Jorge Apud (Rivera) Graciela Rodriguez (Carhu\u00e9) Lucas Moggia (Villa Maza) Cecilia Audisio (Carhu\u00e9) Gerardo Acevedo (Rivera) <a class=\"mh-excerpt-more\" href=\"http:\/\/dsrmedios.com.ar\/diario\/archivos\/36080\" title=\"El Intendente public\u00f3 anoche la lista que lo acompa\u00f1ar\u00e1 en la reelecci\u00f3n\">[Leer m\u00e1s]<\/a><\/p>\n<\/div>","protected":false},"author":5,"featured_media":22937,"comment_status":"open","ping_status":"closed","sticky":false,"template":"","format":"standard","meta":{"_jetpack_newsletter_access":""},"categories":[18,31],"tags":[],"jetpack_featured_media_url":"http:\/\/dsrmedios.com.ar\/diario\/wp-content\/uploads\/2021\/03\/andresjavier.jpg","jetpack_sharing_enabled":true,"jetpack_shortlink":"https:\/\/wp.me\/p9fihK-9nW","_links":{"self":[{"href":"http:\/\/dsrmedios.com.ar\/diario\/wp-json\/wp\/v2\/posts\/36080"}],"collection":[{"href":"http:\/\/dsrmedios.com.ar\/diario\/wp-json\/wp\/v2\/posts"}],"about":[{"href":"http:\/\/dsrmedios.com.ar\/diario\/wp-json\/wp\/v2\/types\/post"}],"author":[{"embeddable":true,"href":"http:\/\/dsrmedios.com.ar\/diario\/wp-json\/wp\/v2\/users\/5"}],"replies":[{"embeddable":true,"href":"http:\/\/dsrmedios.com.ar\/diario\/wp-json\/wp\/v2\/comments?post=36080"}],"version-history":[{"count":1,"href":"http:\/\/dsrmedios.com.ar\/diario\/wp-json\/wp\/v2\/posts\/36080\/revisions"}],"predecessor-version":[{"id":36081,"href":"http:\/\/dsrmedios.com.ar\/diario\/wp-json\/wp\/v2\/posts\/36080\/revisions\/36081"}],"wp:featuredmedia":[{"embeddable":true,"href":"http:\/\/dsrmedios.com.ar\/diario\/wp-json\/wp\/v2\/media\/22937"}],"wp:attachment":[{"href":"http:\/\/dsrmedios.com.ar\/diario\/wp-json\/wp\/v2\/media?parent=36080"}],"wp:term":[{"taxonomy":"category","embeddable":true,"href":"http:\/\/dsrmedios.com.ar\/diario\/wp-json\/wp\/v2\/categories?post=36080"},{"taxonomy":"post_tag","embeddable":true,"href":"http:\/\/dsrmedios.com.ar\/diario\/wp-json\/wp\/v2\/tags?post=36080"}],"curies":[{"name":"wp","href":"https:\/\/api.w.org\/{rel}","templated":true}]}}