{"id":3602,"date":"2018-01-17T08:38:38","date_gmt":"2018-01-17T11:38:38","guid":{"rendered":"http:\/\/dsrmedios.com.ar\/diario\/?p=3602"},"modified":"2018-01-17T08:38:38","modified_gmt":"2018-01-17T11:38:38","slug":"el-subsecretario-de-asuntos-municipales-de-la-provincia-estara-en-la-inaguracion-de-obras-en-la-chacra","status":"publish","type":"post","link":"http:\/\/dsrmedios.com.ar\/diario\/archivos\/3602","title":{"rendered":"El Subsecretario de Asuntos Municipales de la Provincia estar\u00e1 en la inaguraci\u00f3n de obras en La Chacra"},"content":{"rendered":"<p>El Subsecretario de Asuntos Municipales de la provincia, Alex Campbell participar\u00e1 el jueves a las 10hs de la inauguraci\u00f3n de la remodelaci\u00f3n y los senderos de Ecoturismo de La Chacra.<br \/>\nEl Intendente David Hirtz invit\u00f3 a Campbell a participar de las actividades que se realizar\u00e1n en el marco del 141\u00ba aniversario de Carhu\u00e9.<br \/>\nDebido a una reuni\u00f3n de Gabinete convocada por la Gobernadora Mar\u00eda Eugenia Vidal, a Campbell le resulta imposible asistir al acto central el s\u00e1bado 20 en la Plaza Nicol\u00e1s Levalle. Por esto, acordaron con el Intendente su presencia en la inauguraci\u00f3n de la remodelaci\u00f3n y los senderos de ecoturismo de La Chacra, donde participar\u00e1n los chicos de las Escuelas de Verano de todo el distrito.<\/p>\n","protected":false},"excerpt":{"rendered":"<div class=\"mh-excerpt\"><p>El Subsecretario de Asuntos Municipales de la provincia, Alex Campbell participar\u00e1 el jueves a las 10hs de la inauguraci\u00f3n de la remodelaci\u00f3n y los senderos de Ecoturismo de La Chacra. El Intendente David Hirtz invit\u00f3 a Campbell a participar de las actividades que se realizar\u00e1n en el marco del 141\u00ba aniversario de Carhu\u00e9. Debido a una reuni\u00f3n de Gabinete convocada por la Gobernadora Mar\u00eda Eugenia Vidal, a Campbell le resulta imposible asistir al acto central el s\u00e1bado 20 en la Plaza Nicol\u00e1s Levalle. Por esto, acordaron con el Intendente su presencia en la inauguraci\u00f3n de la remodelaci\u00f3n y los senderos <a class=\"mh-excerpt-more\" href=\"http:\/\/dsrmedios.com.ar\/diario\/archivos\/3602\" title=\"El Subsecretario de Asuntos Municipales de la Provincia estar\u00e1 en la inaguraci\u00f3n de obras en La Chacra\">[Leer m\u00e1s]<\/a><\/p>\n<\/div>","protected":false},"author":5,"featured_media":3603,"comment_status":"open","ping_status":"closed","sticky":false,"template":"","format":"standard","meta":{"_jetpack_newsletter_access":""},"categories":[18,5],"tags":[],"jetpack_featured_media_url":"http:\/\/dsrmedios.com.ar\/diario\/wp-content\/uploads\/2018\/01\/alexdadvid.jpg","jetpack_sharing_enabled":true,"jetpack_shortlink":"https:\/\/wp.me\/p9fihK-W6","_links":{"self":[{"href":"http:\/\/dsrmedios.com.ar\/diario\/wp-json\/wp\/v2\/posts\/3602"}],"collection":[{"href":"http:\/\/dsrmedios.com.ar\/diario\/wp-json\/wp\/v2\/posts"}],"about":[{"href":"http:\/\/dsrmedios.com.ar\/diario\/wp-json\/wp\/v2\/types\/post"}],"author":[{"embeddable":true,"href":"http:\/\/dsrmedios.com.ar\/diario\/wp-json\/wp\/v2\/users\/5"}],"replies":[{"embeddable":true,"href":"http:\/\/dsrmedios.com.ar\/diario\/wp-json\/wp\/v2\/comments?post=3602"}],"version-history":[{"count":1,"href":"http:\/\/dsrmedios.com.ar\/diario\/wp-json\/wp\/v2\/posts\/3602\/revisions"}],"predecessor-version":[{"id":3604,"href":"http:\/\/dsrmedios.com.ar\/diario\/wp-json\/wp\/v2\/posts\/3602\/revisions\/3604"}],"wp:featuredmedia":[{"embeddable":true,"href":"http:\/\/dsrmedios.com.ar\/diario\/wp-json\/wp\/v2\/media\/3603"}],"wp:attachment":[{"href":"http:\/\/dsrmedios.com.ar\/diario\/wp-json\/wp\/v2\/media?parent=3602"}],"wp:term":[{"taxonomy":"category","embeddable":true,"href":"http:\/\/dsrmedios.com.ar\/diario\/wp-json\/wp\/v2\/categories?post=3602"},{"taxonomy":"post_tag","embeddable":true,"href":"http:\/\/dsrmedios.com.ar\/diario\/wp-json\/wp\/v2\/tags?post=3602"}],"curies":[{"name":"wp","href":"https:\/\/api.w.org\/{rel}","templated":true}]}}