{"id":3599,"date":"2018-01-17T08:35:32","date_gmt":"2018-01-17T11:35:32","guid":{"rendered":"http:\/\/dsrmedios.com.ar\/diario\/?p=3599"},"modified":"2018-01-17T08:35:32","modified_gmt":"2018-01-17T11:35:32","slug":"reconoceran-a-deportistas-de-adolfo-alsina-destacados-en-el-ano-2017","status":"publish","type":"post","link":"http:\/\/dsrmedios.com.ar\/diario\/archivos\/3599","title":{"rendered":"Reconocer\u00e1n a deportistas de Adolfo Alsina destacados en el a\u00f1o 2017"},"content":{"rendered":"<p>El Municipio realizar\u00e1 la Noche de Reconocimiento a Deportistas Adolfoalsinenses Destacados A\u00f1o 2017 en el marco de los festejos por el 141\u00ba Aniversario de Carhu\u00e9.<br \/>\nSer\u00e1 el jueves a las 20hs en la Casa de la Cultura y participar\u00e1n deportistas y equipos de todo el distrito que ser\u00e1n premiados por los logros obtenidos durante el a\u00f1o pasado.<br \/>\nEl reconocimiento, promovido desde la Direcci\u00f3n de Deportes tiene por objetivo distinguir a quienes representaron a Adolfo Alsina<\/p>\n","protected":false},"excerpt":{"rendered":"<div class=\"mh-excerpt\"><p>El Municipio realizar\u00e1 la Noche de Reconocimiento a Deportistas Adolfoalsinenses Destacados A\u00f1o 2017 en el marco de los festejos por el 141\u00ba Aniversario de Carhu\u00e9. Ser\u00e1 el jueves a las 20hs en la Casa de la Cultura y participar\u00e1n deportistas y equipos de todo el distrito que ser\u00e1n premiados por los logros obtenidos durante el a\u00f1o pasado. El reconocimiento, promovido desde la Direcci\u00f3n de Deportes tiene por objetivo distinguir a quienes representaron a Adolfo Alsina<\/p>\n<\/div>","protected":false},"author":5,"featured_media":3600,"comment_status":"open","ping_status":"closed","sticky":false,"template":"","format":"standard","meta":{"_jetpack_newsletter_access":""},"categories":[1],"tags":[],"jetpack_featured_media_url":"http:\/\/dsrmedios.com.ar\/diario\/wp-content\/uploads\/2018\/01\/voley23-1-1.jpg","jetpack_sharing_enabled":true,"jetpack_shortlink":"https:\/\/wp.me\/p9fihK-W3","_links":{"self":[{"href":"http:\/\/dsrmedios.com.ar\/diario\/wp-json\/wp\/v2\/posts\/3599"}],"collection":[{"href":"http:\/\/dsrmedios.com.ar\/diario\/wp-json\/wp\/v2\/posts"}],"about":[{"href":"http:\/\/dsrmedios.com.ar\/diario\/wp-json\/wp\/v2\/types\/post"}],"author":[{"embeddable":true,"href":"http:\/\/dsrmedios.com.ar\/diario\/wp-json\/wp\/v2\/users\/5"}],"replies":[{"embeddable":true,"href":"http:\/\/dsrmedios.com.ar\/diario\/wp-json\/wp\/v2\/comments?post=3599"}],"version-history":[{"count":1,"href":"http:\/\/dsrmedios.com.ar\/diario\/wp-json\/wp\/v2\/posts\/3599\/revisions"}],"predecessor-version":[{"id":3601,"href":"http:\/\/dsrmedios.com.ar\/diario\/wp-json\/wp\/v2\/posts\/3599\/revisions\/3601"}],"wp:featuredmedia":[{"embeddable":true,"href":"http:\/\/dsrmedios.com.ar\/diario\/wp-json\/wp\/v2\/media\/3600"}],"wp:attachment":[{"href":"http:\/\/dsrmedios.com.ar\/diario\/wp-json\/wp\/v2\/media?parent=3599"}],"wp:term":[{"taxonomy":"category","embeddable":true,"href":"http:\/\/dsrmedios.com.ar\/diario\/wp-json\/wp\/v2\/categories?post=3599"},{"taxonomy":"post_tag","embeddable":true,"href":"http:\/\/dsrmedios.com.ar\/diario\/wp-json\/wp\/v2\/tags?post=3599"}],"curies":[{"name":"wp","href":"https:\/\/api.w.org\/{rel}","templated":true}]}}