{"id":3593,"date":"2018-01-17T08:19:40","date_gmt":"2018-01-17T11:19:40","guid":{"rendered":"http:\/\/dsrmedios.com.ar\/diario\/?p=3593"},"modified":"2018-01-17T08:19:40","modified_gmt":"2018-01-17T11:19:40","slug":"el-gobierno-provincial-promulgo-la-ley-que-modifica-el-regimen-previsional-de-los-empleados-del-bapro","status":"publish","type":"post","link":"http:\/\/dsrmedios.com.ar\/diario\/archivos\/3593","title":{"rendered":"El Gobierno Provincial promulg\u00f3 la Ley que modifica el r\u00e9gimen previsional de los empleados del Bapro"},"content":{"rendered":"<p>El Gobierno bonaerense promulg\u00f3 hoy la ley que modifica el r\u00e9gimen previsional vigente para los empleados del Banco Provincia y eleva la edad en forma escalonada desde los 57 a los 65 a\u00f1os.<\/p>\n<p>La ley 15.008, sancionada en diciembre y publicada hoy en el Bolet\u00edn Oficial bonaerense, establece que &#8220;tendr\u00e1 derecho a la jubilaci\u00f3n ordinaria el afiliado que compute treinta y cinco (35) a\u00f1os de servicios como m\u00ednimo y que hubiera cumplido sesenta y cinco (65) a\u00f1os de edad&#8221;.<\/p>\n<p>La aplicaci\u00f3n de la nueva edad para jubilarse se realizar\u00e1 gradualmente con la siguiente escala: 61 a\u00f1os en 2020 y 2021; 62 a\u00f1os en 2022 y 2023; 63 a\u00f1os en 2024 y 2025; 64 a\u00f1os en 2026 y 2027, y 65 a\u00f1os desde 2028.<\/p>\n<p>Con estas modificaciones que fueron elaboradas por el Poder Ejecutivo, la gobernadora Mar\u00eda Eugenia Vidal pretende reducir el d\u00e9ficit que tiene la Caja de Jubilaciones del Banco Provincia, previsto para el a\u00f1o pr\u00f3ximo en unos 6.000 millones de pesos.<\/p>\n<p>Adem\u00e1s, modifica la tasa de sustituci\u00f3n, es decir el porcentaje del sueldo activo que percibe un jubilado al bajarlo del 82 al 70 por ciento, con lo que lo &#8220;iguala con el resto de los empleados bancarios&#8221;, seg\u00fan explic\u00f3 en el recinto el diputado de Cambiemos Marcelo Daletto.<\/p>\n<p>Establece tambi\u00e9n que para el haber inicial se tomar\u00e1 el promedio de los \u00faltimos diez a\u00f1os de sueldo y que la movilidad jubilatoria no ser\u00e1 por variaci\u00f3n salarial sino por el \u00edndice votado en diciembre por el Congreso de la Naci\u00f3n para el resto de los jubilados. As\u00ed los aumentos ser\u00e1n trimestrales en lugar de semestrales, y se calcular\u00e1n con una combinaci\u00f3n del 70% de la inflaci\u00f3n y el 30% del Ripte, que es el aumento salarial de los trabajadores del sector formal.<\/p>\n","protected":false},"excerpt":{"rendered":"<div class=\"mh-excerpt\"><p>El Gobierno bonaerense promulg\u00f3 hoy la ley que modifica el r\u00e9gimen previsional vigente para los empleados del Banco Provincia y eleva la edad en forma escalonada desde los 57 a los 65 a\u00f1os. La ley 15.008, sancionada en diciembre y publicada hoy en el Bolet\u00edn Oficial bonaerense, establece que &#8220;tendr\u00e1 derecho a la jubilaci\u00f3n ordinaria el afiliado que compute treinta y cinco (35) a\u00f1os de servicios como m\u00ednimo y que hubiera cumplido sesenta y cinco (65) a\u00f1os de edad&#8221;. La aplicaci\u00f3n de la nueva edad para jubilarse se realizar\u00e1 gradualmente con la siguiente escala: 61 a\u00f1os en 2020 y 2021; <a class=\"mh-excerpt-more\" href=\"http:\/\/dsrmedios.com.ar\/diario\/archivos\/3593\" title=\"El Gobierno Provincial promulg\u00f3 la Ley que modifica el r\u00e9gimen previsional de los empleados del Bapro\">[Leer m\u00e1s]<\/a><\/p>\n<\/div>","protected":false},"author":5,"featured_media":3594,"comment_status":"open","ping_status":"closed","sticky":false,"template":"","format":"standard","meta":{"_jetpack_newsletter_access":""},"categories":[18,7],"tags":[],"jetpack_featured_media_url":"http:\/\/dsrmedios.com.ar\/diario\/wp-content\/uploads\/2018\/01\/bapro.jpg","jetpack_sharing_enabled":true,"jetpack_shortlink":"https:\/\/wp.me\/p9fihK-VX","_links":{"self":[{"href":"http:\/\/dsrmedios.com.ar\/diario\/wp-json\/wp\/v2\/posts\/3593"}],"collection":[{"href":"http:\/\/dsrmedios.com.ar\/diario\/wp-json\/wp\/v2\/posts"}],"about":[{"href":"http:\/\/dsrmedios.com.ar\/diario\/wp-json\/wp\/v2\/types\/post"}],"author":[{"embeddable":true,"href":"http:\/\/dsrmedios.com.ar\/diario\/wp-json\/wp\/v2\/users\/5"}],"replies":[{"embeddable":true,"href":"http:\/\/dsrmedios.com.ar\/diario\/wp-json\/wp\/v2\/comments?post=3593"}],"version-history":[{"count":1,"href":"http:\/\/dsrmedios.com.ar\/diario\/wp-json\/wp\/v2\/posts\/3593\/revisions"}],"predecessor-version":[{"id":3595,"href":"http:\/\/dsrmedios.com.ar\/diario\/wp-json\/wp\/v2\/posts\/3593\/revisions\/3595"}],"wp:featuredmedia":[{"embeddable":true,"href":"http:\/\/dsrmedios.com.ar\/diario\/wp-json\/wp\/v2\/media\/3594"}],"wp:attachment":[{"href":"http:\/\/dsrmedios.com.ar\/diario\/wp-json\/wp\/v2\/media?parent=3593"}],"wp:term":[{"taxonomy":"category","embeddable":true,"href":"http:\/\/dsrmedios.com.ar\/diario\/wp-json\/wp\/v2\/categories?post=3593"},{"taxonomy":"post_tag","embeddable":true,"href":"http:\/\/dsrmedios.com.ar\/diario\/wp-json\/wp\/v2\/tags?post=3593"}],"curies":[{"name":"wp","href":"https:\/\/api.w.org\/{rel}","templated":true}]}}