{"id":3590,"date":"2018-01-17T08:14:16","date_gmt":"2018-01-17T11:14:16","guid":{"rendered":"http:\/\/dsrmedios.com.ar\/diario\/?p=3590"},"modified":"2018-01-17T08:14:16","modified_gmt":"2018-01-17T11:14:16","slug":"alertan-a-quienes-viajen-a-brasil-por-el-brote-de-fiebre-amarilla-en-ese-pais","status":"publish","type":"post","link":"http:\/\/dsrmedios.com.ar\/diario\/archivos\/3590","title":{"rendered":"Alertan a quienes viajen a Brasil por el brote de fiebre amarilla en ese pa\u00eds"},"content":{"rendered":"<p>La Organizaci\u00f3n Mundial de la Salud (OMS) volvi\u00f3 a recomendar ayer que las personas que viajen a Brasil en los pr\u00f3ximos d\u00edas se vacunen contra la fiebre amarilla. Lo hizo luego de que se detectara un aumento de la transmisi\u00f3n selv\u00e1tica del virus cada vez m\u00e1s pr\u00f3xima a centros urbanos muy poblados, como el Gran San Pablo.<\/p>\n<p>En nuestro pa\u00eds, el Ministerio de Salud de la Naci\u00f3n mantiene las recomendaciones vigentes desde el a\u00f1o pasado (ver infograf\u00eda). La vacuna debe aplicarse por lo menos 10 d\u00edas antes del viaje, en especial si el itinerario incluye visitar \u00e1reas naturales. Quienes ya la hayan recibido, no deber\u00e1n volver a aplic\u00e1rsela. Una sola dosis de la vacuna aprobada por la OMS protege de por vida.<\/p>\n<p>Ayer, las autoridades sanitarias brasile\u00f1as confirmaron que hubo 20 muertos en lo que va del a\u00f1o. Como se anticip\u00f3, fueron 11 en el estado de Minas Gerais, cuatro en el de San Pablo, tres en el de R\u00edo de Janeiro, una en el de Bah\u00eda y otra en Brasilia.<\/p>\n<p>Adem\u00e1s se est\u00e1n estudiando 687 epizootias en otros 17 estados, incluido el distrito federal, y 92 infecciones en residentes o visitantes de 15 estados: Bah\u00eda, Esp\u00edritu Santo, Goi\u00e1s, Paran\u00e1, Pernambuco, Par\u00e1, Santa Catarina, Para\u00edba, R\u00edo Grande del Norte, Piau\u00ed y Tocantis, adem\u00e1s de los cuatro estados m\u00e1s comprometidos.<\/p>\n<p>Sylvain Aldighieri, director adjunto de emergencias de la OPS\/OMS en la ciudad de Washington, explic\u00f3 que, desde el punto de vista geogr\u00e1fico, &#8220;lo m\u00e1s preocupante es que las grandes regiones metropolitanas est\u00e1n rodeadas de epizootias, incluida la ciudad de San Pablo. Est\u00e1n ocurriendo muy cerca de una alta concentraci\u00f3n de poblaci\u00f3n, donde a\u00fan est\u00e1n en curso las campa\u00f1as de vacunaci\u00f3n. En este momento, lo importante es lograr una cobertura suficiente para evitar todo riesgo.<br \/>\nCon experiencia mundial en la investigaci\u00f3n de epidemias, Aldighieri precis\u00f3 ayer que la recomendaci\u00f3n para tomar precauciones se aplica especialmente &#8220;a todo el trayecto desde Corrientes, en la Mesopotamia argentina, y por los ingresos al estado de Paran\u00e1. Hay que estar protegido antes de acercarse a zonas selv\u00e1ticas&#8221;.<\/p>\n<p>fuente:www.lanacion.com<\/p>\n","protected":false},"excerpt":{"rendered":"<div class=\"mh-excerpt\"><p>La Organizaci\u00f3n Mundial de la Salud (OMS) volvi\u00f3 a recomendar ayer que las personas que viajen a Brasil en los pr\u00f3ximos d\u00edas se vacunen contra la fiebre amarilla. Lo hizo luego de que se detectara un aumento de la transmisi\u00f3n selv\u00e1tica del virus cada vez m\u00e1s pr\u00f3xima a centros urbanos muy poblados, como el Gran San Pablo. En nuestro pa\u00eds, el Ministerio de Salud de la Naci\u00f3n mantiene las recomendaciones vigentes desde el a\u00f1o pasado (ver infograf\u00eda). La vacuna debe aplicarse por lo menos 10 d\u00edas antes del viaje, en especial si el itinerario incluye visitar \u00e1reas naturales. Quienes ya <a class=\"mh-excerpt-more\" href=\"http:\/\/dsrmedios.com.ar\/diario\/archivos\/3590\" title=\"Alertan a quienes viajen a Brasil por el brote de fiebre amarilla en ese pa\u00eds\">[Leer m\u00e1s]<\/a><\/p>\n<\/div>","protected":false},"author":5,"featured_media":3591,"comment_status":"open","ping_status":"closed","sticky":false,"template":"","format":"standard","meta":{"_jetpack_newsletter_access":""},"categories":[18,6],"tags":[],"jetpack_featured_media_url":"http:\/\/dsrmedios.com.ar\/diario\/wp-content\/uploads\/2018\/01\/infofiebreamarilla_0.jpg","jetpack_sharing_enabled":true,"jetpack_shortlink":"https:\/\/wp.me\/p9fihK-VU","_links":{"self":[{"href":"http:\/\/dsrmedios.com.ar\/diario\/wp-json\/wp\/v2\/posts\/3590"}],"collection":[{"href":"http:\/\/dsrmedios.com.ar\/diario\/wp-json\/wp\/v2\/posts"}],"about":[{"href":"http:\/\/dsrmedios.com.ar\/diario\/wp-json\/wp\/v2\/types\/post"}],"author":[{"embeddable":true,"href":"http:\/\/dsrmedios.com.ar\/diario\/wp-json\/wp\/v2\/users\/5"}],"replies":[{"embeddable":true,"href":"http:\/\/dsrmedios.com.ar\/diario\/wp-json\/wp\/v2\/comments?post=3590"}],"version-history":[{"count":1,"href":"http:\/\/dsrmedios.com.ar\/diario\/wp-json\/wp\/v2\/posts\/3590\/revisions"}],"predecessor-version":[{"id":3592,"href":"http:\/\/dsrmedios.com.ar\/diario\/wp-json\/wp\/v2\/posts\/3590\/revisions\/3592"}],"wp:featuredmedia":[{"embeddable":true,"href":"http:\/\/dsrmedios.com.ar\/diario\/wp-json\/wp\/v2\/media\/3591"}],"wp:attachment":[{"href":"http:\/\/dsrmedios.com.ar\/diario\/wp-json\/wp\/v2\/media?parent=3590"}],"wp:term":[{"taxonomy":"category","embeddable":true,"href":"http:\/\/dsrmedios.com.ar\/diario\/wp-json\/wp\/v2\/categories?post=3590"},{"taxonomy":"post_tag","embeddable":true,"href":"http:\/\/dsrmedios.com.ar\/diario\/wp-json\/wp\/v2\/tags?post=3590"}],"curies":[{"name":"wp","href":"https:\/\/api.w.org\/{rel}","templated":true}]}}