{"id":35805,"date":"2023-06-21T10:54:13","date_gmt":"2023-06-21T13:54:13","guid":{"rendered":"http:\/\/dsrmedios.com.ar\/diario\/?p=35805"},"modified":"2023-06-21T10:54:17","modified_gmt":"2023-06-21T13:54:17","slug":"scioli-ira-a-la-justicia-para-impugnar-el-reglamento-que-fijo-el-kirchnerismo-para-las-paso-en-buenos-aires","status":"publish","type":"post","link":"http:\/\/dsrmedios.com.ar\/diario\/archivos\/35805","title":{"rendered":"Scioli ir\u00e1 a la Justicia para impugnar el reglamento que fij\u00f3 el kirchnerismo para las PASO en Buenos Aires"},"content":{"rendered":"\n<p>Este mi\u00e9rcoles vence el plazo para confirmar el<strong>&nbsp;acta de constituci\u00f3n&nbsp;<\/strong>de la coalici\u00f3n oficialista en la provincia de Buenos Aires que&nbsp;<strong>Daniel Scioli&nbsp;<\/strong>cuestiona por la integraci\u00f3n de las listas. El precandidato a presidente protesta contra la reglamentaci\u00f3n impuesta por<strong>&nbsp;M\u00e1ximo Kirchner&nbsp;<\/strong>en la que se establecieron normas que desalientan la participaci\u00f3n en las PASO como la que fij\u00f3 que los legisladores provinciales de la&nbsp;<strong>minor\u00eda<\/strong>&nbsp;deber\u00e1n superar el&nbsp;<strong>piso del 30%<\/strong>&nbsp;para integrar la lista y, en caso de hacerlo, lo har\u00e1n a partir del sexto o s\u00e9ptimo lugar -ubicaciones que dependen de un excelente resultado de Uni\u00f3n por la Patria para reci\u00e9n empezar a pensar en ingresar a la Legislatura bonaerense-.<\/p>\n\n\n\n<p>El ex motonauta se mantiene abierto al di\u00e1logo y a alcanzar un acuerdo como el que -aseguran en su entorno- hab\u00edan establecido con el kirchnerismo que se\u00f1alaban que los legisladores ingresar\u00edan a partir del cuarto lugar, al igual que en la listas nacionales. El reloj corre y si en las pr\u00f3ximas horas no recibe respuesta,&nbsp;<strong>Scioli tiene pensado presentarse ante la Justicia Federal y ante la Junta Electoral para impugnar el reglamento que fij\u00f3 el kirchnerismo<\/strong>&nbsp;para las Primarias Abiertas, Simult\u00e1neas y Obligatorias.<\/p>\n\n\n\n<p>En las \u00faltimas 72 horas&nbsp;<strong>An\u00edbal Fern\u00e1ndez<\/strong>&nbsp;-apoderado legal del ex gobernador- estuvo trabajando junto a su equipo t\u00e9cnico en la presentaci\u00f3n que har\u00edan ante la Junta Electoral de la provincia que comanda&nbsp;<strong>Sergio Torres<\/strong>, titular de la Suprema Corte.<\/p>\n\n\n\n<p><\/p>\n\n\n\n<p>Tanto Scioli como&nbsp;<strong>Victoria Tolosa Paz<\/strong>, que busca disputarle la gobernaci\u00f3n a Axel Kicillof, cuestionan adem\u00e1s de los lugares para las minor\u00edas, que se les pide avales para presentar sus candidaturas que se los deben dar partidos asociados al kirchnerismo que presionan para que el embajador en Brasil y la ministra de Desarrollo Social declinen sus postulaciones.<\/p>\n\n\n\n<p>Las listas de candidatos deber\u00e1n contar con&nbsp;<strong>un 50% de avales del PJ, un 30% de ciudadanos y un 20% de los cinco partidos que componen Uni\u00f3n por la Patria: el Frente Renovador, el Frente Grande, el Partido de la Victoria, Nuevo Encuentro y Kolina<\/strong>. Ante los planteos expl\u00edcitos de este sector del oficialismo para que no haya PASO es casi un hecho que Scioli y Tolosa Paz no contar\u00e1n con los avales.<\/p>\n\n\n\n<p><img decoding=\"async\" loading=\"lazy\" alt=\"Scioli y Tolosa Paz en el saludo a los militantes de su sector que juntan avales para sus candidaturas\" height=\"1080\" width=\"1920\" class=\"\" src=\"https:\/\/cloudfront-us-east-1.images.arcpublishing.com\/infobae\/XUWIF27YIZCMJL5FU4QDQVTKXA.jpg\" srcset=\"https:\/\/www.infobae.com\/new-resizer\/eHLMG9IR-ZAb0jJyxAG-aY10NcA=\/420x236\/filters:format(webp):quality(85)\/cloudfront-us-east-1.images.arcpublishing.com\/infobae\/XUWIF27YIZCMJL5FU4QDQVTKXA.jpg 420w,https:\/\/www.infobae.com\/new-resizer\/5lDybCQl8U8MAAVJE7hTTePl5-w=\/768x432\/filters:format(webp):quality(85)\/cloudfront-us-east-1.images.arcpublishing.com\/infobae\/XUWIF27YIZCMJL5FU4QDQVTKXA.jpg 768w,https:\/\/www.infobae.com\/new-resizer\/s-bo1mnssfaYIs8kTn794OQ5YYs=\/992x558\/filters:format(webp):quality(85)\/cloudfront-us-east-1.images.arcpublishing.com\/infobae\/XUWIF27YIZCMJL5FU4QDQVTKXA.jpg 992w,https:\/\/www.infobae.com\/new-resizer\/x9UbqS442j6DJmuE9IAqnKmqi4s=\/1200x675\/filters:format(webp):quality(85)\/cloudfront-us-east-1.images.arcpublishing.com\/infobae\/XUWIF27YIZCMJL5FU4QDQVTKXA.jpg 1200w,https:\/\/www.infobae.com\/new-resizer\/4PXXEoFXlP7xsmKvExjn3q7GOfU=\/1440x810\/filters:format(webp):quality(85)\/cloudfront-us-east-1.images.arcpublishing.com\/infobae\/XUWIF27YIZCMJL5FU4QDQVTKXA.jpg 1440w\">Scioli y Tolosa Paz en el saludo a los militantes de su sector que juntan avales para sus candidaturas<\/p>\n\n\n\n<p>En este marco, el ex vicepresidente de N\u00e9stor Kirchner eval\u00faa presentar un recurso de amparo en el&nbsp;<strong>Tribunal N\u00b0 1 de La Plata<\/strong>, a cargo del juez federal&nbsp;<strong>Alejo Ramos Padilla<\/strong>.<\/p>\n\n\n\n<p>E kirchnerismo obliga a Scioli a que presente candidatos en todas las categor\u00edas de la provincia de Buenos Aires. Otra forma de mantener la presi\u00f3n para que decline su postulaci\u00f3n.<\/p>\n\n\n\n<p>La semana pasada, a trav\u00e9s de un hilo de Twitter, el Partido Justicialista de la Provincia de Buenos Aires sali\u00f3 a responderle al ex gobernador se\u00f1alando que \u201cla distribuci\u00f3n de los cargos nacionales, provinciales y municipales correspondientes a las minor\u00edas, son informadas y de conocimiento para todos los partidos firmantes del Acta constitutiva del Frente electoral\u201d.<\/p>\n\n\n\n<p><strong>\u201cLas reglas de juego establecidas en el reglamento por el conjunto no son capricho de nadie<\/strong>. Se trata de propuestas realizadas por los partidos al momento de integrar y formar el frente. Es una construcci\u00f3n colectiva.&nbsp;<strong>No es potestad de los precandidatos modificarlas seg\u00fan su parecer y conveniencia\u201d<\/strong>, sentenci\u00f3 el PJ presidido por M\u00e1ximo Kirchner.<\/p>\n\n\n\n<p><strong>\u201cEs una decisi\u00f3n que tomada, no me voy a bajar\u201d<\/strong>, respondi\u00f3 Scioli este lunes.\u00a0<strong>\u201cQuiero ir a las PASO para tener autonom\u00eda e independencia pol\u00edtica\u201d<\/strong>, agreg\u00f3 en una entrevista que dio a\u00a0<em>TN<\/em>. El plazo para presentar las candidaturas vence el 24, pero hoy ser\u00e1 un d\u00eda clave para dilucidar el armado electoral del ex Frente de Todos renacido en Uni\u00f3n por la Patria.<\/p>\n\n\n\n<p>Fuente: Infobae<\/p>\n","protected":false},"excerpt":{"rendered":"<div class=\"mh-excerpt\"><p>Este mi\u00e9rcoles vence el plazo para confirmar el&nbsp;acta de constituci\u00f3n&nbsp;de la coalici\u00f3n oficialista en la provincia de Buenos Aires que&nbsp;Daniel Scioli&nbsp;cuestiona por la integraci\u00f3n de las listas. El precandidato a presidente protesta contra la reglamentaci\u00f3n impuesta por&nbsp;M\u00e1ximo Kirchner&nbsp;en la que se establecieron normas que desalientan la participaci\u00f3n en las PASO como la que fij\u00f3 que los legisladores provinciales de la&nbsp;minor\u00eda&nbsp;deber\u00e1n superar el&nbsp;piso del 30%&nbsp;para integrar la lista y, en caso de hacerlo, lo har\u00e1n a partir del sexto o s\u00e9ptimo lugar -ubicaciones que dependen de un excelente resultado de Uni\u00f3n por la Patria para reci\u00e9n empezar a pensar en ingresar <a class=\"mh-excerpt-more\" href=\"http:\/\/dsrmedios.com.ar\/diario\/archivos\/35805\" title=\"Scioli ir\u00e1 a la Justicia para impugnar el reglamento que fij\u00f3 el kirchnerismo para las PASO en Buenos Aires\">[Leer m\u00e1s]<\/a><\/p>\n<\/div>","protected":false},"author":8,"featured_media":35806,"comment_status":"open","ping_status":"closed","sticky":false,"template":"","format":"standard","meta":{"_jetpack_newsletter_access":""},"categories":[6],"tags":[],"jetpack_featured_media_url":"http:\/\/dsrmedios.com.ar\/diario\/wp-content\/uploads\/2023\/06\/199762w770h433c.jpg.webp","jetpack_sharing_enabled":true,"jetpack_shortlink":"https:\/\/wp.me\/p9fihK-9jv","_links":{"self":[{"href":"http:\/\/dsrmedios.com.ar\/diario\/wp-json\/wp\/v2\/posts\/35805"}],"collection":[{"href":"http:\/\/dsrmedios.com.ar\/diario\/wp-json\/wp\/v2\/posts"}],"about":[{"href":"http:\/\/dsrmedios.com.ar\/diario\/wp-json\/wp\/v2\/types\/post"}],"author":[{"embeddable":true,"href":"http:\/\/dsrmedios.com.ar\/diario\/wp-json\/wp\/v2\/users\/8"}],"replies":[{"embeddable":true,"href":"http:\/\/dsrmedios.com.ar\/diario\/wp-json\/wp\/v2\/comments?post=35805"}],"version-history":[{"count":1,"href":"http:\/\/dsrmedios.com.ar\/diario\/wp-json\/wp\/v2\/posts\/35805\/revisions"}],"predecessor-version":[{"id":35807,"href":"http:\/\/dsrmedios.com.ar\/diario\/wp-json\/wp\/v2\/posts\/35805\/revisions\/35807"}],"wp:featuredmedia":[{"embeddable":true,"href":"http:\/\/dsrmedios.com.ar\/diario\/wp-json\/wp\/v2\/media\/35806"}],"wp:attachment":[{"href":"http:\/\/dsrmedios.com.ar\/diario\/wp-json\/wp\/v2\/media?parent=35805"}],"wp:term":[{"taxonomy":"category","embeddable":true,"href":"http:\/\/dsrmedios.com.ar\/diario\/wp-json\/wp\/v2\/categories?post=35805"},{"taxonomy":"post_tag","embeddable":true,"href":"http:\/\/dsrmedios.com.ar\/diario\/wp-json\/wp\/v2\/tags?post=35805"}],"curies":[{"name":"wp","href":"https:\/\/api.w.org\/{rel}","templated":true}]}}