{"id":35799,"date":"2023-06-21T10:50:51","date_gmt":"2023-06-21T13:50:51","guid":{"rendered":"http:\/\/dsrmedios.com.ar\/diario\/?p=35799"},"modified":"2023-06-21T10:50:55","modified_gmt":"2023-06-21T13:50:55","slug":"cierre-de-listas-se-retrasaron-las-negociaciones-entre-morales-y-larreta-pero-bullrich-mantiene-el-esquema-de-anuncios","status":"publish","type":"post","link":"http:\/\/dsrmedios.com.ar\/diario\/archivos\/35799","title":{"rendered":"Cierre de listas: se retrasaron las negociaciones entre Morales y Larreta, pero Bullrich mantiene el esquema de anuncios"},"content":{"rendered":"\n<p>Los incidentes en Jujuy por la reforma de la Constituci\u00f3n modificaron los planes del ala moderada de Juntos por el Cambio. Por estas horas,&nbsp;<strong>Gerardo Morales&nbsp;<\/strong>busca frenar el nivel de conflictividad en su provincia, por lo que debi\u00f3 retrasar las reuniones que ten\u00eda planeadas con su socio en la coalici\u00f3n,&nbsp;<strong>Horacio Rodr\u00edguez Larreta<\/strong>. En paralelo,&nbsp;<strong>Patricia Bullrich&nbsp;<\/strong>debi\u00f3 cancelar su viaje a C\u00f3rdoba, donde Luis Juez pelear\u00e1 la gobernaci\u00f3n en las elecciones del pr\u00f3ximo domingo, pero mantiene su esquema de anuncios para el cierre de listas.<\/p>\n\n\n\n<p>En la UCR entienden que Morales logr\u00f3 centralidad y, adem\u00e1s, logr\u00f3 la foto de la unidad de Juntos por el Cambio en la sede nacional del PRO. Si bien la conferencia de prensa fue gestada por Bullrich, los dirigentes opositores lograron acordar un discurso en apoyo al pueblo juje\u00f1o y con duras cr\u00edticas al gobierno nacional. Seg\u00fan analizaron referentes del partido centenario en di\u00e1logo con&nbsp;<strong>Infobae<\/strong>, dos ideas son las que representan a la coalici\u00f3n: el freno al populismo y la defensa de las instituciones. Dos factores que el gobernador radical logr\u00f3 reunir en una sola causa.<\/p>\n\n\n\n<p>De todos modos, en el entorno de Morales prefieren mantener cautela. Entienden que el conflicto a\u00fan no se resolvi\u00f3 y que, en el fondo, lo que sucedi\u00f3 en Jujuy es \u201cuna demostraci\u00f3n pura de lo que va a hacer el kirchnerismo si avanzamos con una reforma con los planes sociales\u201d. Es por eso que el titular de la UCR retras\u00f3 las reuniones que ten\u00eda planeadas con el jefe de Gobierno porte\u00f1o: \u201cNo hay lugar para hablar sobre el cierre de listas\u201d.<\/p>\n\n\n\n<p><img decoding=\"async\" loading=\"lazy\" alt=\"JxC respald\u00f3 a Gerardo Morales y apunt\u00f3 contra el Gobierno por los violentos incidentes en Jujuy\" height=\"1080\" width=\"1920\" class=\"\" src=\"https:\/\/cloudfront-us-east-1.images.arcpublishing.com\/infobae\/JVEM7KAQABGSTLVB3QACZQ3BNY.jpg\" srcset=\"https:\/\/www.infobae.com\/new-resizer\/rebDsXqUiqCS0hUf0z0V6wfz06c=\/420x236\/filters:format(webp):quality(85)\/cloudfront-us-east-1.images.arcpublishing.com\/infobae\/JVEM7KAQABGSTLVB3QACZQ3BNY.jpg 420w,https:\/\/www.infobae.com\/new-resizer\/aldLXEw61_6l11dNS-Y98aZl4Yk=\/768x432\/filters:format(webp):quality(85)\/cloudfront-us-east-1.images.arcpublishing.com\/infobae\/JVEM7KAQABGSTLVB3QACZQ3BNY.jpg 768w,https:\/\/www.infobae.com\/new-resizer\/V2Hj3TAEsT1o4kBWR0eApStqFGw=\/992x558\/filters:format(webp):quality(85)\/cloudfront-us-east-1.images.arcpublishing.com\/infobae\/JVEM7KAQABGSTLVB3QACZQ3BNY.jpg 992w,https:\/\/www.infobae.com\/new-resizer\/F_Ogj1GYeSO1lCV-5My86q50p_g=\/1200x675\/filters:format(webp):quality(85)\/cloudfront-us-east-1.images.arcpublishing.com\/infobae\/JVEM7KAQABGSTLVB3QACZQ3BNY.jpg 1200w,https:\/\/www.infobae.com\/new-resizer\/gGB8KT51kZfuQZzG38nymb17gJE=\/1440x810\/filters:format(webp):quality(85)\/cloudfront-us-east-1.images.arcpublishing.com\/infobae\/JVEM7KAQABGSTLVB3QACZQ3BNY.jpg 1440w\">JxC respald\u00f3 a Gerardo Morales y apunt\u00f3 contra el Gobierno por los violentos incidentes en Jujuy<\/p>\n\n\n\n<p>De todos modos, seg\u00fan detallaron a este medio desde el entorno de Morales, este jueves tiene previsto analizar encuestas y n\u00fameros sobre su postulaci\u00f3n presidencial. Otras de las posibilidades que se manejan en el ala moderada es que el juje\u00f1o acompa\u00f1e a Rodr\u00edguez Larreta en la f\u00f3rmula presidencial. Adem\u00e1s del candidato a vicepresidente, el sector que integran con el jefe de Gobierno porte\u00f1o y\u00a0<strong>Mart\u00edn Lousteau<\/strong>\u00a0deben terminar de definir qui\u00e9nes encabezar\u00e1n las listas nacionales de diputados y senadores y la estructura bonaerense tendr\u00e1<strong>\u00a0Diego Santilli<\/strong>. En la UCR creen que todos esos nombres estar\u00e1n a partir del viernes. \u201cEstamos verdes todav\u00eda\u201d, reconocen.<\/p>\n\n\n\n<p>Por el contrario, Bullrich estima empezar a dar definiciones a partir de este mi\u00e9rcoles. De hecho, desde las 11 estar\u00e1 reunida con su equipo de campa\u00f1a para terminar de definir su f\u00f3rmula mixta. Hasta la noche del martes, su entorno aseguraba que segu\u00edan en carrera los tres radicales:&nbsp;<strong>Maximiliano<\/strong>&nbsp;<strong>Abad<\/strong>,&nbsp;<strong>Luis<\/strong>&nbsp;<strong>Naidenoff<\/strong>&nbsp;y&nbsp;<strong>Luis<\/strong>&nbsp;<strong>Petri<\/strong>. Esa definici\u00f3n les permitir\u00e1 a esos mismos candidatos terminar de acomodar al resto de los dirigentes que les responden en los lugares que queden en las listas. De hecho, a partir de all\u00ed se destrabar\u00e1n las n\u00f3minas en la provincia de Buenos Aires.<\/p>\n\n\n\n<p>\u201cLa indefinici\u00f3n del vice de Patricia es un dolor de cabeza para los distritos\u201d, protestan en el Grupo Malbec, quienes consideran un error estirar los anuncios hasta el fin de semana y creen que el jueves ser\u00e1 el&nbsp;<em>deadline&nbsp;<\/em>para que la presidenta del PRO en licencia haga p\u00fablica su decisi\u00f3n.<\/p>\n\n\n\n<p>Como adelant\u00f3 este medio, Bullrich tiene dos requisitos para inclinar la balanza por uno de los tres referentes de la UCR: que no desentone con el discurso halc\u00f3n y que garantice el apoyo de todo el Grupo Malbec. \u201cPatricia quiere que la decisi\u00f3n sea en conjunto y que nadie se enoje\u201d, dicen en su entorno. Cerca del radical formose\u00f1o se muestran esperanzados de poder ganar la pulseada ya que, seg\u00fan entienden, le aportar\u00edan un perfil m\u00e1s del interior a la f\u00f3rmula y le garantizar\u00edan el apoyo de varios dirigentes del pa\u00eds.<\/p>\n\n\n\n<p><img decoding=\"async\" loading=\"lazy\" alt=\"Patricia Bullrich con Alfredo Cornejo, Facundo Manes, Rodolfo Su\u00e1rez, Gustavo Vald\u00e9s, Carolina Losada, Luis Naidenoff y Emilio Monz\u00f3\n\" height=\"1080\" width=\"1920\" class=\"\" src=\"https:\/\/cloudfront-us-east-1.images.arcpublishing.com\/infobae\/D73CZKUDDFC3BCPUO2UWGUAMQE.jpg\" srcset=\"https:\/\/www.infobae.com\/new-resizer\/G_3pd59XUEGco9iU4RegXVrFfJM=\/420x236\/filters:format(webp):quality(85)\/cloudfront-us-east-1.images.arcpublishing.com\/infobae\/D73CZKUDDFC3BCPUO2UWGUAMQE.jpg 420w,https:\/\/www.infobae.com\/new-resizer\/LcfX7e55zrPn94QYK6YA3J8t8EE=\/768x432\/filters:format(webp):quality(85)\/cloudfront-us-east-1.images.arcpublishing.com\/infobae\/D73CZKUDDFC3BCPUO2UWGUAMQE.jpg 768w,https:\/\/www.infobae.com\/new-resizer\/lgNxoNQKkikW1z7xj9dXCymvzts=\/992x558\/filters:format(webp):quality(85)\/cloudfront-us-east-1.images.arcpublishing.com\/infobae\/D73CZKUDDFC3BCPUO2UWGUAMQE.jpg 992w,https:\/\/www.infobae.com\/new-resizer\/Zh9ac4zi2D0sg_OVw8_Wg1WL00Y=\/1200x675\/filters:format(webp):quality(85)\/cloudfront-us-east-1.images.arcpublishing.com\/infobae\/D73CZKUDDFC3BCPUO2UWGUAMQE.jpg 1200w,https:\/\/www.infobae.com\/new-resizer\/kK2fiTEMIY7QQp-3LzdN8p2dJ3M=\/1440x810\/filters:format(webp):quality(85)\/cloudfront-us-east-1.images.arcpublishing.com\/infobae\/D73CZKUDDFC3BCPUO2UWGUAMQE.jpg 1440w\">Patricia Bullrich con Alfredo Cornejo, Facundo Manes, Rodolfo Su\u00e1rez, Gustavo Vald\u00e9s, Carolina Losada, Luis Naidenoff y Emilio Monz\u00f3<\/p>\n\n\n\n<p>La territorialidad Abad es el valor m\u00e1s determinante. Mantiene el apoyo de 29 de los 32 intendentes que tiene el partido centenario en la provincia de Buenos Aires, y el de 16 de los 18 legisladores. Adem\u00e1s, es un fiel aliado de&nbsp;<strong>Ernesto Sanz<\/strong>, ambos enfrentados con el liderazgo de Morales. Pero las dudas de Bullrich tienen que ver con su perfil pol\u00edtico. \u201cEs el cl\u00e1sico radical socialdem\u00f3crata\u201d, analizan los halcones. En concreto, temen que el presidente de la UCR bonaerense no se acople a las medidas e ideas que la ex ministra de Seguridad impulsar\u00e1 durante su campa\u00f1a y, en caso de ganar, en su gesti\u00f3n de gobierno.<\/p>\n\n\n\n<p>Con Petri, en cambio, comparten la misma visi\u00f3n de pa\u00eds. De hecho, cuando Bullrich era ministra de Seguridad de\u00a0<strong>Mauricio Macri\u00a0<\/strong>trabajaron juntos en proyectos que se trataron en la C\u00e1mara de Diputados. Adem\u00e1s, viene de tener un buen desempe\u00f1o en las PASO de Mendoza, donde &#8211; si bien perdi\u00f3 ante\u00a0<strong>Alfredo<\/strong>\u00a0<strong>Cornejo<\/strong>&#8211; cosech\u00f3 un 17% de los votos que lo dej\u00f3 bien posicionado en el armado local.<\/p>\n\n\n\n<p>Fuente: Infobae<\/p>\n","protected":false},"excerpt":{"rendered":"<div class=\"mh-excerpt\"><p>Los incidentes en Jujuy por la reforma de la Constituci\u00f3n modificaron los planes del ala moderada de Juntos por el Cambio. Por estas horas,&nbsp;Gerardo Morales&nbsp;busca frenar el nivel de conflictividad en su provincia, por lo que debi\u00f3 retrasar las reuniones que ten\u00eda planeadas con su socio en la coalici\u00f3n,&nbsp;Horacio Rodr\u00edguez Larreta. En paralelo,&nbsp;Patricia Bullrich&nbsp;debi\u00f3 cancelar su viaje a C\u00f3rdoba, donde Luis Juez pelear\u00e1 la gobernaci\u00f3n en las elecciones del pr\u00f3ximo domingo, pero mantiene su esquema de anuncios para el cierre de listas. En la UCR entienden que Morales logr\u00f3 centralidad y, adem\u00e1s, logr\u00f3 la foto de la unidad de Juntos <a class=\"mh-excerpt-more\" href=\"http:\/\/dsrmedios.com.ar\/diario\/archivos\/35799\" title=\"Cierre de listas: se retrasaron las negociaciones entre Morales y Larreta, pero Bullrich mantiene el esquema de anuncios\">[Leer m\u00e1s]<\/a><\/p>\n<\/div>","protected":false},"author":8,"featured_media":35800,"comment_status":"open","ping_status":"closed","sticky":false,"template":"","format":"standard","meta":{"_jetpack_newsletter_access":""},"categories":[6],"tags":[],"jetpack_featured_media_url":"http:\/\/dsrmedios.com.ar\/diario\/wp-content\/uploads\/2023\/06\/LJDBDOGVUVAZ5OPM2SF57WR53E.jpg","jetpack_sharing_enabled":true,"jetpack_shortlink":"https:\/\/wp.me\/p9fihK-9jp","_links":{"self":[{"href":"http:\/\/dsrmedios.com.ar\/diario\/wp-json\/wp\/v2\/posts\/35799"}],"collection":[{"href":"http:\/\/dsrmedios.com.ar\/diario\/wp-json\/wp\/v2\/posts"}],"about":[{"href":"http:\/\/dsrmedios.com.ar\/diario\/wp-json\/wp\/v2\/types\/post"}],"author":[{"embeddable":true,"href":"http:\/\/dsrmedios.com.ar\/diario\/wp-json\/wp\/v2\/users\/8"}],"replies":[{"embeddable":true,"href":"http:\/\/dsrmedios.com.ar\/diario\/wp-json\/wp\/v2\/comments?post=35799"}],"version-history":[{"count":1,"href":"http:\/\/dsrmedios.com.ar\/diario\/wp-json\/wp\/v2\/posts\/35799\/revisions"}],"predecessor-version":[{"id":35801,"href":"http:\/\/dsrmedios.com.ar\/diario\/wp-json\/wp\/v2\/posts\/35799\/revisions\/35801"}],"wp:featuredmedia":[{"embeddable":true,"href":"http:\/\/dsrmedios.com.ar\/diario\/wp-json\/wp\/v2\/media\/35800"}],"wp:attachment":[{"href":"http:\/\/dsrmedios.com.ar\/diario\/wp-json\/wp\/v2\/media?parent=35799"}],"wp:term":[{"taxonomy":"category","embeddable":true,"href":"http:\/\/dsrmedios.com.ar\/diario\/wp-json\/wp\/v2\/categories?post=35799"},{"taxonomy":"post_tag","embeddable":true,"href":"http:\/\/dsrmedios.com.ar\/diario\/wp-json\/wp\/v2\/tags?post=35799"}],"curies":[{"name":"wp","href":"https:\/\/api.w.org\/{rel}","templated":true}]}}