{"id":35784,"date":"2023-06-21T10:42:16","date_gmt":"2023-06-21T13:42:16","guid":{"rendered":"http:\/\/dsrmedios.com.ar\/diario\/?p=35784"},"modified":"2023-06-21T10:42:20","modified_gmt":"2023-06-21T13:42:20","slug":"denuncian-que-la-violencia-en-jujuy-fue-planificada-por-organizaciones-de-buenos-aires-el-prontuario-de-los-detenidos","status":"publish","type":"post","link":"http:\/\/dsrmedios.com.ar\/diario\/archivos\/35784","title":{"rendered":"Denuncian que la violencia en Jujuy fue planificada por organizaciones de Buenos Aires: el prontuario de los detenidos"},"content":{"rendered":"\n<p>A menos de 24 horas de las violentas protestas e incidentes frente a la Legislatura de Jujuy producidas este martes en rechazo a la nueva constituci\u00f3n local, el jefe de la Polic\u00eda de la provincia,&nbsp;<strong>Horacio Herbas Mej\u00edas<\/strong>, asegur\u00f3 que&nbsp;<strong>los disturbios fueron \u201cestudiados y planificados\u201d por organizaciones provenientes de Buenos Aires<\/strong>. Adem\u00e1s, tras las agresiones, al menos<strong>&nbsp;56 personas quedaron detenidas<\/strong>, seg\u00fan pudo conocer&nbsp;<strong>Infobae<\/strong>.<\/p>\n\n\n\n<p>\u201cEra impresionante la cantidad de gente con tonada porte\u00f1a que arengaba, que incitaba y que de alguna manera conduc\u00eda, con la cara y la cabeza cubiertas.&nbsp;<strong>Era gente que vino de afuera a arengar, a planificar todo esto y a ejecutarlo.&nbsp;<\/strong>Fue como una orden que hubieran recibido\u201d, asegur\u00f3 Herbas Mej\u00edas en di\u00e1logo con&nbsp;<em>Radio Mitre.<\/em><\/p>\n\n\n\n<p>Los disturbios iniciaron pasadas las 11 de ayer, cuando manifestantes partidarios de&nbsp;<strong>Milagro Sala<\/strong>, la l\u00edder de la Tupac Amaru que permanece detenida desde 2016,&nbsp;<strong>militantes del Polo Obrero<\/strong>&nbsp;e integrantes de otras organizaciones sociales protagonizaron graves incidentes en las afueras del edificio legislativo. Los manifestantes&nbsp;<strong>arrojaron piedras<\/strong>,&nbsp;<strong>prendieron fuego y destrozaron veh\u00edculos. Tambi\u00e9n dieron vuelta autos que estaban estacionados para ser usados como barricada.<\/strong><\/p>\n\n\n\n<p>\u201c<strong>Ya ten\u00edamos informaci\u00f3n de que posiblemente vendr\u00eda gente de otros partidos pol\u00edticos no afines al Gobierno de la provincia justamente a gestar disturbios<\/strong>. Lo puedo corroborar porque yo estuve ah\u00ed al lado del personal policial en la primera l\u00ednea de vallados donde comenc\u00e9 a observar gente extra\u00f1a, gente que arengaba. Inclusive se ve en las redes sociales, se puede ver en los gritos que no es la tonada del juje\u00f1o. Termin\u00e9 de constatar que efectivamente fue organizado, pero no justamente por gente de ac\u00e1, seguramente con complicidad de algunos dirigentes de la provincia no afines al gobierno.&nbsp;<strong>Pero tuvieron el apoyo de afuera<\/strong>\u201d, detall\u00f3 el jefe de la Polic\u00eda juje\u00f1a.<\/p>\n\n\n\n<p>La violencia que comenz\u00f3 por la tarde en el centro de la capital se traslad\u00f3 a diferentes barrios de la ciudad y se extendi\u00f3 hasta las 22 horas. Seg\u00fan indicaron fuentes policiales a\u00a0<strong>Infobae<\/strong>, en total\u00a0<strong>44 hombres y 12 mujeres<\/strong>\u00a0quedaron arrestados luego de los incidentes. Tambi\u00e9n, hubo un menor de edad que qued\u00f3 demorado.<\/p>\n\n\n\n<p>Entre los detenidos se encuentran Juan Jos\u00e9 Flores; Arnaldo Gabriel Miranda; Horacio Gabriel Mamani; Pablo Horacio Brandan; Gabriel Esteban Rivero; Jos\u00e9 Luciano Zalazar; Jos\u00e9 Mar\u00eda Arce; Gabriel Jonatan Sandes; Fr\u00edas Mauro Ricardo; Aldo Dario Ricardo; Jair Carlos Galian; Claudia Silvana Ayarde; y Olegario Pascual Salva, quienes cuentan con&nbsp;<strong>diferentes causas judiciales&nbsp;<\/strong>previas entre las que se distinguen&nbsp;<strong>hurtos, amenazas, robos, abuso sexual o resistencia a la autoridad.<\/strong><\/p>\n\n\n\n<p>Tambi\u00e9n, quedaron detenidos&nbsp;<strong>Nahuel Tom\u00e1s Herrera y Leonardo Sebasti\u00e1n Cruz<\/strong>, que presentan un&nbsp;<strong>listado de m\u00e1s de 10 antecedentes penales<\/strong>.<\/p>\n\n\n\n<p><img decoding=\"async\" loading=\"lazy\" alt=\"Tom\u00e1s Herrera cuenta con un extenso listado de causas judiciales. \" height=\"1345\" width=\"1920\" class=\"\" src=\"https:\/\/cloudfront-us-east-1.images.arcpublishing.com\/infobae\/CJCXS7PVRFBIXKTMZ35NXNB7JQ.jpg\" srcset=\"https:\/\/www.infobae.com\/new-resizer\/AXrWLwSce2I-rouSQR1M1V4Mqag=\/420x280\/filters:format(webp):quality(85)\/cloudfront-us-east-1.images.arcpublishing.com\/infobae\/CJCXS7PVRFBIXKTMZ35NXNB7JQ.jpg 420w,https:\/\/www.infobae.com\/new-resizer\/_3-2KtUQbaOBdIFouB3I_Fb_zds=\/768x512\/filters:format(webp):quality(85)\/cloudfront-us-east-1.images.arcpublishing.com\/infobae\/CJCXS7PVRFBIXKTMZ35NXNB7JQ.jpg 768w,https:\/\/www.infobae.com\/new-resizer\/h64pP4i1Uw3ybgCXGF6c83mlB38=\/992x661\/filters:format(webp):quality(85)\/cloudfront-us-east-1.images.arcpublishing.com\/infobae\/CJCXS7PVRFBIXKTMZ35NXNB7JQ.jpg 992w,https:\/\/www.infobae.com\/new-resizer\/Ke5MZZC6bVM1l2WIrdbey5UkvYA=\/1200x800\/filters:format(webp):quality(85)\/cloudfront-us-east-1.images.arcpublishing.com\/infobae\/CJCXS7PVRFBIXKTMZ35NXNB7JQ.jpg 1200w,https:\/\/www.infobae.com\/new-resizer\/dyrSYlEt-HdHF6OmIAZcL4MryFA=\/1440x960\/filters:format(webp):quality(85)\/cloudfront-us-east-1.images.arcpublishing.com\/infobae\/CJCXS7PVRFBIXKTMZ35NXNB7JQ.jpg 1440w\">Tom\u00e1s Herrera cuenta con un extenso listado de causas judiciales.<\/p>\n\n\n\n<p>En el primer caso,&nbsp;<strong>Herrera cuenta con causas desde abril de 2017 a junio de 2023, por hurtos en banda; robo calificado; amenazas; resistencia a la autoridad y lesiones<\/strong>, mientras que&nbsp;<strong>Cruz<\/strong>&nbsp;inici\u00f3 su largo prontuario en 2009, con una causa por hurto simple, extendi\u00e9ndose hacia el 2021,&nbsp;<strong>con m\u00e1s de 22 antecedentes&nbsp;<\/strong>por infracciones a la Ley Nacional de Estupefacientes.<\/p>\n\n\n\n<p><img decoding=\"async\" loading=\"lazy\" alt=\"Los antecedentes de uno de los detenidos en Jujuy.\" height=\"1053\" width=\"1920\" class=\"\" src=\"https:\/\/cloudfront-us-east-1.images.arcpublishing.com\/infobae\/X25TIDZC5FF7BIKLEHCBS2SQQI.jpg\" srcset=\"https:\/\/www.infobae.com\/new-resizer\/MddQszqND-BLtQOFG_mMZvap89U=\/420x236\/filters:format(webp):quality(85)\/cloudfront-us-east-1.images.arcpublishing.com\/infobae\/X25TIDZC5FF7BIKLEHCBS2SQQI.jpg 420w,https:\/\/www.infobae.com\/new-resizer\/dL4O4qAuluwJoZNR9EhRVxNV47g=\/768x432\/filters:format(webp):quality(85)\/cloudfront-us-east-1.images.arcpublishing.com\/infobae\/X25TIDZC5FF7BIKLEHCBS2SQQI.jpg 768w,https:\/\/www.infobae.com\/new-resizer\/BMACXlEj8IFZYHhD8-rEaaSvOSQ=\/992x558\/filters:format(webp):quality(85)\/cloudfront-us-east-1.images.arcpublishing.com\/infobae\/X25TIDZC5FF7BIKLEHCBS2SQQI.jpg 992w,https:\/\/www.infobae.com\/new-resizer\/WMRNIJcvzMfRzpPmRRuTdOTI7D8=\/1200x675\/filters:format(webp):quality(85)\/cloudfront-us-east-1.images.arcpublishing.com\/infobae\/X25TIDZC5FF7BIKLEHCBS2SQQI.jpg 1200w,https:\/\/www.infobae.com\/new-resizer\/PZr3tlwPmuAAtaCKN-SDykEyvlE=\/1440x810\/filters:format(webp):quality(85)\/cloudfront-us-east-1.images.arcpublishing.com\/infobae\/X25TIDZC5FF7BIKLEHCBS2SQQI.jpg 1440w\">Los antecedentes de uno de los detenidos en Jujuy.<\/p>\n\n\n\n<p>Otro de los detenidos es&nbsp;<strong>Jos\u00e9 Manuel Aramayo<\/strong>, quien presenta&nbsp;<strong>15 causas judiciales<\/strong>&nbsp;que inician a partir de 2013 y se extienden a febrero de 2023, y que van desde hurtos, robos, violaci\u00f3n de domicilio y exhibiciones obscenas.<\/p>\n\n\n\n<p><img decoding=\"async\" loading=\"lazy\" height=\"1344\" width=\"2048\" srcset=\"https:\/\/www.infobae.com\/new-resizer\/Nw4WOWp-JhO0ESPKu1BaWp80JQQ=\/420x280\/filters:format(webp):quality(85)\/cloudfront-us-east-1.images.arcpublishing.com\/infobae\/J6BYAFTAGJD2HBLJEVPRFALMJI.jpg 420w,https:\/\/www.infobae.com\/new-resizer\/TuRo1CugBJbbGBlUOdfKflnyjFI=\/768x512\/filters:format(webp):quality(85)\/cloudfront-us-east-1.images.arcpublishing.com\/infobae\/J6BYAFTAGJD2HBLJEVPRFALMJI.jpg 768w,https:\/\/www.infobae.com\/new-resizer\/dKmRlnRSqC9e1T2SNQ_oiRCB_PA=\/992x661\/filters:format(webp):quality(85)\/cloudfront-us-east-1.images.arcpublishing.com\/infobae\/J6BYAFTAGJD2HBLJEVPRFALMJI.jpg 992w,https:\/\/www.infobae.com\/new-resizer\/2dbk1cwm0yZmsFSPqPy3YqBLEFA=\/1200x800\/filters:format(webp):quality(85)\/cloudfront-us-east-1.images.arcpublishing.com\/infobae\/J6BYAFTAGJD2HBLJEVPRFALMJI.jpg 1200w,https:\/\/www.infobae.com\/new-resizer\/UeZEJY_r2HGQy6XLD4WdycWZJp8=\/1440x960\/filters:format(webp):quality(85)\/cloudfront-us-east-1.images.arcpublishing.com\/infobae\/J6BYAFTAGJD2HBLJEVPRFALMJI.jpg 1440w\" class=\"\" src=\"https:\/\/cloudfront-us-east-1.images.arcpublishing.com\/infobae\/J6BYAFTAGJD2HBLJEVPRFALMJI.jpg\" alt=\"Las causas de Aramayo. \">Las causas de Aramayo.<\/p>\n\n\n\n<p>En uno de los arrestos, los efectivos policiales secuestraron un monto de 500 mil pesos que cargaba uno de los manifestantes en su billetera. De acuerdo a Herbas Mej\u00edas, los detenidos quedaron a disposici\u00f3n del fiscal&nbsp;<strong>Walter Rond\u00f3n<\/strong>, a cargo de la Unidad Fiscal Especializada en Delitos Econ\u00f3micos y Contra la Administraci\u00f3n P\u00fablica N\u00b0 1 del Ministerio P\u00fablico de la Acusaci\u00f3n.<\/p>\n\n\n\n<p><img decoding=\"async\" loading=\"lazy\" alt=\"El monto de dinero secuestrado a uno de los manifestantes en Jujuy. \" height=\"1577\" width=\"1920\" class=\"\" src=\"https:\/\/cloudfront-us-east-1.images.arcpublishing.com\/infobae\/UHD7RXLSAVECZHGNCW5SFZRAMY.jpg\" srcset=\"https:\/\/www.infobae.com\/new-resizer\/L-Sj1dlBfLUe5yC1a72p20-6Jlc=\/992x850\/filters:format(webp):quality(85)\/cloudfront-us-east-1.images.arcpublishing.com\/infobae\/UHD7RXLSAVECZHGNCW5SFZRAMY.jpg 992w\">El monto de dinero secuestrado a uno de los manifestantes en Jujuy.<\/p>\n\n\n\n<p>Asimismo, tras los incidentes,&nbsp;<strong>53 polic\u00edas sufrieron lesiones&nbsp;<\/strong>y debieron ser trasladados a distintos centros de salud de la capital. La mayor\u00eda de los oficiales fueron enviados al Hospital Lavalle y a la Cl\u00ednica San Roque, debido a golpes en la cabeza producidos por elementos contundentes. Y al momento, uno de los sargentos de la fuerza est\u00e1 internado.<\/p>\n\n\n\n<p>\u201cTodo esto fue planificado, estudiado, debido a la cantidad de elementos que llevaron para agredir.\u00a0<strong>Fue como si alguien hubiera dado la orden, fue sincr\u00f3nico<\/strong>. Comenzaron a atacar por dos frentes al personal policial. Tuve que hacer retroceder a los efectivos que no ten\u00edan ning\u00fan tipo de protecci\u00f3n y tuvimos que remitir la agresi\u00f3n. Ah\u00ed es cuando termino de constatar que efectivamente fue todo planificado porque ten\u00edan bombas molotov armadas, quemaron tres autos y saquearon negocios. Robaron una muebler\u00eda, saquearon electrodom\u00e9sticos, asaltaron un supermercado, fue puro vandalismo\u201d, explic\u00f3 el jefe policial.<\/p>\n\n\n\n<p>Fuente: Infobae<\/p>\n","protected":false},"excerpt":{"rendered":"<div class=\"mh-excerpt\"><p>A menos de 24 horas de las violentas protestas e incidentes frente a la Legislatura de Jujuy producidas este martes en rechazo a la nueva constituci\u00f3n local, el jefe de la Polic\u00eda de la provincia,&nbsp;Horacio Herbas Mej\u00edas, asegur\u00f3 que&nbsp;los disturbios fueron \u201cestudiados y planificados\u201d por organizaciones provenientes de Buenos Aires. Adem\u00e1s, tras las agresiones, al menos&nbsp;56 personas quedaron detenidas, seg\u00fan pudo conocer&nbsp;Infobae. \u201cEra impresionante la cantidad de gente con tonada porte\u00f1a que arengaba, que incitaba y que de alguna manera conduc\u00eda, con la cara y la cabeza cubiertas.&nbsp;Era gente que vino de afuera a arengar, a planificar todo esto y <a class=\"mh-excerpt-more\" href=\"http:\/\/dsrmedios.com.ar\/diario\/archivos\/35784\" title=\"Denuncian que la violencia en Jujuy fue planificada por organizaciones de Buenos Aires: el prontuario de los detenidos\">[Leer m\u00e1s]<\/a><\/p>\n<\/div>","protected":false},"author":8,"featured_media":35786,"comment_status":"open","ping_status":"closed","sticky":false,"template":"","format":"standard","meta":{"_jetpack_newsletter_access":""},"categories":[6],"tags":[],"jetpack_featured_media_url":"http:\/\/dsrmedios.com.ar\/diario\/wp-content\/uploads\/2023\/06\/7BILF7FSQJDJ3HCYYX47SJVCXM.jpg","jetpack_sharing_enabled":true,"jetpack_shortlink":"https:\/\/wp.me\/p9fihK-9ja","_links":{"self":[{"href":"http:\/\/dsrmedios.com.ar\/diario\/wp-json\/wp\/v2\/posts\/35784"}],"collection":[{"href":"http:\/\/dsrmedios.com.ar\/diario\/wp-json\/wp\/v2\/posts"}],"about":[{"href":"http:\/\/dsrmedios.com.ar\/diario\/wp-json\/wp\/v2\/types\/post"}],"author":[{"embeddable":true,"href":"http:\/\/dsrmedios.com.ar\/diario\/wp-json\/wp\/v2\/users\/8"}],"replies":[{"embeddable":true,"href":"http:\/\/dsrmedios.com.ar\/diario\/wp-json\/wp\/v2\/comments?post=35784"}],"version-history":[{"count":1,"href":"http:\/\/dsrmedios.com.ar\/diario\/wp-json\/wp\/v2\/posts\/35784\/revisions"}],"predecessor-version":[{"id":35787,"href":"http:\/\/dsrmedios.com.ar\/diario\/wp-json\/wp\/v2\/posts\/35784\/revisions\/35787"}],"wp:featuredmedia":[{"embeddable":true,"href":"http:\/\/dsrmedios.com.ar\/diario\/wp-json\/wp\/v2\/media\/35786"}],"wp:attachment":[{"href":"http:\/\/dsrmedios.com.ar\/diario\/wp-json\/wp\/v2\/media?parent=35784"}],"wp:term":[{"taxonomy":"category","embeddable":true,"href":"http:\/\/dsrmedios.com.ar\/diario\/wp-json\/wp\/v2\/categories?post=35784"},{"taxonomy":"post_tag","embeddable":true,"href":"http:\/\/dsrmedios.com.ar\/diario\/wp-json\/wp\/v2\/tags?post=35784"}],"curies":[{"name":"wp","href":"https:\/\/api.w.org\/{rel}","templated":true}]}}