{"id":35781,"date":"2023-06-21T10:39:42","date_gmt":"2023-06-21T13:39:42","guid":{"rendered":"http:\/\/dsrmedios.com.ar\/diario\/?p=35781"},"modified":"2023-06-21T10:39:45","modified_gmt":"2023-06-21T13:39:45","slug":"mateada-del-intendente-andres-con-jovenes-en-trama-en-carhue","status":"publish","type":"post","link":"http:\/\/dsrmedios.com.ar\/diario\/archivos\/35781","title":{"rendered":"<strong>Mateada del Intendente Andres con J\u00f3venes en Trama en Carhu\u00e9<\/strong>"},"content":{"rendered":"\n<p>Mateada con bizcochitos de por medio, el Intendente Javier Andres y J\u00f3venes en Trama compartieron una tarde de encuentro y di\u00e1logo en la sede de Carhu\u00e9.<\/p>\n\n\n\n<p>Los J\u00f3venes esperaron al Intendente, a la Secretaria de Desarrollo Humano, Paola Freites, y a la Directora de Inclusi\u00f3n, G\u00e9nero y Diversidad, Nerina Carola, con bizcochos hechos por ellos y el infaltable mate. Junto al equipo y la Direcci\u00f3n de J\u00f3venes en Trama, Mariana Justel, hablaron de sus proyectos, las actividades que realizan&nbsp; e hicieron preguntas al intendente acerca de sus funciones como jefe comunal de Adolfo Alsina. Al encuentro asistieron veintid\u00f3s j\u00f3venes quienes dieron un recorrido por las instalaciones con los funcionarios que los visitaron.<\/p>\n\n\n\n<p>\u201cMe llena de orgullo ver el entusiasmo y la dedicaci\u00f3n con la que trabajan y se comprometen con el lugar y el equipo que les brinda diversas herramientas para que se proyecten como emprendedores\u201d, dijo Javier Andres luego de la visita. Y agreg\u00f3: \u201cHoy, dos a\u00f1os despu\u00e9s de la puesta en marcha de J\u00f3venes en Trama, vemos con satisfacci\u00f3n el desarrollo del \u00e1rea y la importancia del acompa\u00f1amiento y formaci\u00f3n de j\u00f3venes de Carhu\u00e9, Rivera, San Miguel y Villa Maza, de manera articulada con sus familias.\u201d<\/p>\n","protected":false},"excerpt":{"rendered":"<div class=\"mh-excerpt\"><p>Mateada con bizcochitos de por medio, el Intendente Javier Andres y J\u00f3venes en Trama compartieron una tarde de encuentro y di\u00e1logo en la sede de Carhu\u00e9. Los J\u00f3venes esperaron al Intendente, a la Secretaria de Desarrollo Humano, Paola Freites, y a la Directora de Inclusi\u00f3n, G\u00e9nero y Diversidad, Nerina Carola, con bizcochos hechos por ellos y el infaltable mate. Junto al equipo y la Direcci\u00f3n de J\u00f3venes en Trama, Mariana Justel, hablaron de sus proyectos, las actividades que realizan&nbsp; e hicieron preguntas al intendente acerca de sus funciones como jefe comunal de Adolfo Alsina. Al encuentro asistieron veintid\u00f3s j\u00f3venes quienes <a class=\"mh-excerpt-more\" href=\"http:\/\/dsrmedios.com.ar\/diario\/archivos\/35781\" title=\"Mateada del Intendente Andres con J\u00f3venes en Trama en Carhu\u00e9\">[Leer m\u00e1s]<\/a><\/p>\n<\/div>","protected":false},"author":8,"featured_media":35782,"comment_status":"open","ping_status":"closed","sticky":false,"template":"","format":"standard","meta":{"_jetpack_newsletter_access":""},"categories":[18,31,5],"tags":[],"jetpack_featured_media_url":"http:\/\/dsrmedios.com.ar\/diario\/wp-content\/uploads\/2023\/06\/WhatsApp-Image-2023-06-16-at-12.04.46-2.jpeg","jetpack_sharing_enabled":true,"jetpack_shortlink":"https:\/\/wp.me\/p9fihK-9j7","_links":{"self":[{"href":"http:\/\/dsrmedios.com.ar\/diario\/wp-json\/wp\/v2\/posts\/35781"}],"collection":[{"href":"http:\/\/dsrmedios.com.ar\/diario\/wp-json\/wp\/v2\/posts"}],"about":[{"href":"http:\/\/dsrmedios.com.ar\/diario\/wp-json\/wp\/v2\/types\/post"}],"author":[{"embeddable":true,"href":"http:\/\/dsrmedios.com.ar\/diario\/wp-json\/wp\/v2\/users\/8"}],"replies":[{"embeddable":true,"href":"http:\/\/dsrmedios.com.ar\/diario\/wp-json\/wp\/v2\/comments?post=35781"}],"version-history":[{"count":1,"href":"http:\/\/dsrmedios.com.ar\/diario\/wp-json\/wp\/v2\/posts\/35781\/revisions"}],"predecessor-version":[{"id":35783,"href":"http:\/\/dsrmedios.com.ar\/diario\/wp-json\/wp\/v2\/posts\/35781\/revisions\/35783"}],"wp:featuredmedia":[{"embeddable":true,"href":"http:\/\/dsrmedios.com.ar\/diario\/wp-json\/wp\/v2\/media\/35782"}],"wp:attachment":[{"href":"http:\/\/dsrmedios.com.ar\/diario\/wp-json\/wp\/v2\/media?parent=35781"}],"wp:term":[{"taxonomy":"category","embeddable":true,"href":"http:\/\/dsrmedios.com.ar\/diario\/wp-json\/wp\/v2\/categories?post=35781"},{"taxonomy":"post_tag","embeddable":true,"href":"http:\/\/dsrmedios.com.ar\/diario\/wp-json\/wp\/v2\/tags?post=35781"}],"curies":[{"name":"wp","href":"https:\/\/api.w.org\/{rel}","templated":true}]}}