{"id":35756,"date":"2023-06-20T20:56:34","date_gmt":"2023-06-20T23:56:34","guid":{"rendered":"http:\/\/dsrmedios.com.ar\/diario\/?p=35756"},"modified":"2023-06-20T20:56:39","modified_gmt":"2023-06-20T23:56:39","slug":"jxc-responsabilizo-al-gobierno-por-los-incidentes-en-jujuy-usan-la-violencia-para-tapar-lo-que-esta-pasando-en-chaco","status":"publish","type":"post","link":"http:\/\/dsrmedios.com.ar\/diario\/archivos\/35756","title":{"rendered":"JxC responsabiliz\u00f3 al Gobierno por los incidentes en Jujuy: \u201cUsan la violencia para tapar lo que est\u00e1 pasando en Chaco\u201d"},"content":{"rendered":"\n<p>Los presidentes de los partidos que integran Juntos por el Cambio encabezaron una conferencia de prensa donde se solidarizaron con el pueblo juje\u00f1o y con el gobernador&nbsp;<strong>Gerardo Morales<\/strong>&nbsp;ante los incidentes que se generaron en la Legislatura.&nbsp;<strong>Patricia Bullrich<\/strong>&nbsp;y&nbsp;<strong>Horacio Rodr\u00edguez Larreta<\/strong>, enfrentados por la interna del PRO, lograron una foto de unidad y coincidieron con las denuncias contra el kirchnerismo.<\/p>\n\n\n\n<p>\u201cEsto es el kirchnerismo que promueve la&nbsp;<strong>violencia<\/strong>. Lo hacen para frenar el cambio, como no lo pueden frenar por los votos, lo hacen con la violencia. Es un antecedente de lo que van a hacer el 10 de diciembre y quieren distraer lo que sucede en Chaco, donde ol\u00edmpicamente no se involucran\u201d, expres\u00f3 Rodr\u00edguez Larreta en la sede nacional del PRO, en la calle Balcarce 412.<\/p>\n\n\n\n<p>El jefe de gobierno porte\u00f1o denunci\u00f3 que el gobierno nacional busca \u201cdistraer el fracaso ante la inflaci\u00f3n y la inseguridad. Ac\u00e1 estamos todos juntos y as\u00ed vamos a estar, impulsando el cambio en Argentina\u201d.<\/p>\n\n\n\n<p>En esa misma l\u00ednea, Bullrich apunt\u00f3 contra Alberto Fern\u00e1ndez y Cristina Kirchner por no \u201chaber dicho ni una sola palabra\u201d sobre el caso en Chaco, donde hay \u201cgrupos manejados por&nbsp;<strong>Emerenciano Sena<\/strong>, que tienen el mismo accionar que Milagro Sala, que est\u00e1n siendo acusado de un femicidio\u201d.<\/p>\n\n\n\n<p>\u201cHay una orden expl\u00edcita de no actuar de las fuerzas federales. Es una crisis grave y no vamos a permitir que se genere violencia\u201d, resalt\u00f3 la precandidata a presidenta. Durante la conferencia de prensa tambi\u00e9n se expresaron Mart\u00edn Lousteau (Evoluci\u00f3n UCR), Maximiliano Ferraro (Coalici\u00f3n C\u00edvica), Sergio Abrevaya (Partido GEN), Jos\u00e9 Luis Espert (Avanza Libertad) y Miguel \u00c1ngel Pichetto (Encuentro Republicano Federal).<\/p>\n\n\n\n<p>Esta ma\u00f1ana,&nbsp;<strong>Bullrich hab\u00eda viajado a C\u00f3rdoba<\/strong>, para acompa\u00f1ar a&nbsp;<strong>Luis Juez<\/strong>&nbsp;y&nbsp;<strong>Rodrigo De Loredo<\/strong>, de cara a las elecciones a gobernador en esa provincia, que se har\u00e1n este domingo. La dirigente iba en un avi\u00f3n de l\u00ednea junto a Dami\u00e1n Arabia, uno de sus armadores nacionales. Sin embargo, producto de fuentes bancos de&nbsp;<strong>niebla<\/strong>, el avi\u00f3n en el que se trasladaba&nbsp;<strong>no pudo aterrizar&nbsp;<\/strong>y debi\u00f3 regresar a Buenos Aires.<\/p>\n\n\n\n<p><img decoding=\"async\" loading=\"lazy\" alt=\"Incidentes en la Legislatura de Jujuy (Mariano Cicero)\" height=\"1080\" width=\"1920\" class=\"\" src=\"https:\/\/cloudfront-us-east-1.images.arcpublishing.com\/infobae\/CLX55N3ICBHNTD5VYPW2AGUZZE.jpg\" srcset=\"https:\/\/www.infobae.com\/new-resizer\/3_Y5j9QI1fnNS7MCKrk-tYNXCdQ=\/420x236\/filters:format(webp):quality(85)\/cloudfront-us-east-1.images.arcpublishing.com\/infobae\/CLX55N3ICBHNTD5VYPW2AGUZZE.jpg 420w,https:\/\/www.infobae.com\/new-resizer\/xRHgOsG6BdPpcm6kCvvl4t9ffuM=\/768x432\/filters:format(webp):quality(85)\/cloudfront-us-east-1.images.arcpublishing.com\/infobae\/CLX55N3ICBHNTD5VYPW2AGUZZE.jpg 768w,https:\/\/www.infobae.com\/new-resizer\/2MMbH3O3gEnRgbXFVeOhICCxwLI=\/992x558\/filters:format(webp):quality(85)\/cloudfront-us-east-1.images.arcpublishing.com\/infobae\/CLX55N3ICBHNTD5VYPW2AGUZZE.jpg 992w,https:\/\/www.infobae.com\/new-resizer\/K-X9HYofGS8_IS_2VPBgQegl6pk=\/1200x675\/filters:format(webp):quality(85)\/cloudfront-us-east-1.images.arcpublishing.com\/infobae\/CLX55N3ICBHNTD5VYPW2AGUZZE.jpg 1200w,https:\/\/www.infobae.com\/new-resizer\/Ztku403R8gzHGx887HpHEKh-em0=\/1440x810\/filters:format(webp):quality(85)\/cloudfront-us-east-1.images.arcpublishing.com\/infobae\/CLX55N3ICBHNTD5VYPW2AGUZZE.jpg 1440w\">Incidentes en la Legislatura de Jujuy (Mariano Cicero)<\/p>\n\n\n\n<p>En tanto,&nbsp;<strong>Rodr\u00edguez Larreta<\/strong>&nbsp;hab\u00eda estado en&nbsp;<strong>Formosa<\/strong>, a donde viaj\u00f3 para respaldar a los dirigentes locales de la oposici\u00f3n, de cara a la elecci\u00f3n provincial de este fin de semana. El alcalde porte\u00f1o se traslad\u00f3 a esa provincia del norte junto a&nbsp;<strong>Julia Pomares<\/strong>, jefa de asesores del Gobierno de la Ciudad, y a&nbsp;<strong>Gimena Villafruela<\/strong>, legisladora porte\u00f1a. Por estas horas, el alcalde porte\u00f1o est\u00e1 en vuelo hacia Buenos Aires.<\/p>\n\n\n\n<p>Tanto Rodr\u00edguez Larreta como Bullrich&nbsp;<strong>se comunicaron hoy con Morales&nbsp;<\/strong>y le transmitieron su apoyo por la situaci\u00f3n pol\u00edtica y social de la provincia. Lo propio hicieron<strong>&nbsp;Maximiliano Ferraro<\/strong>, titular de la Coalici\u00f3n C\u00edvica, y<strong>&nbsp;Miguel \u00c1ngel Pichetto<\/strong>, l\u00edder de Encuentro Republicano Federal. Cerca de las 14, la ex ministra de Seguridad difundi\u00f3 un comunicado en el que convocaba a una conferencia de prensa en la sede nacional del PRO.<\/p>\n\n\n\n<p>A la par, las autoridades de todos los partidos de la coalici\u00f3n<strong>&nbsp;intercambiaron mensajes y llamados<\/strong>. Consensuaron hacer una&nbsp;<strong>conferencia conjunta<\/strong>, como mensaje de unidad y respaldo a Morales. El gobernador juje\u00f1o, en tanto,&nbsp;<strong>confirm\u00f3 su asistencia remota<\/strong>&nbsp;al c\u00f3nclave, v\u00eda Zoom.<\/p>\n\n\n\n<p><img decoding=\"async\" loading=\"lazy\" alt=\"Los manifestantes se enfrentaron a la polic\u00eda en la Legislatura de Jujuy (Mariano Cicero)\" height=\"1080\" width=\"1920\" class=\"\" src=\"https:\/\/cloudfront-us-east-1.images.arcpublishing.com\/infobae\/HAQWMLCEGJDUBMSXW3RC3SRRFE.jpg\" srcset=\"https:\/\/www.infobae.com\/new-resizer\/ooneDBghRgkhZImU0SVHEAzi7mQ=\/420x236\/filters:format(webp):quality(85)\/cloudfront-us-east-1.images.arcpublishing.com\/infobae\/HAQWMLCEGJDUBMSXW3RC3SRRFE.jpg 420w,https:\/\/www.infobae.com\/new-resizer\/PsiqbN8X8n_f0N9QmvAyFj0hWYs=\/768x432\/filters:format(webp):quality(85)\/cloudfront-us-east-1.images.arcpublishing.com\/infobae\/HAQWMLCEGJDUBMSXW3RC3SRRFE.jpg 768w,https:\/\/www.infobae.com\/new-resizer\/izbLJMpoy9bjVPaXjYZQD1tI7aA=\/992x558\/filters:format(webp):quality(85)\/cloudfront-us-east-1.images.arcpublishing.com\/infobae\/HAQWMLCEGJDUBMSXW3RC3SRRFE.jpg 992w,https:\/\/www.infobae.com\/new-resizer\/rNnBHxZu2JlVJi19CXOGp-vlmZQ=\/1200x675\/filters:format(webp):quality(85)\/cloudfront-us-east-1.images.arcpublishing.com\/infobae\/HAQWMLCEGJDUBMSXW3RC3SRRFE.jpg 1200w,https:\/\/www.infobae.com\/new-resizer\/ntxtdOBYurJWYGfCnecDS8jJQXQ=\/1440x810\/filters:format(webp):quality(85)\/cloudfront-us-east-1.images.arcpublishing.com\/infobae\/HAQWMLCEGJDUBMSXW3RC3SRRFE.jpg 1440w\">Los manifestantes se enfrentaron a la polic\u00eda en la Legislatura de Jujuy (Mariano Cicero)<\/p>\n\n\n\n<p>\u201cQueremos expresar nuestro m\u00e1s&nbsp;<strong>en\u00e9rgico repudio y profunda preocupaci\u00f3n<\/strong>&nbsp;por la violencia desatada contra el pueblo y las instituciones de la provincia de Jujuy y nuestro apoyo categ\u00f3rico al Gobernador, Gerardo Morales\u201d, sostuvieron las autoridades del espacio en un comunicado conjunto. El texto est\u00e1 firmado por los presidentes de los partidos de JxC:&nbsp;<strong>Ferraro&nbsp;<\/strong>(CC),&nbsp;<strong>Federico Angelini&nbsp;<\/strong>(PRO),&nbsp;<strong>Pichetto<\/strong>,&nbsp;<strong>Mart\u00edn Lousteau&nbsp;<\/strong>(vicepresidente de la UCR),&nbsp;<strong>Sergio Abrevaya<\/strong>&nbsp;(GEN) y&nbsp;<strong>Alberto Assef&nbsp;<\/strong>(Unir).<\/p>\n\n\n\n<p>\u201cNo vamos a permitir que&nbsp;<strong>grupos violentos<\/strong>&nbsp;se lleven puestas las instituciones provinciales e ignoren la decisi\u00f3n que el pueblo juje\u00f1o tom\u00f3 en las urnas el pasado 7 de mayo\u201d, contin\u00faa el texto y enfatiza: &#8221; El uso de la violencia como mecanismo desestabilizador ante el claro mensaje de las urnas es&nbsp;<strong>inaceptable<\/strong>\u201d.<\/p>\n\n\n\n<p>Cabe recordar recordar que esta ma\u00f1ana se desataron&nbsp;<strong>incidentes&nbsp;<\/strong>en San Salvador de Jujuy, en el contexto del&nbsp;<strong>proceso de reforma de la Constituci\u00f3n<\/strong>&nbsp;provincial que lleva adelante la Convencional Constituyente local. Se trata de una iniciativa impulsada por el gobernador Morales.<\/p>\n\n\n\n<p><img decoding=\"async\" loading=\"lazy\" alt=\"Los referentes de Juntos por el Cambio har\u00e1n una foto de unidad esta tarde, para repudiar la violencia en Jujuy\" height=\"1080\" width=\"1920\" class=\"\" src=\"https:\/\/cloudfront-us-east-1.images.arcpublishing.com\/infobae\/GM3Z2S7XCBH6POTXYSUBN6FTDY.jpg\" srcset=\"https:\/\/www.infobae.com\/new-resizer\/Gc588iH5lfcLuRTfezbt9C6CjBE=\/420x236\/filters:format(webp):quality(85)\/cloudfront-us-east-1.images.arcpublishing.com\/infobae\/GM3Z2S7XCBH6POTXYSUBN6FTDY.jpg 420w,https:\/\/www.infobae.com\/new-resizer\/LOmcKXt9WdvEkJEZUe2QcSiHWdU=\/768x432\/filters:format(webp):quality(85)\/cloudfront-us-east-1.images.arcpublishing.com\/infobae\/GM3Z2S7XCBH6POTXYSUBN6FTDY.jpg 768w,https:\/\/www.infobae.com\/new-resizer\/TshpEfQvMLdn4Ah3udXXjr-Ba5o=\/992x558\/filters:format(webp):quality(85)\/cloudfront-us-east-1.images.arcpublishing.com\/infobae\/GM3Z2S7XCBH6POTXYSUBN6FTDY.jpg 992w,https:\/\/www.infobae.com\/new-resizer\/alb1SS2CEHNURV7vusoOkgmCsTQ=\/1200x675\/filters:format(webp):quality(85)\/cloudfront-us-east-1.images.arcpublishing.com\/infobae\/GM3Z2S7XCBH6POTXYSUBN6FTDY.jpg 1200w,https:\/\/www.infobae.com\/new-resizer\/P3iZgrlFzQoqw0C-gkznzrQO_sU=\/1440x810\/filters:format(webp):quality(85)\/cloudfront-us-east-1.images.arcpublishing.com\/infobae\/GM3Z2S7XCBH6POTXYSUBN6FTDY.jpg 1440w\">Los referentes de Juntos por el Cambio har\u00e1n una foto de unidad esta tarde, para repudiar la violencia en Jujuy<\/p>\n\n\n\n<p>El proceso de reforma comenz\u00f3 hace un a\u00f1o, con un proyecto legislativo que declar\u00f3 la<strong>&nbsp;Necesidad de reforma<\/strong>. En tanto, en junio tom\u00f3 estado parlamentario el texto de reforma constitucional, que fue discutido en los \u00faltimos d\u00edas. Tras conocerse el articulado, un grupo de comunidades de pueblos originarios, partidos de izquierda y del kirchnerismo se<strong>&nbsp;alzaron en contra de la reforma<\/strong>.<\/p>\n\n\n\n<p>La situaci\u00f3n&nbsp;<strong>escal\u00f3 a niveles de m\u00e1xima tensi\u00f3n&nbsp;<\/strong>el domingo pasado y continu\u00f3 hoy. Esta ma\u00f1ana, la convenci\u00f3n constituyente&nbsp;<strong>sesionaba en la Legislatura<\/strong>&nbsp;local con la intenci\u00f3n de aprobar el texto de reforma. Posteriormente, el articulado debe ser ratificado por una ley del Poder Legislativo provincial.<\/p>\n\n\n\n<p>La situaci\u00f3n de Jujuy se da en un momento de&nbsp;<strong>tensi\u00f3n pol\u00edtica a nivel naciona<\/strong>l, producto de la discusi\u00f3n por las candidaturas para las elecciones PASO del 13 de agosto. El s\u00e1bado es el&nbsp;<strong>cierre de listas&nbsp;<\/strong>y Gerardo Morales suena como el dirigente con m\u00e1s posibilidades de ser el&nbsp;<strong>compa\u00f1ero de f\u00f3rmula de Rodr\u00edguez Larreta<\/strong>. De todos modos, por los incidentes en la provincia del norte, en el larretismo cerraron filas para respaldar al juje\u00f1o y&nbsp;<strong>postergaron<\/strong>, pro ahora, las&nbsp;<strong>definiciones electorales<\/strong>.<\/p>\n\n\n\n<p>En tanto, los referentes de JxC avanzan en estos minutos en los&nbsp;<strong>detalles&nbsp;<\/strong>de la conferencia de esta tarde. La oposici\u00f3n considera central el&nbsp;<strong>apoyo a Morales<\/strong>&nbsp;y el repudio a la violencia que se desat\u00f3 en Jujuy. De cara a las elecciones de este a\u00f1o, la coalici\u00f3n avanza en un conjunto de reformas estructurales, que planean implementar en caso de llegar a la Casa Rosada el 10 de diciembre. En ese contexto, est\u00e1n de acuerdo en la importancia de se\u00f1alar que se mantendr\u00e1n concertados ante eventuales protestas e incidentes que busquen frustrar tales reformas.<\/p>\n\n\n\n<p>En ese eje, el comunicado de JxC tambi\u00e9n advierte: \u201cO tomamos el camino del cambio, o\u00a0<strong>profundizamos de forma dram\u00e1tica\u00a0<\/strong>el patr\u00f3n de atraso en el que nos sumergi\u00f3 el kirchnerismo y que estamos viendo ahora en Jujuy\u201d. Y concluye:\u201cTenemos la\u00a0<strong>firmeza y la determinaci\u00f3n\u00a0<\/strong>para construir un futuro diferente\u201d.<\/p>\n\n\n\n<p>Fuente: Infobae<\/p>\n","protected":false},"excerpt":{"rendered":"<div class=\"mh-excerpt\"><p>Los presidentes de los partidos que integran Juntos por el Cambio encabezaron una conferencia de prensa donde se solidarizaron con el pueblo juje\u00f1o y con el gobernador&nbsp;Gerardo Morales&nbsp;ante los incidentes que se generaron en la Legislatura.&nbsp;Patricia Bullrich&nbsp;y&nbsp;Horacio Rodr\u00edguez Larreta, enfrentados por la interna del PRO, lograron una foto de unidad y coincidieron con las denuncias contra el kirchnerismo. \u201cEsto es el kirchnerismo que promueve la&nbsp;violencia. Lo hacen para frenar el cambio, como no lo pueden frenar por los votos, lo hacen con la violencia. Es un antecedente de lo que van a hacer el 10 de diciembre y quieren distraer <a class=\"mh-excerpt-more\" href=\"http:\/\/dsrmedios.com.ar\/diario\/archivos\/35756\" title=\"JxC responsabiliz\u00f3 al Gobierno por los incidentes en Jujuy: \u201cUsan la violencia para tapar lo que est\u00e1 pasando en Chaco\u201d\">[Leer m\u00e1s]<\/a><\/p>\n<\/div>","protected":false},"author":8,"featured_media":35757,"comment_status":"open","ping_status":"closed","sticky":false,"template":"","format":"standard","meta":{"_jetpack_newsletter_access":""},"categories":[6],"tags":[],"jetpack_featured_media_url":"http:\/\/dsrmedios.com.ar\/diario\/wp-content\/uploads\/2023\/06\/images-1.jpg","jetpack_sharing_enabled":true,"jetpack_shortlink":"https:\/\/wp.me\/p9fihK-9iI","_links":{"self":[{"href":"http:\/\/dsrmedios.com.ar\/diario\/wp-json\/wp\/v2\/posts\/35756"}],"collection":[{"href":"http:\/\/dsrmedios.com.ar\/diario\/wp-json\/wp\/v2\/posts"}],"about":[{"href":"http:\/\/dsrmedios.com.ar\/diario\/wp-json\/wp\/v2\/types\/post"}],"author":[{"embeddable":true,"href":"http:\/\/dsrmedios.com.ar\/diario\/wp-json\/wp\/v2\/users\/8"}],"replies":[{"embeddable":true,"href":"http:\/\/dsrmedios.com.ar\/diario\/wp-json\/wp\/v2\/comments?post=35756"}],"version-history":[{"count":1,"href":"http:\/\/dsrmedios.com.ar\/diario\/wp-json\/wp\/v2\/posts\/35756\/revisions"}],"predecessor-version":[{"id":35758,"href":"http:\/\/dsrmedios.com.ar\/diario\/wp-json\/wp\/v2\/posts\/35756\/revisions\/35758"}],"wp:featuredmedia":[{"embeddable":true,"href":"http:\/\/dsrmedios.com.ar\/diario\/wp-json\/wp\/v2\/media\/35757"}],"wp:attachment":[{"href":"http:\/\/dsrmedios.com.ar\/diario\/wp-json\/wp\/v2\/media?parent=35756"}],"wp:term":[{"taxonomy":"category","embeddable":true,"href":"http:\/\/dsrmedios.com.ar\/diario\/wp-json\/wp\/v2\/categories?post=35756"},{"taxonomy":"post_tag","embeddable":true,"href":"http:\/\/dsrmedios.com.ar\/diario\/wp-json\/wp\/v2\/tags?post=35756"}],"curies":[{"name":"wp","href":"https:\/\/api.w.org\/{rel}","templated":true}]}}