{"id":35733,"date":"2023-06-19T12:51:21","date_gmt":"2023-06-19T15:51:21","guid":{"rendered":"http:\/\/dsrmedios.com.ar\/diario\/?p=35733"},"modified":"2023-06-19T12:51:24","modified_gmt":"2023-06-19T15:51:24","slug":"comienza-el-llenado-del-gasoducto-nestor-kirchner-hasta-salliquelo","status":"publish","type":"post","link":"http:\/\/dsrmedios.com.ar\/diario\/archivos\/35733","title":{"rendered":"Comienza el llenado del Gasoducto N\u00e9stor Kirchner hasta Salliquel\u00f3"},"content":{"rendered":"\n<p>Con la apertura de la v\u00e1lvula instalada en Vaca Muerta, este martes dar\u00e1 inicio el llenado del&nbsp;<a href=\"https:\/\/infocielo.com\/gas\/gasoducto-nestor-kirchner-se-completo-la-ultima-soldadura-canos-n762585\" target=\"_blank\" rel=\"noreferrer noopener\">Gasoducto N\u00e9stor Kirchner<\/a>, una megaobra considerada clave para avanzar en la soberan\u00eda energ\u00e9tica de la Argentina. La puesta en marcha del procedimiento dar\u00e1 inicio en la localidad neuquina de Tratay\u00e9n y completar\u00e1 el&nbsp;<strong>primer tramo de casi 600 kil\u00f3metros hasta la localidad bonaerense de&nbsp;<a href=\"https:\/\/infocielo.com\/salliquelo\" target=\"_blank\" rel=\"noreferrer noopener\">Salliquel\u00f3<\/a>.<\/strong><\/p>\n\n\n\n<p><strong>Se estima que el llenado tendr\u00e1 un plazo estimado de veinte d\u00edas y responde a procedimientos habituales en este tipo de sistemas, lo que involucra fases de barrido y presurizaci\u00f3n de las ca\u00f1er\u00edas de forma progresiva.<\/strong><\/p>\n\n\n\n<p>El cronograma contempla que este martes se habilitar\u00e1 el tramo que va desde el kil\u00f3metro 0 de gasoducto hasta el kil\u00f3metro 29.<\/p>\n\n\n\n<p>El 25 de junio se habilitar\u00e1 el tramo que va desde el kil\u00f3metro 29 hasta el 61, a lo que se sumar\u00e1n cuatro etapas m\u00e1s hasta la habilitaci\u00f3n completa hasta Salliquel\u00f3.<\/p>\n\n\n\n<p><strong>En tanto, la inauguraci\u00f3n oficial del primer tramo del Gasoducto Presidente N\u00e9stor Kirchner est\u00e1 prevista para el 9 de julio pr\u00f3ximo, una fecha con alto significado pol\u00edtico.<\/strong>&nbsp;Si bien se esperaba un acto en el D\u00eda de la Bandera, la indefinici\u00f3n de los precandidatos de Uni\u00f3n por la Patria y la interna en el oficialismo deriv\u00f3 en la postergaci\u00f3n del anuncio para una fecha m\u00e1s cercana a los comicios.<\/p>\n\n\n\n<figure class=\"wp-block-image\"><img decoding=\"async\" src=\"https:\/\/media.infocielo.com\/p\/485417c8a4e6da454c20c6dce28fe328\/adjuntos\/299\/imagenes\/001\/507\/0001507022\/887x0\/smart\/despacharon-los-primeros-canos-la-construccion-del-gasoducto-nestor-kirchner.jpg\" alt=\"Comienza el llenado del Gasoducto N\u00e9stor Kirchner hasta Salliquel\u00f3\" title=\"Comienza el llenado del Gasoducto N\u00e9stor Kirchner hasta Salliquel\u00f3\"\/><\/figure>\n\n\n\n<p>Comienza el llenado del Gasoducto N\u00e9stor Kirchner hasta Salliquel\u00f3<\/p>\n\n\n\n<p>La semana pasada, la secretaria de Energ\u00eda,&nbsp;<strong>Flavia Roy\u00f3n<\/strong>, sostuvo que el gasoducto &#8220;encamina a Argentina hacia costos energ\u00e9ticos m\u00e1s competitivos&#8221;, y subray\u00f3 que&nbsp;<strong>&#8220;es una obra que nadie apostaba que se pod\u00eda hacer en menos de 24 meses y se hizo en diez&#8221;<\/strong><strong><\/strong><\/p>\n\n\n\n<p><strong>\u201cEs una obra que va a posibilitar que el gas de Vaca Muerta vaya hacia el centro y el norte del pa\u00eds y que se pueda desarrollar en la Argentina una nueva industria donde el costo energ\u00e9tico va a ser una ventaja competitiva\u201d<\/strong>, asegur\u00f3 a T\u00e9lam.<\/p>\n\n\n\n<h2>Gasoducto N\u00e9stor Kirchner: la obra de ingenier\u00eda m\u00e1s importante en 50 a\u00f1os<\/h2>\n\n\n\n<p>La obra de ingenier\u00eda del Gasoducto N\u00e9stor Kirchner es considerada como la m\u00e1s importante de los \u00faltimos 50 a\u00f1os. Se concret\u00f3 en un plazo r\u00e9cord de 10 meses y atraves\u00f3 cuatro provincias: desde la planta de tratamiento de gas en la neuquina Tratayen, emplazada en el coraz\u00f3n de Vaca Muerta, pasando por R\u00edo Negro, La Pampa, hasta Salliquel\u00f3 en la provincia de Buenos Aires.<\/p>\n\n\n\n<p><strong>Se estima que el primer tramo representar\u00e1 u$s2.000 millones de ahorro en lo inmediato, un n\u00famero que estiman duplicar para el a\u00f1o siguiente, con una mejora fiscal de alrededor de u$s4.200 millones.<\/strong><\/p>\n\n\n\n<h2>Sergio Massa: \u201cUn antes y un despu\u00e9s en la pol\u00edtica energ\u00e9tica argentina\u201d<\/h2>\n\n\n\n<p>Durante el acto de la \u00faltima soldadura del Gasoducto Presidente N\u00e9stor Kirchner (GPNK), realizado en el mes de mayo, el ministro de Econom\u00eda, Sergio Massa, explic\u00f3 que este hito \u201cmarca un antes y un despu\u00e9s en la pol\u00edtica energ\u00e9tica argentina\u201d, y precis\u00f3 que&nbsp;<strong>\u201cno solamente sirve en materia energ\u00e9tica, no solamente garantiza gas para nuestro desarrollo industrial y para el abastecimiento del centro y del norte argentino, sino que adem\u00e1s posibilita pensar en una Argentina exportadora de energ\u00eda, que es fundamental para nosotros\u201d.<\/strong><\/p>\n\n\n\n<figure class=\"wp-block-image\"><img decoding=\"async\" src=\"https:\/\/media.infocielo.com\/p\/2ed1abbd22b493f357f763475a4331c6\/adjuntos\/299\/imagenes\/001\/506\/0001506971\/887x0\/smart\/despacharon-los-primeros-canos-la-construccion-del-gasoducto-nestor-kirchner.jpg\" alt=\"Sergio Massa: \u201cUn antes y un despu\u00e9s en la pol\u00edtica energ\u00e9tica argentina\u201d\" title=\"Sergio Massa: \u201cUn antes y un despu\u00e9s en la pol\u00edtica energ\u00e9tica argentina\u201d\"\/><\/figure>\n\n\n\n<p>Sergio Massa: \u201cUn antes y un despu\u00e9s en la pol\u00edtica energ\u00e9tica argentina\u201d<\/p>\n\n\n\n<p>Por su parte, Agust\u00edn Ger\u00e9z sostuvo que \u201cen t\u00e9rminos econ\u00f3micos es una obra que nos acerca a un hito fundamental que es la soberan\u00eda energ\u00e9tica\u201d. En esta l\u00ednea, el Presidente de Energ\u00eda Argentina destac\u00f3 que se trata de \u201cuna obra que se ejecuta en 9 meses, pero que en t\u00e9rminos naturales se tendr\u00eda que haber ejecutado en 24 meses, que se ha utilizado la tecnolog\u00eda m\u00e1s avanzada existente en el mundo\u201d.<\/p>\n\n\n\n<h2>Los detalles de la obra de la primera etapa del Gasoducto<\/h2>\n\n\n\n<p>Durante la ejecuci\u00f3n de la primera etapa del Gasoducto, que se inici\u00f3 el 16 de noviembre del a\u00f1o pasado, en Salliquel\u00f3, provincia de Buenos Aires, se soldaron en promedio cinco kil\u00f3metros de ca\u00f1os por d\u00eda en los tres frentes de obra. Para hacerlo se utiliz\u00f3, por primera vez en el pa\u00eds, el sistema de soldadoras autom\u00e1ticas que es la tecnolog\u00eda m\u00e1s avanzada a nivel mundial en la materia.<\/p>\n\n\n\n<p>L<strong>a traza troncal tiene 573 kil\u00f3metros desde Salliquel\u00f3 hasta su otro extremo en Tratay\u00e9n, Neuqu\u00e9n, y atraviesa, adem\u00e1s, las provincias de R\u00edo Negro y La Pampa. Para su construcci\u00f3n fueron necesarios m\u00e1s de 47.700 ca\u00f1os de acero de 12 metros de largo, cuyo peso total es de, aproximadamente, 300.000 toneladas de ca\u00f1er\u00edas.<\/strong><\/p>\n\n\n\n<p>Adem\u00e1s, el desarrollo del GPNK impact\u00f3 en la creaci\u00f3n de alrededor de 10 mil puestos de trabajo directos y otros 40 mil indirectos entre la construcci\u00f3n de la obra y la mayor producci\u00f3n de gas en Vaca Muerta.<\/p>\n\n\n\n<p>Fuente: Infocielo<\/p>\n","protected":false},"excerpt":{"rendered":"<div class=\"mh-excerpt\"><p>Con la apertura de la v\u00e1lvula instalada en Vaca Muerta, este martes dar\u00e1 inicio el llenado del&nbsp;Gasoducto N\u00e9stor Kirchner, una megaobra considerada clave para avanzar en la soberan\u00eda energ\u00e9tica de la Argentina. La puesta en marcha del procedimiento dar\u00e1 inicio en la localidad neuquina de Tratay\u00e9n y completar\u00e1 el&nbsp;primer tramo de casi 600 kil\u00f3metros hasta la localidad bonaerense de&nbsp;Salliquel\u00f3. Se estima que el llenado tendr\u00e1 un plazo estimado de veinte d\u00edas y responde a procedimientos habituales en este tipo de sistemas, lo que involucra fases de barrido y presurizaci\u00f3n de las ca\u00f1er\u00edas de forma progresiva. El cronograma contempla que este <a class=\"mh-excerpt-more\" href=\"http:\/\/dsrmedios.com.ar\/diario\/archivos\/35733\" title=\"Comienza el llenado del Gasoducto N\u00e9stor Kirchner hasta Salliquel\u00f3\">[Leer m\u00e1s]<\/a><\/p>\n<\/div>","protected":false},"author":8,"featured_media":35734,"comment_status":"open","ping_status":"closed","sticky":false,"template":"","format":"standard","meta":{"_jetpack_newsletter_access":""},"categories":[8],"tags":[],"jetpack_featured_media_url":"http:\/\/dsrmedios.com.ar\/diario\/wp-content\/uploads\/2023\/06\/descarga-5.jpg","jetpack_sharing_enabled":true,"jetpack_shortlink":"https:\/\/wp.me\/p9fihK-9il","_links":{"self":[{"href":"http:\/\/dsrmedios.com.ar\/diario\/wp-json\/wp\/v2\/posts\/35733"}],"collection":[{"href":"http:\/\/dsrmedios.com.ar\/diario\/wp-json\/wp\/v2\/posts"}],"about":[{"href":"http:\/\/dsrmedios.com.ar\/diario\/wp-json\/wp\/v2\/types\/post"}],"author":[{"embeddable":true,"href":"http:\/\/dsrmedios.com.ar\/diario\/wp-json\/wp\/v2\/users\/8"}],"replies":[{"embeddable":true,"href":"http:\/\/dsrmedios.com.ar\/diario\/wp-json\/wp\/v2\/comments?post=35733"}],"version-history":[{"count":1,"href":"http:\/\/dsrmedios.com.ar\/diario\/wp-json\/wp\/v2\/posts\/35733\/revisions"}],"predecessor-version":[{"id":35735,"href":"http:\/\/dsrmedios.com.ar\/diario\/wp-json\/wp\/v2\/posts\/35733\/revisions\/35735"}],"wp:featuredmedia":[{"embeddable":true,"href":"http:\/\/dsrmedios.com.ar\/diario\/wp-json\/wp\/v2\/media\/35734"}],"wp:attachment":[{"href":"http:\/\/dsrmedios.com.ar\/diario\/wp-json\/wp\/v2\/media?parent=35733"}],"wp:term":[{"taxonomy":"category","embeddable":true,"href":"http:\/\/dsrmedios.com.ar\/diario\/wp-json\/wp\/v2\/categories?post=35733"},{"taxonomy":"post_tag","embeddable":true,"href":"http:\/\/dsrmedios.com.ar\/diario\/wp-json\/wp\/v2\/tags?post=35733"}],"curies":[{"name":"wp","href":"https:\/\/api.w.org\/{rel}","templated":true}]}}