{"id":35731,"date":"2023-06-19T12:47:13","date_gmt":"2023-06-19T15:47:13","guid":{"rendered":"http:\/\/dsrmedios.com.ar\/diario\/?p=35731"},"modified":"2023-06-19T12:47:16","modified_gmt":"2023-06-19T15:47:16","slug":"la-fragata-libertad-su-viaje-inaugural-el-mascaron-que-no-fue-y-la-historia-detras-del-granadero-de-san-martin","status":"publish","type":"post","link":"http:\/\/dsrmedios.com.ar\/diario\/archivos\/35731","title":{"rendered":"La fragata Libertad: su viaje inaugural, el mascar\u00f3n que no fue y la historia detr\u00e1s del granadero de San Mart\u00edn"},"content":{"rendered":"\n<p>La nave luc\u00eda espl\u00e9ndida. Pero al capit\u00e1n de fragata&nbsp;<strong>Atilio Porretti<\/strong>&nbsp;hab\u00eda un detalle que no le cerraba:&nbsp;<strong>el mascar\u00f3n de proa de la flamante fragata ARA Libertad<\/strong>. Era una bella imagen hecha en bronce por el talentoso escultor&nbsp;<strong>Luis Perlotti&nbsp;<\/strong>que representaba a la Rep\u00fablica. Era un muy buen trabajo, pero ten\u00eda un detalle que le jug\u00f3 en contra:&nbsp;<strong>su rostro no miraba al horizonte, sino al agua.<\/strong><\/p>\n\n\n\n<p>Al principio no le hicieron demasiado caso pero de tanto insistir, los altos mandos de la Armada le dieron la raz\u00f3n y&nbsp;<strong>acordaron quitarlo.<\/strong>&nbsp;De esta forma a las cuatro de la tarde del mi\u00e9rcoles 19 de junio de 1963, cuando el capit\u00e1n&nbsp;<strong>Horacio Ferrari&nbsp;<\/strong>dio la orden de soltar amarras en medio del j\u00fabilo general,&nbsp;<strong>la fragata zarp\u00f3 en su primer viaje de instrucci\u00f3n alrededor del mundo sin su mascar\u00f3n de proa<\/strong>.<\/p>\n\n\n\n<p>Hab\u00eda sido el presidente&nbsp;<strong>Domingo Faustino Sarmiento<\/strong>&nbsp;quien se propuso modernizar el Ej\u00e9rcito y la Marina. De su iniciativa sali\u00f3 la Escuela Naval y la reorganizaci\u00f3n de la marina de guerra.<\/p>\n\n\n\n<p><img decoding=\"async\" loading=\"lazy\" alt=\"Modelo cero kil\u00f3metro. En los astilleros de R\u00edo Santiago, lista para navegar. Foto gentileza Contralmte Marcelo Tarapow.\" height=\"1024\" width=\"768\" class=\"\" src=\"https:\/\/cloudfront-us-east-1.images.arcpublishing.com\/infobae\/MJE5FTU3JFE35CGSDOLZDI3QVA.jpg\" srcset=\"https:\/\/www.infobae.com\/new-resizer\/QVXtjVFF84Nmhg_-NexgoXAIALk=\/420x560\/filters:format(webp):quality(85)\/cloudfront-us-east-1.images.arcpublishing.com\/infobae\/MJE5FTU3JFE35CGSDOLZDI3QVA.jpg 420w,https:\/\/www.infobae.com\/new-resizer\/PRalCt5-TqwuUOvN04_ttXLpLuk=\/768x1024\/filters:format(webp):quality(85)\/cloudfront-us-east-1.images.arcpublishing.com\/infobae\/MJE5FTU3JFE35CGSDOLZDI3QVA.jpg 768w,https:\/\/www.infobae.com\/new-resizer\/23d_YrqP1kguihSmyAq4OR1wCC0=\/992x1323\/filters:format(webp):quality(85)\/cloudfront-us-east-1.images.arcpublishing.com\/infobae\/MJE5FTU3JFE35CGSDOLZDI3QVA.jpg 992w,https:\/\/www.infobae.com\/new-resizer\/mJsyUl_lHMWf_W0NOCgdMaxSzKw=\/1200x1600\/filters:format(webp):quality(85)\/cloudfront-us-east-1.images.arcpublishing.com\/infobae\/MJE5FTU3JFE35CGSDOLZDI3QVA.jpg 1200w\">Modelo cero kil\u00f3metro. En los astilleros de R\u00edo Santiago, lista para navegar. Foto gentileza Contralmte Marcelo Tarapow.<\/p>\n\n\n\n<p>En 1894 el jefe de la escuadra el entonces capit\u00e1n de fragata&nbsp;<strong>Mart\u00edn Rivadavia<\/strong>&nbsp;-que pasar\u00eda a la historia como&nbsp;<strong>Comodoro Rivadavia<\/strong>&#8211; fundament\u00f3 porqu\u00e9 el buque escuela de la Armada deb\u00eda ser un velero. \u201c\u2026no podr\u00e1 hallarse mejor escuela que la navegaci\u00f3n en&nbsp;<strong>un buque de arboladura para desarrollar la actividad moral e intelectual, formar el car\u00e1cter, la previsi\u00f3n, la perspicacia, el ojo marinero<\/strong>, el valor de la responsabilidad y la prontitud en las resoluciones dif\u00edciles: cualidades todas altamente \u00fatiles e indispensables en el marino de guerra de nuestros d\u00edas\u201d.<\/p>\n\n\n\n<p><img decoding=\"async\" loading=\"lazy\" alt=\"Juan D. Per\u00f3n, durante su segunda presidencia, puso un remache en la quilla de la embarcaci\u00f3n. Foto Archivo GaviotaANTartica.\" height=\"274\" width=\"586\" class=\"\" src=\"https:\/\/cloudfront-us-east-1.images.arcpublishing.com\/infobae\/KPNABV2R35DNRKYXD2NLI74HEY.png\" srcset=\"https:\/\/www.infobae.com\/new-resizer\/dqhJ19jHb4RkjOmYO2Vmjr8x_-8=\/420x187\/filters:format(webp):quality(85)\/cloudfront-us-east-1.images.arcpublishing.com\/infobae\/KPNABV2R35DNRKYXD2NLI74HEY.png 420w,https:\/\/www.infobae.com\/new-resizer\/ibPbF7vi2wUt6hCbnqQuTwDcBa8=\/768x341\/filters:format(webp):quality(85)\/cloudfront-us-east-1.images.arcpublishing.com\/infobae\/KPNABV2R35DNRKYXD2NLI74HEY.png 768w,https:\/\/www.infobae.com\/new-resizer\/vrH-14tozH7x7V40e6LJOz8hwdY=\/992x441\/filters:format(webp):quality(85)\/cloudfront-us-east-1.images.arcpublishing.com\/infobae\/KPNABV2R35DNRKYXD2NLI74HEY.png 992w,https:\/\/www.infobae.com\/new-resizer\/1v3HLyqVkbZ_5uj26fUw1GX25mA=\/1200x533\/filters:format(webp):quality(85)\/cloudfront-us-east-1.images.arcpublishing.com\/infobae\/KPNABV2R35DNRKYXD2NLI74HEY.png 1200w\">Juan D. Per\u00f3n, durante su segunda presidencia, puso un remache en la quilla de la embarcaci\u00f3n. Foto Archivo GaviotaANTartica.<\/p>\n\n\n\n<p><strong>El primer buque escuela<\/strong>&nbsp;con el que cont\u00f3 el pa\u00eds fue el vapor de guerra&nbsp;<strong>General Brown<\/strong>, construido en 1868 en Escocia. Prest\u00f3 servicio entre 1872 y 1881. La ca\u00f1onera&nbsp;<strong>corbeta Uruguay<\/strong>&nbsp;lo reemplaz\u00f3 entre 1877 y 1879. Luego le toc\u00f3 a la&nbsp;<strong>corbeta La Argentina<\/strong>&nbsp;que sirvi\u00f3 entre 1884 y 1891. Y despu\u00e9s, la&nbsp;<strong>corbeta Chacabuco<\/strong>&nbsp;-que no era otra que la Brown modificada- que naveg\u00f3 entre 1891 y 1893.<\/p>\n\n\n\n<p><img decoding=\"async\" loading=\"lazy\" alt=\"El primer mascar\u00f3n de proa, que nunca lleg\u00f3 a usarse. Foto libro Fragata Libertad. Una escuela en el mar, de Marcelo Tarapow.\" height=\"526\" width=\"229\" class=\"\" src=\"https:\/\/cloudfront-us-east-1.images.arcpublishing.com\/infobae\/WAGZ72WCXVDKLKVEFOM2X4NOZM.png\" srcset=\"https:\/\/www.infobae.com\/new-resizer\/2VBVUN3yxoWMCxpXdi_uYfE88sA=\/420x747\/filters:format(webp):quality(85)\/cloudfront-us-east-1.images.arcpublishing.com\/infobae\/WAGZ72WCXVDKLKVEFOM2X4NOZM.png 420w,https:\/\/www.infobae.com\/new-resizer\/81elthsw390fv4Z5UQHClH9aWqI=\/768x1365\/filters:format(webp):quality(85)\/cloudfront-us-east-1.images.arcpublishing.com\/infobae\/WAGZ72WCXVDKLKVEFOM2X4NOZM.png 768w,https:\/\/www.infobae.com\/new-resizer\/YkZvRildRW7v3of5pBagrIvBCao=\/992x1764\/filters:format(webp):quality(85)\/cloudfront-us-east-1.images.arcpublishing.com\/infobae\/WAGZ72WCXVDKLKVEFOM2X4NOZM.png 992w,https:\/\/www.infobae.com\/new-resizer\/2N6zqUonsJSVAhGURKhCuK7U2pA=\/1200x2133\/filters:format(webp):quality(85)\/cloudfront-us-east-1.images.arcpublishing.com\/infobae\/WAGZ72WCXVDKLKVEFOM2X4NOZM.png 1200w\">El primer mascar\u00f3n de proa, que nunca lleg\u00f3 a usarse. Foto libro Fragata Libertad. Una escuela en el mar, de Marcelo Tarapow.<\/p>\n\n\n\n<p>Nuevamente,&nbsp;<strong>el comodoro Rivadavia recomend\u00f3 tener un buque m\u00e1s moderno y as\u00ed naci\u00f3 la fragata Presidente Sarmiento<\/strong>, construida en astilleros ingleses, que entre 1899 y 1939 realiz\u00f3 37 viajes alrededor del mundo.<\/p>\n\n\n\n<p>En 1949 se origin\u00f3 el proyecto de tener un nuevo buque escuela velero. A la hora de dise\u00f1arlo,&nbsp;<strong>se inspiraron en el buque escuela espa\u00f1ol Juan Sebasti\u00e1n Elcano<\/strong>. En noviembre de 1953 el ministro de Marina autoriz\u00f3 su construcci\u00f3n y en diciembre el presidente&nbsp;<strong>Juan D. Per\u00f3n<\/strong>&nbsp;coloc\u00f3 el primer remache en la quilla.<\/p>\n\n\n\n<p><img decoding=\"async\" loading=\"lazy\" alt=\"El mascar\u00f3n que finalmente qued\u00f3. El escultor se inspir\u00f3 en el rostro de su esposa. Foto libro Fragata Libertad. Una escuela en el mar, de Marcelo Tarapow.\" height=\"330\" width=\"592\" class=\"\" src=\"https:\/\/cloudfront-us-east-1.images.arcpublishing.com\/infobae\/VHUPICPJEJFN7FJIAFBYGOLJ5E.jpg\" srcset=\"https:\/\/www.infobae.com\/new-resizer\/MF68D4LuoqYY9sAkp1Qbwoe2MOU=\/420x236\/filters:format(webp):quality(85)\/cloudfront-us-east-1.images.arcpublishing.com\/infobae\/VHUPICPJEJFN7FJIAFBYGOLJ5E.jpg 420w,https:\/\/www.infobae.com\/new-resizer\/nMEDrMHCuiYtb5xSFWVK5a4AYy4=\/768x432\/filters:format(webp):quality(85)\/cloudfront-us-east-1.images.arcpublishing.com\/infobae\/VHUPICPJEJFN7FJIAFBYGOLJ5E.jpg 768w,https:\/\/www.infobae.com\/new-resizer\/HSSs8AT70IELjPRcqyFIAVSQ4oY=\/992x558\/filters:format(webp):quality(85)\/cloudfront-us-east-1.images.arcpublishing.com\/infobae\/VHUPICPJEJFN7FJIAFBYGOLJ5E.jpg 992w,https:\/\/www.infobae.com\/new-resizer\/zPpZ-3pHhlhLBPvGzaysuUfHELg=\/1200x675\/filters:format(webp):quality(85)\/cloudfront-us-east-1.images.arcpublishing.com\/infobae\/VHUPICPJEJFN7FJIAFBYGOLJ5E.jpg 1200w,https:\/\/www.infobae.com\/new-resizer\/0ZCQXXzWQPHdYQQMwTUAwapcfq8=\/1440x810\/filters:format(webp):quality(85)\/cloudfront-us-east-1.images.arcpublishing.com\/infobae\/VHUPICPJEJFN7FJIAFBYGOLJ5E.jpg 1440w\">El mascar\u00f3n que finalmente qued\u00f3. El escultor se inspir\u00f3 en el rostro de su esposa. Foto libro Fragata Libertad. Una escuela en el mar, de Marcelo Tarapow.<\/p>\n\n\n\n<p>El 27 de abril de 1956 se le impuso el nombre:&nbsp;<strong>se llamar\u00eda Libertad<\/strong>&nbsp;y al mes siguiente se bot\u00f3 el casco en los astilleros de R\u00edo Santiago. La madrina de la botadura fue&nbsp;<strong>Sara Herrera<\/strong>, la esposa del presidente&nbsp;<strong>Pedro Aramburu<\/strong>.<\/p>\n\n\n\n<p>Se dise\u00f1\u00f3 un buque de 104 metros de eslora, 14,3 metros de manga, con una superficie total de 2652 m\u00b2 de velamen, 3635 toneladas de desplazamiento a carga completa y una altura m\u00e1xima en su palo mayor de cincuenta metros.&nbsp;<strong>Posee tres palos de acero -trinquete, mayor y mesana- y tiene 27 velas.<\/strong><\/p>\n\n\n\n<p><img decoding=\"async\" loading=\"lazy\" alt=\"La fragata en el puerto de Hamburgo, durante su primer viaje en 1963. Foto gentileza Marcelo Tarapow.\" height=\"622\" width=\"1024\" class=\"\" src=\"https:\/\/cloudfront-us-east-1.images.arcpublishing.com\/infobae\/XHMMCLIZLBFFFJD7CRF5VVY4EU.jpg\" srcset=\"https:\/\/www.infobae.com\/new-resizer\/tMzTvNtFSpjzmON0EOvOgXJRBgI=\/992x606\/filters:format(webp):quality(85)\/cloudfront-us-east-1.images.arcpublishing.com\/infobae\/XHMMCLIZLBFFFJD7CRF5VVY4EU.jpg 992w\">La fragata en el puerto de Hamburgo, durante su primer viaje en 1963. Foto gentileza Marcelo Tarapow.<\/p>\n\n\n\n<p><strong>Su casco responde a las l\u00edneas de un cl\u00edper<\/strong>, hecho con chapas de acero remachados con roblones y posee dos motores. Tiene tres cubiertas, m\u00e1s dos m\u00e1s peque\u00f1as y dos plataformas inferiores.<\/p>\n\n\n\n<p>Luego de las idas y vueltas por el mascar\u00f3n,<strong>&nbsp;Porretti debi\u00f3 encargarse de buscar a un nuevo escultor<\/strong>. Se lo encargaron al artista&nbsp;<strong>Carlos Garc\u00eda Gonz\u00e1lez<\/strong>, quien se hab\u00eda autoimpuesto el apodo de \u201cgallego\u201d porque seg\u00fan \u00e9l ser gallego significaba ser dos veces espa\u00f1ol.&nbsp;<strong>El hombre se inspir\u00f3 en su esposa \u00darsula<\/strong>, quien falleci\u00f3 antes de su colocaci\u00f3n.&nbsp;<strong>Fue tallado en cedro paraguayo en los arsenales navales de Retiro y mide seis metros.<\/strong><\/p>\n\n\n\n<p><img decoding=\"async\" loading=\"lazy\" alt=\"Una vida en el mar. En primer plano Sergio G\u00f3mez Roca, uno de los cadetes que hizo el viaje en 1963. Morir\u00eda en Malvinas al mando del Aviso ARA Alf\u00e9rez Sobral. Foto tomada por Carlos Zavalla.\" height=\"595\" width=\"1024\" class=\"\" src=\"https:\/\/cloudfront-us-east-1.images.arcpublishing.com\/infobae\/TJRQ2YNYNBGZHH633QMK5IW2VA.jpg\" srcset=\"https:\/\/www.infobae.com\/new-resizer\/CU3Y7Ugz4UECYuu6SG2UcWFINgY=\/992x606\/filters:format(webp):quality(85)\/cloudfront-us-east-1.images.arcpublishing.com\/infobae\/TJRQ2YNYNBGZHH633QMK5IW2VA.jpg 992w\">Una vida en el mar. En primer plano Sergio G\u00f3mez Roca, uno de los cadetes que hizo el viaje en 1963. Morir\u00eda en Malvinas al mando del Aviso ARA Alf\u00e9rez Sobral. Foto tomada por Carlos Zavalla.<\/p>\n\n\n\n<p>El capit\u00e1n de fragata&nbsp;<strong>Atilio Porretti<\/strong>, con experiencia en navegaci\u00f3n a vela,&nbsp;<strong>fue el encargado de seleccionar al personal de gavieros -personal que se encarga de los palos del barco<\/strong>&#8211; y recurri\u00f3 para ello a los viejos contramaestres de la fragata Sarmiento.&nbsp;<strong>El 28 de mayo de 1963 fue entregada e incorporada oficialmente a la Armada<\/strong>&nbsp;y recibi\u00f3 la bandera de guerra. En los d\u00edas siguientes se complet\u00f3 el alistamiento necesario para poner al buque en \u00f3ptimas condiciones para afrontar la campa\u00f1a de casi seis meses que lo llevar\u00eda por diversos puertos extranjeros.<\/p>\n\n\n\n<p><img decoding=\"async\" loading=\"lazy\" alt=\"Combatiendo el v\u00e9rtigo. La cubierta de la nave desde lo m\u00e1s alto del m\u00e1stil. Foto Prensa Armada.\" height=\"450\" width=\"850\" class=\"\" src=\"https:\/\/cloudfront-us-east-1.images.arcpublishing.com\/infobae\/ERX3KKXL55FKJCHPLRG4AP2N5A.jpg\" srcset=\"https:\/\/www.infobae.com\/new-resizer\/DT6Yl1sATGvtEQhL5QmLnD3JFxk=\/420x236\/filters:format(webp):quality(85)\/cloudfront-us-east-1.images.arcpublishing.com\/infobae\/ERX3KKXL55FKJCHPLRG4AP2N5A.jpg 420w,https:\/\/www.infobae.com\/new-resizer\/VGglCRIJYMqhgUCOi_4lnHovsSI=\/768x432\/filters:format(webp):quality(85)\/cloudfront-us-east-1.images.arcpublishing.com\/infobae\/ERX3KKXL55FKJCHPLRG4AP2N5A.jpg 768w,https:\/\/www.infobae.com\/new-resizer\/bWL4AiS_e7lDj5sCMRcRYaJhoXY=\/992x558\/filters:format(webp):quality(85)\/cloudfront-us-east-1.images.arcpublishing.com\/infobae\/ERX3KKXL55FKJCHPLRG4AP2N5A.jpg 992w,https:\/\/www.infobae.com\/new-resizer\/YUyRTWh7Cbv5Prh3rCqIaWtwksw=\/1200x675\/filters:format(webp):quality(85)\/cloudfront-us-east-1.images.arcpublishing.com\/infobae\/ERX3KKXL55FKJCHPLRG4AP2N5A.jpg 1200w,https:\/\/www.infobae.com\/new-resizer\/rdqjXigMCtW5uXr1lOdimcsss1o=\/1440x810\/filters:format(webp):quality(85)\/cloudfront-us-east-1.images.arcpublishing.com\/infobae\/ERX3KKXL55FKJCHPLRG4AP2N5A.jpg 1440w\">Combatiendo el v\u00e9rtigo. La cubierta de la nave desde lo m\u00e1s alto del m\u00e1stil. Foto Prensa Armada.<\/p>\n\n\n\n<p>Previo al inicio de esa traves\u00eda, entre el 14 de agosto y el 3 de septiembre de 1962 se realiz\u00f3 una&nbsp;<strong>navegaci\u00f3n de prueba de m\u00e1quinas<\/strong>&nbsp;hasta Golfo Nuevo. Estando fondeados en Puerto Madryn soport\u00f3 un temporal con vientos de 60 nudos, que la hizo escorar hacia el viento.<\/p>\n\n\n\n<p>Minutos previos a la partida, el entonces presidente&nbsp;<strong>Jos\u00e9 Mar\u00eda Guido<\/strong>&nbsp;ley\u00f3 desde la cubierta de la fragata la correspondiente orden de zarpada para dar inicio a un nuevo derrotero: \u201cEste viaje se realiza al amparo de una palabra sagrada para el hombre: \u201clibertad\u201d. Por ella luchan en la guerra y en la paz todos los pueblos de la tierra; a su conjuro se concretaron las haza\u00f1as m\u00e1s se\u00f1aladas de la historia, y podr\u00eda decirse que el objeto fundamental de la vida es la libertad\u201d.<\/p>\n\n\n\n<p>\u201c<strong>Un Buque Escuela es un pedazo de la Rep\u00fablica<\/strong>&nbsp;que se desplaza por entre la hostilidad de los mares, para decir a los pa\u00edses que recorren nuestra realidad institucional, t\u00e9cnica, educacional y pol\u00edtica, y para llevarles un mensaje de paz y confraternidad. El mar no debe ser sino un camino para los pueblos, los caminos separan o unen;&nbsp;<strong>el mar debe ser el camino que conduzca a un mayor acercamiento<\/strong>, a una m\u00e1s profunda comprensi\u00f3n, a una m\u00e1s efectiva fraternidad entre los hombres\u201d, expres\u00f3 el primer mandatario.<\/p>\n\n\n\n<p><img decoding=\"async\" loading=\"lazy\" alt=\"El barco cuenta con tres cubiertas. Ac\u00e1 en la principal, manteniendo la limpieza. Foto Carlos Zavalla.\" height=\"860\" width=\"1480\" class=\"\" src=\"https:\/\/cloudfront-us-east-1.images.arcpublishing.com\/infobae\/P4CKLQFIJVELPIHUNZSU2G22II.jpg\" srcset=\"https:\/\/www.infobae.com\/new-resizer\/CYeMVHLtVkusAmzb7ZecWrXk1uk=\/992x606\/filters:format(webp):quality(85)\/cloudfront-us-east-1.images.arcpublishing.com\/infobae\/P4CKLQFIJVELPIHUNZSU2G22II.jpg 992w\">El barco cuenta con tres cubiertas. Ac\u00e1 en la principal, manteniendo la limpieza. Foto Carlos Zavalla.<\/p>\n\n\n\n<p>Embarcaron cadetes de la promoci\u00f3n 90 del \u00faltimo a\u00f1o de la Escuela Naval Militar con el prop\u00f3sito de completar su formaci\u00f3n profesional y egresar como guardiamarinas. Tambi\u00e9n se encontraban aspirantes navales cumpliendo su \u00faltimo ciclo de instrucci\u00f3n para recibirse como cabos primeros.<\/p>\n\n\n\n<p><strong>Su comandante fue el capit\u00e1n de fragata Horacio Ferrari<\/strong>&nbsp;quien, en realidad, era el segundo comandante. El jefe era el capit\u00e1n de nav\u00edo&nbsp;<strong>Eduardo Lockhart<\/strong>&nbsp;quien, cuando ocurri\u00f3 el enfrentamiento entre dos facciones del Ej\u00e9rcito, que pas\u00f3 a la historia como el conflicto entre \u201cAzules y Colorados\u201d, dispuso que la fragata se alejase del muelle para preservarla. Por su decisi\u00f3n, fue separado de su cargo, record\u00f3 a<strong>&nbsp;Infobae<\/strong>&nbsp;el capit\u00e1n de nav\u00edo retirado&nbsp;<strong>Carlos Zavalla<\/strong>, integrante de ese primer viaje de la nave. \u201c<strong>Lockhart<\/strong>&nbsp;fue un extraordinario marino y profesional\u201d, remarc\u00f3&nbsp;<strong>Zavalla<\/strong>.<\/p>\n\n\n\n<p><strong>Zavalla<\/strong>&nbsp;cont\u00f3 que el viaje, en realidad, comenz\u00f3 al d\u00eda siguiente. Porque el 19 partieron y fondearon frente a la ciudad de La Plata.&nbsp;<strong>Ese 20 de junio, un d\u00eda de lluvia y fr\u00edo, mientras el buque se mov\u00eda de un lado para el otro, juraron la bandera dos conscriptos y un contador.<\/strong><\/p>\n\n\n\n<p><img decoding=\"async\" loading=\"lazy\" alt=\"El viaje es el \u00faltimo paso para que el cadete egresase como guardiamarina. Foto Prensa Armada.\" height=\"480\" width=\"850\" class=\"\" src=\"https:\/\/cloudfront-us-east-1.images.arcpublishing.com\/infobae\/NVET4YYWHNDD5HJU2PUXAHEML4.jpg\" srcset=\"https:\/\/www.infobae.com\/new-resizer\/bJWW8j0u4ATf7OLGaF2jn-18gEA=\/420x236\/filters:format(webp):quality(85)\/cloudfront-us-east-1.images.arcpublishing.com\/infobae\/NVET4YYWHNDD5HJU2PUXAHEML4.jpg 420w,https:\/\/www.infobae.com\/new-resizer\/a5Ws9PnyvdX1dFB3fmVIjYr1ltI=\/768x432\/filters:format(webp):quality(85)\/cloudfront-us-east-1.images.arcpublishing.com\/infobae\/NVET4YYWHNDD5HJU2PUXAHEML4.jpg 768w,https:\/\/www.infobae.com\/new-resizer\/hMmm5mBaRQI-acAkf62Yim6KMoo=\/992x558\/filters:format(webp):quality(85)\/cloudfront-us-east-1.images.arcpublishing.com\/infobae\/NVET4YYWHNDD5HJU2PUXAHEML4.jpg 992w,https:\/\/www.infobae.com\/new-resizer\/0DI07-QnWuKWfRRD1jKBvvV2lck=\/1200x675\/filters:format(webp):quality(85)\/cloudfront-us-east-1.images.arcpublishing.com\/infobae\/NVET4YYWHNDD5HJU2PUXAHEML4.jpg 1200w,https:\/\/www.infobae.com\/new-resizer\/Mp_5lJ8I3sfqyuj_GwTs8WEin3Y=\/1440x810\/filters:format(webp):quality(85)\/cloudfront-us-east-1.images.arcpublishing.com\/infobae\/NVET4YYWHNDD5HJU2PUXAHEML4.jpg 1440w\">El viaje es el \u00faltimo paso para que el cadete egresase como guardiamarina. Foto Prensa Armada.<\/p>\n\n\n\n<p><strong>Ese primer viaje comprendi\u00f3 66 d\u00edas de puerto, 104 d\u00edas en el mar y unas 18.257 millas n\u00e1uticas navegadas<\/strong>, visitando puertos del Atl\u00e1ntico como Recife (Brasil), Boston (Estados Unidos), Lisboa (Portugal), Boulogne Sur Mer (Francia), Londres (Inglaterra), Dakar (Senegal), entre otros, contando entre sus invitados a los becados de las Marinas de los Estados Unidos, Paraguay, Per\u00fa, Brasil y Uruguay y los representantes del Ej\u00e9rcito y de la Fuerza A\u00e9rea.<\/p>\n\n\n\n<p>En cada uno de los puertos, los gavieros permanec\u00edan de pie sobre las vergas en rol de honores, tal como es la costumbre en la mayor\u00eda de las armadas que poseen este tipo de buque escuela.<\/p>\n\n\n\n<p>Lo primero que experimentaron los cadetes era&nbsp;<strong>el calor insoportable en el lugar donde dorm\u00edan<\/strong>, ya que justo arriba hab\u00eda una caldereta. Muchos optaban por descansar en la cubierta. En el primer puerto, compraron ventiladores gigantes.<\/p>\n\n\n\n<p>Fue memorable la recepci\u00f3n que les brind\u00f3 la alcaldesa de San Juan de Puerto Rico, con una fiesta descomunal en un hotel.<\/p>\n\n\n\n<p>Durante la estad\u00eda en el puerto de Hamilton, capital de las Bermudas,&nbsp;<strong>soport\u00f3 los embates del hurac\u00e1n Arlene con vientos de 160 kil\u00f3metros por hora<\/strong>. El ojo del hurac\u00e1n, que pas\u00f3 exactamente sobre ese punto, fue claramente visible en el radar de la fragata y a pesar de los destrozos que provoc\u00f3 en la isla,&nbsp;<strong>el buque sali\u00f3 ileso.<\/strong><\/p>\n\n\n\n<p>De ese primer viaje particip\u00f3 el profesor de an\u00e1lisis matem\u00e1tico<strong>&nbsp;Juan Mar\u00eda Alessi<\/strong>, a quien el comandante le encarg\u00f3 registrar acontecimientos del viaje.<\/p>\n\n\n\n<p><img decoding=\"async\" loading=\"lazy\" alt=\"Medalla acu\u00f1ada en homenaje a ese primer viaje de 1963. Foto gentileza Marcelo Tarapow.\" height=\"1600\" width=\"1448\" class=\"\" src=\"https:\/\/cloudfront-us-east-1.images.arcpublishing.com\/infobae\/DKKN5NZDXBEJXEUIDPTURIDBNI.jpg\" srcset=\"https:\/\/www.infobae.com\/new-resizer\/0W1SmSegawU7kUy94HOUPoUBrjw=\/420x560\/filters:format(webp):quality(85)\/cloudfront-us-east-1.images.arcpublishing.com\/infobae\/DKKN5NZDXBEJXEUIDPTURIDBNI.jpg 420w,https:\/\/www.infobae.com\/new-resizer\/22F8O-pRG-3SwJgw2Bgg5T08AB0=\/768x1024\/filters:format(webp):quality(85)\/cloudfront-us-east-1.images.arcpublishing.com\/infobae\/DKKN5NZDXBEJXEUIDPTURIDBNI.jpg 768w,https:\/\/www.infobae.com\/new-resizer\/cHKwFwPLOdIXVV4Z0B5uNw3AX5E=\/992x1323\/filters:format(webp):quality(85)\/cloudfront-us-east-1.images.arcpublishing.com\/infobae\/DKKN5NZDXBEJXEUIDPTURIDBNI.jpg 992w,https:\/\/www.infobae.com\/new-resizer\/_4XFWmKT5ZTQnmEqod-ABHyKRRo=\/1200x1600\/filters:format(webp):quality(85)\/cloudfront-us-east-1.images.arcpublishing.com\/infobae\/DKKN5NZDXBEJXEUIDPTURIDBNI.jpg 1200w\">Medalla acu\u00f1ada en homenaje a ese primer viaje de 1963. Foto gentileza Marcelo Tarapow.<\/p>\n\n\n\n<p><strong>Zavalla<\/strong>, un sanjuanino que en&nbsp;<strong>la campa\u00f1a de 1993 fue el comandante de la fragata<\/strong>, cont\u00f3 que en cierta medida, el buque estuvo involucrado en las alternativas de la guerra fr\u00eda entre Estados Unidos y la Uni\u00f3n Sovi\u00e9tica. Cuando partieron del primer pa\u00eds, desde Bermudas a Europa fueron arrojando cargas de profundidad para medir el impacto del sonido bajo el agua, porque exist\u00eda un proyecto de una universidad que estudiaba la posibilidad de armar una red de hidr\u00f3fonos para transmitir mensajes.<\/p>\n\n\n\n<p>En el puerto de Hamburgo estuvieron quince d\u00edas por reparaciones. Tuvieron que tomar todos los recaudos porque en esos d\u00edas&nbsp;<strong>se hab\u00eda hallado una mina<\/strong>&nbsp;que hab\u00eda sido colocada durante la segunda guerra mundial.<\/p>\n\n\n\n<p>Regresaron el viernes 6 de diciembre de ese a\u00f1o. Desde su primer viaje a la actualidad, la fragata ARA \u201cLibertad\u201d recorri\u00f3 m\u00e1s de 900 mil millas n\u00e1uticas alrededor del mundo y fuera de su apostadero ha pasado el equivalente a 17 a\u00f1os en el mar. Por sus cubiertas han pasado y se han formado alrededor de 12 mil marinos de la Armada Argentina.<\/p>\n\n\n\n<p><strong>Zavalla no particip\u00f3 de la guerra de Malvinas<\/strong>&nbsp;porque en esos meses se encontraba en Alemania, en los astilleros donde se estaba construyendo un submarino que el pa\u00eds hab\u00eda comprado:<strong>&nbsp;el San Juan. Zavalla ser\u00eda su primer comandante.<\/strong><\/p>\n\n\n\n<p>A la inauguraci\u00f3n del monumento a&nbsp;<strong>Jos\u00e9 de San Mart\u00edn<\/strong>&nbsp;en Boulogne sur Mer el 24 de octubre de 1909 viajaron en el buque Pampa 120 granaderos. Uno de ellos Juan Rabuffi falleci\u00f3 en ese pa\u00eds v\u00edctima de una enfermedad pulmonar. En el viaje que la fragata realiz\u00f3 en 1967, si bien no estaba previsto, se hizo una escala y&nbsp;<strong>se trajeron al pa\u00eds sus restos<\/strong>.<\/p>\n\n\n\n<p><img decoding=\"async\" loading=\"lazy\" alt=\"El buque ya lleva sesenta a\u00f1os navegando los mares del mundo. Foto Prensa Armada.\" height=\"480\" width=\"850\" class=\"\" src=\"https:\/\/cloudfront-us-east-1.images.arcpublishing.com\/infobae\/UVTFN4RGWNGZJAPX5N46GFGAWU.jpg\" srcset=\"https:\/\/www.infobae.com\/new-resizer\/S9oGu5_6XDDvkgop9IY9zAM86AI=\/420x236\/filters:format(webp):quality(85)\/cloudfront-us-east-1.images.arcpublishing.com\/infobae\/UVTFN4RGWNGZJAPX5N46GFGAWU.jpg 420w,https:\/\/www.infobae.com\/new-resizer\/ZYUfWbt3Lg9YvrIbh8cAqxRlico=\/768x432\/filters:format(webp):quality(85)\/cloudfront-us-east-1.images.arcpublishing.com\/infobae\/UVTFN4RGWNGZJAPX5N46GFGAWU.jpg 768w,https:\/\/www.infobae.com\/new-resizer\/mwo-ir0gg8ehY4FD39NavHQ3xEM=\/992x558\/filters:format(webp):quality(85)\/cloudfront-us-east-1.images.arcpublishing.com\/infobae\/UVTFN4RGWNGZJAPX5N46GFGAWU.jpg 992w,https:\/\/www.infobae.com\/new-resizer\/OHalEc0PWTulB0p-gIv6QcgdQFQ=\/1200x675\/filters:format(webp):quality(85)\/cloudfront-us-east-1.images.arcpublishing.com\/infobae\/UVTFN4RGWNGZJAPX5N46GFGAWU.jpg 1200w,https:\/\/www.infobae.com\/new-resizer\/iFfsql9LSNGddv-dXRXWz20YTog=\/1440x810\/filters:format(webp):quality(85)\/cloudfront-us-east-1.images.arcpublishing.com\/infobae\/UVTFN4RGWNGZJAPX5N46GFGAWU.jpg 1440w\">El buque ya lleva sesenta a\u00f1os navegando los mares del mundo. Foto Prensa Armada.<\/p>\n\n\n\n<p>El pasado 27 de mayo inici\u00f3 su viaje de instrucci\u00f3n n\u00famero 51. Se calcula que para el 22 arribar\u00e1 a Puerto Espa\u00f1a, en Puerto Rico. Para los m\u00e1s ansiosos que quieran seguir minuto a minuto su derrotero, lo pueden hacer a trav\u00e9s de este link&nbsp;<a href=\"http:\/\/www.armada.mil.ar\/FRLI\/index.html\">http:\/\/www.armada.mil.ar\/FRLI\/index.html<\/a><\/p>\n\n\n\n<p>Al mascar\u00f3n de proa original, si bien nunca naveg\u00f3,\u00a0<strong>se lo puede apreciar en el Museo Naval de Tigre<\/strong>. En ese mismo predio se conserva el puente de mando del Aviso Alf\u00e9rez Sobral, atacado el 3 de mayo de 1982 durante la guerra de Malvinas. All\u00ed fallecieron ocho tripulantes, entre ellos su comandante\u00a0<strong>Sergio G\u00f3mez Roca<\/strong>, quien hab\u00eda sido uno de los cadetes de ese primer viaje de instrucci\u00f3n de la fragata, que tanto nos identifica.<\/p>\n\n\n\n<p>Fuente: Infobae<\/p>\n","protected":false},"excerpt":{"rendered":"<div class=\"mh-excerpt\"><p>La nave luc\u00eda espl\u00e9ndida. Pero al capit\u00e1n de fragata&nbsp;Atilio Porretti&nbsp;hab\u00eda un detalle que no le cerraba:&nbsp;el mascar\u00f3n de proa de la flamante fragata ARA Libertad. Era una bella imagen hecha en bronce por el talentoso escultor&nbsp;Luis Perlotti&nbsp;que representaba a la Rep\u00fablica. Era un muy buen trabajo, pero ten\u00eda un detalle que le jug\u00f3 en contra:&nbsp;su rostro no miraba al horizonte, sino al agua. Al principio no le hicieron demasiado caso pero de tanto insistir, los altos mandos de la Armada le dieron la raz\u00f3n y&nbsp;acordaron quitarlo.&nbsp;De esta forma a las cuatro de la tarde del mi\u00e9rcoles 19 de junio de <a class=\"mh-excerpt-more\" href=\"http:\/\/dsrmedios.com.ar\/diario\/archivos\/35731\" title=\"La fragata Libertad: su viaje inaugural, el mascar\u00f3n que no fue y la historia detr\u00e1s del granadero de San Mart\u00edn\">[Leer m\u00e1s]<\/a><\/p>\n<\/div>","protected":false},"author":8,"featured_media":1889,"comment_status":"open","ping_status":"closed","sticky":false,"template":"","format":"standard","meta":{"_jetpack_newsletter_access":""},"categories":[43],"tags":[],"jetpack_featured_media_url":"http:\/\/dsrmedios.com.ar\/diario\/wp-content\/uploads\/2017\/10\/fragata-libertad.jpg","jetpack_sharing_enabled":true,"jetpack_shortlink":"https:\/\/wp.me\/p9fihK-9ij","_links":{"self":[{"href":"http:\/\/dsrmedios.com.ar\/diario\/wp-json\/wp\/v2\/posts\/35731"}],"collection":[{"href":"http:\/\/dsrmedios.com.ar\/diario\/wp-json\/wp\/v2\/posts"}],"about":[{"href":"http:\/\/dsrmedios.com.ar\/diario\/wp-json\/wp\/v2\/types\/post"}],"author":[{"embeddable":true,"href":"http:\/\/dsrmedios.com.ar\/diario\/wp-json\/wp\/v2\/users\/8"}],"replies":[{"embeddable":true,"href":"http:\/\/dsrmedios.com.ar\/diario\/wp-json\/wp\/v2\/comments?post=35731"}],"version-history":[{"count":1,"href":"http:\/\/dsrmedios.com.ar\/diario\/wp-json\/wp\/v2\/posts\/35731\/revisions"}],"predecessor-version":[{"id":35732,"href":"http:\/\/dsrmedios.com.ar\/diario\/wp-json\/wp\/v2\/posts\/35731\/revisions\/35732"}],"wp:featuredmedia":[{"embeddable":true,"href":"http:\/\/dsrmedios.com.ar\/diario\/wp-json\/wp\/v2\/media\/1889"}],"wp:attachment":[{"href":"http:\/\/dsrmedios.com.ar\/diario\/wp-json\/wp\/v2\/media?parent=35731"}],"wp:term":[{"taxonomy":"category","embeddable":true,"href":"http:\/\/dsrmedios.com.ar\/diario\/wp-json\/wp\/v2\/categories?post=35731"},{"taxonomy":"post_tag","embeddable":true,"href":"http:\/\/dsrmedios.com.ar\/diario\/wp-json\/wp\/v2\/tags?post=35731"}],"curies":[{"name":"wp","href":"https:\/\/api.w.org\/{rel}","templated":true}]}}