{"id":35728,"date":"2023-06-19T12:45:47","date_gmt":"2023-06-19T15:45:47","guid":{"rendered":"http:\/\/dsrmedios.com.ar\/diario\/?p=35728"},"modified":"2023-06-19T12:45:51","modified_gmt":"2023-06-19T15:45:51","slug":"precios-justos-barriales-arranco-con-problemas-de-abastecimiento-y-poco-cumplimiento-de-los-mayoristas","status":"publish","type":"post","link":"http:\/\/dsrmedios.com.ar\/diario\/archivos\/35728","title":{"rendered":"Precios Justos Barriales arranc\u00f3 con problemas de abastecimiento y poco cumplimiento de los mayoristas"},"content":{"rendered":"\n<p>A casi 20 d\u00edas del lanzamiento del programa Precios Justos para los comercios de cercan\u00eda, se advierte que su cumplimiento es muy limitado. Como sucedi\u00f3 en oportunidades anteriores, con los planes&nbsp;<strong>S\u00faper Cerca<\/strong>, impulsado por la gesti\u00f3n de la ex secretaria de Comercio,&nbsp;<strong>Paula Espa\u00f1ol<\/strong>, o el que intent\u00f3 promover su sucesor,&nbsp;<strong>Roberto Feletti<\/strong>, Precios Justos Barriales arranc\u00f3 mal. Los comerciantes dicen que no s\u00f3lo no encuentran todos los productos del listado acordado (en el caso del AMBA, 114 \u00edtems), sino que tampoco los consiguen en todos los supermercados mayoristas que se comprometieron a ser parte de la iniciativa, seg\u00fan contaron a&nbsp;<strong>Infobae<\/strong>.<\/p>\n\n\n\n<p>La Secretar\u00eda de Comercio, encabezada por&nbsp;<strong>Mat\u00edas Tombolini<\/strong>, asegur\u00f3, cuando hizo el anuncio, que los comerciantes minoristas iban a poder adquirir la canasta acordada en siete supermercados mayoristas (Maxiconsumo, Diarco, Yaguar, Vital, Parodi, Makro, Micropack y Nini) y a trav\u00e9s de algunos proveedores que comercializan su mercader\u00eda de forma directa.<\/p>\n\n\n\n<p>Tras escuetas negociaciones con las partes, el Gobierno arm\u00f3 un listado de productos con los precios salidos de f\u00e1brica, los del mayorista y los valores sugeridos de venta al p\u00fablico y lanz\u00f3 el programa. Un detallado relevamiento hecho por este medio detect\u00f3 que, a pesar de los esfuerzos de m\u00e1rgenes realizados por los distintos eslabones de la cadena,&nbsp;<a href=\"https:\/\/www.infobae.com\/economia\/2023\/06\/03\/no-arranca-precios-justos-barriales-en-algunos-casos-se-ubican-hasta-40-por-encima-de-los-que-ofrecen-las-grandes-cadenas\/\" target=\"_blank\" rel=\"noreferrer noopener\">los precios establecidos son hasta 40% m\u00e1s caros que los que ofrecen las grandes cadenas de supermercados.<\/a><\/p>\n\n\n\n<blockquote class=\"wp-block-quote\">\n<p>Los comerciantes advierten que no pueden conseguir todos los productos y que algunos mayoristas no cumplen con lo pactado<\/p>\n<\/blockquote>\n\n\n\n<p>Hoy, a m\u00e1s de dos semanas de lanzado el plan, los comerciantes advierten que no pueden conseguir todos los productos y que algunos mayoristas no cumplen con lo pactado. \u201cHasta el momento, s\u00f3lo Vital es el que medianamente nos est\u00e1 acompa\u00f1ando. El resto no lo est\u00e1 haciendo, a pesar de haber firmado el compromiso\u201d, se quej\u00f3 el presidente de la Federaci\u00f3n de Almaceneros de la Provincia de Buenos Aires (FABA),&nbsp;<strong>Fernando Savore<\/strong>, al tiempo que remarc\u00f3 que \u201c114 productos para un mayorista es un pu\u00f1ado de caramelos. Pero miran para otro lado y no est\u00e1n bajando los precios donde deber\u00edan\u201d.<\/p>\n\n\n\n<p>Consultada al respecto, la presidente de la C\u00e1mara Empresarial de Desarrollo Argentino y Pa\u00edses del Sudeste Asi\u00e1tico (Cedeapsa),&nbsp;<strong>Yolanda Dur\u00e1n<\/strong>, afirm\u00f3 que desde la entidad salieron a corroborar el cumplimiento del programa y detectaron que&nbsp;<strong>de los 100 productos, s\u00f3lo se consigue el 30%<\/strong>. Dijo adem\u00e1s que est\u00e1n a la espera de que el Gobierno les d\u00e9 la se\u00f1al\u00e9tica, ya que por el momento los que adquieren algunos productos los resaltan en la g\u00f3ndola con un cartel escrito a mano.<\/p>\n\n\n\n<p>En el sector mayorista reconocieron que todav\u00eda no cuentan con todos los productos del listado, pero afirmaron que las empresas \u201c<strong>est\u00e1n trabajando con unos 40 o 50 art\u00edculos<\/strong>, que son los que ya las firmas comercializan\u201d. \u201cY se ir\u00e1n incorporando los que se pueda. Pero para que arranque, empez\u00f3 de esta manera\u201d, explicaron las fuentes, quienes tambi\u00e9n reconocieron que&nbsp;<strong>se increment\u00f3 la demanda de esos productos<\/strong>&nbsp;y que la clave ser\u00e1 c\u00f3mo el programa se sostendr\u00e1 en el tiempo.<\/p>\n\n\n\n<p><img decoding=\"async\" loading=\"lazy\" alt=\"Fueron siete los supermercados mayoristas que se comprometieron a ofrecer los m\u00e1s de 100 productos de Precios Justos Barriales\" height=\"2456\" width=\"3696\" class=\"\" src=\"https:\/\/cloudfront-us-east-1.images.arcpublishing.com\/infobae\/S44R2EO5GBGGDFAX62AFTRVVIU.jpg\" srcset=\"https:\/\/www.infobae.com\/new-resizer\/09pynjrOFIi412cFZMybw1IaBIs=\/420x280\/filters:format(webp):quality(85)\/cloudfront-us-east-1.images.arcpublishing.com\/infobae\/S44R2EO5GBGGDFAX62AFTRVVIU.jpg 420w,https:\/\/www.infobae.com\/new-resizer\/Vnh9Fo5vfRxErs1Bm1d8qSPzNT4=\/768x512\/filters:format(webp):quality(85)\/cloudfront-us-east-1.images.arcpublishing.com\/infobae\/S44R2EO5GBGGDFAX62AFTRVVIU.jpg 768w,https:\/\/www.infobae.com\/new-resizer\/nSnW0rtG8ARJUpY5O5X4tiknu3I=\/992x661\/filters:format(webp):quality(85)\/cloudfront-us-east-1.images.arcpublishing.com\/infobae\/S44R2EO5GBGGDFAX62AFTRVVIU.jpg 992w,https:\/\/www.infobae.com\/new-resizer\/lvuqxhoih9p8WYEHydgXPyAZAMY=\/1200x800\/filters:format(webp):quality(85)\/cloudfront-us-east-1.images.arcpublishing.com\/infobae\/S44R2EO5GBGGDFAX62AFTRVVIU.jpg 1200w,https:\/\/www.infobae.com\/new-resizer\/4-VyPBpsTv_a9glAey-5zxuA3wM=\/1440x960\/filters:format(webp):quality(85)\/cloudfront-us-east-1.images.arcpublishing.com\/infobae\/S44R2EO5GBGGDFAX62AFTRVVIU.jpg 1440w\">Fueron siete los supermercados mayoristas que se comprometieron a ofrecer los m\u00e1s de 100 productos de Precios Justos Barriales<\/p>\n\n\n\n<p>En la Secretar\u00eda de Comercio afirmaron que el programa ya est\u00e1 operativo en el \u00e1mbito de los distribuidores y las empresas proveedoras que comercializan de forma directa, pero remarcaron que est\u00e1n trabajando en la implementaci\u00f3n para que todos los comercios de cercan\u00eda tengan acceso a la informaci\u00f3n y puedan comprar los productos. \u201cEso lo estamos articulando con los municipios, ya que la representaci\u00f3n que tenemos de los comercios de cercan\u00eda es acotada. Va a llevar tiempo\u201d, precisaron cerca del secretario Mat\u00edas Tombolini.<\/p>\n\n\n\n<p>De todos modos, ya comenzaron las inspecciones en los principales mayoristas para analizar c\u00f3mo est\u00e1 funcionando, realizar eventuales sanciones y corregir lo que sea necesario hacia adelante. Se relevaron 14 locales el \u00faltimo viernes y se detectaron algunas infracciones. Seg\u00fan fuentes oficiales, en l\u00edneas generales est\u00e1n los productos, pero a veces no est\u00e1 todo, y por otro lado, en algunos casos hay limitaciones de volumen por parte de los mayoristas.<\/p>\n\n\n\n<blockquote class=\"wp-block-quote\">\n<p>El almac\u00e9n que consiga los productos los pondr\u00e1 a la venta, y va a respetar el precio porque si hay abastecimiento, el programa sirve (Savore)<\/p>\n<\/blockquote>\n\n\n\n<p>Savore cont\u00f3 que los comerciantes lo est\u00e1n contactando por este tema y que el principal reclamo es la falta de mercader\u00eda.<\/p>\n\n\n\n<p>\u201cEl almac\u00e9n que consiga los productos los pondr\u00e1 a la venta, y va a respetar el precio porque si hay abastecimiento, el programa sirve\u201d, remarc\u00f3 el dirigente, quien adem\u00e1s agreg\u00f3 que los precios acordados son buenos, m\u00e1s all\u00e1 de que exista alguna diferencia con los que ofrecen las grandes cadenas.<\/p>\n\n\n\n<p>En el caso del aceite, por ejemplo, la diferencia alcanza al 15%, un valor razonable. En otros, como la yerba, el precio sugerido para que comercialicen los peque\u00f1os comercios es 40% m\u00e1s caro que el de los s\u00faper.<\/p>\n\n\n\n<p>Fuente: Infobae<\/p>\n","protected":false},"excerpt":{"rendered":"<div class=\"mh-excerpt\"><p>A casi 20 d\u00edas del lanzamiento del programa Precios Justos para los comercios de cercan\u00eda, se advierte que su cumplimiento es muy limitado. Como sucedi\u00f3 en oportunidades anteriores, con los planes&nbsp;S\u00faper Cerca, impulsado por la gesti\u00f3n de la ex secretaria de Comercio,&nbsp;Paula Espa\u00f1ol, o el que intent\u00f3 promover su sucesor,&nbsp;Roberto Feletti, Precios Justos Barriales arranc\u00f3 mal. Los comerciantes dicen que no s\u00f3lo no encuentran todos los productos del listado acordado (en el caso del AMBA, 114 \u00edtems), sino que tampoco los consiguen en todos los supermercados mayoristas que se comprometieron a ser parte de la iniciativa, seg\u00fan contaron a&nbsp;Infobae. La <a class=\"mh-excerpt-more\" href=\"http:\/\/dsrmedios.com.ar\/diario\/archivos\/35728\" title=\"Precios Justos Barriales arranc\u00f3 con problemas de abastecimiento y poco cumplimiento de los mayoristas\">[Leer m\u00e1s]<\/a><\/p>\n<\/div>","protected":false},"author":8,"featured_media":35729,"comment_status":"open","ping_status":"closed","sticky":false,"template":"","format":"standard","meta":{"_jetpack_newsletter_access":""},"categories":[6],"tags":[],"jetpack_featured_media_url":"http:\/\/dsrmedios.com.ar\/diario\/wp-content\/uploads\/2023\/06\/ZG3PF5XKDFAYXEOCTDEJMPF5ZA.jpg","jetpack_sharing_enabled":true,"jetpack_shortlink":"https:\/\/wp.me\/p9fihK-9ig","_links":{"self":[{"href":"http:\/\/dsrmedios.com.ar\/diario\/wp-json\/wp\/v2\/posts\/35728"}],"collection":[{"href":"http:\/\/dsrmedios.com.ar\/diario\/wp-json\/wp\/v2\/posts"}],"about":[{"href":"http:\/\/dsrmedios.com.ar\/diario\/wp-json\/wp\/v2\/types\/post"}],"author":[{"embeddable":true,"href":"http:\/\/dsrmedios.com.ar\/diario\/wp-json\/wp\/v2\/users\/8"}],"replies":[{"embeddable":true,"href":"http:\/\/dsrmedios.com.ar\/diario\/wp-json\/wp\/v2\/comments?post=35728"}],"version-history":[{"count":1,"href":"http:\/\/dsrmedios.com.ar\/diario\/wp-json\/wp\/v2\/posts\/35728\/revisions"}],"predecessor-version":[{"id":35730,"href":"http:\/\/dsrmedios.com.ar\/diario\/wp-json\/wp\/v2\/posts\/35728\/revisions\/35730"}],"wp:featuredmedia":[{"embeddable":true,"href":"http:\/\/dsrmedios.com.ar\/diario\/wp-json\/wp\/v2\/media\/35729"}],"wp:attachment":[{"href":"http:\/\/dsrmedios.com.ar\/diario\/wp-json\/wp\/v2\/media?parent=35728"}],"wp:term":[{"taxonomy":"category","embeddable":true,"href":"http:\/\/dsrmedios.com.ar\/diario\/wp-json\/wp\/v2\/categories?post=35728"},{"taxonomy":"post_tag","embeddable":true,"href":"http:\/\/dsrmedios.com.ar\/diario\/wp-json\/wp\/v2\/tags?post=35728"}],"curies":[{"name":"wp","href":"https:\/\/api.w.org\/{rel}","templated":true}]}}